{"id":44494,"date":"2024-07-08T12:03:51","date_gmt":"2024-07-08T15:03:51","guid":{"rendered":"https:\/\/atecordoba.org\/?p=44494"},"modified":"2024-07-08T12:13:27","modified_gmt":"2024-07-08T15:13:27","slug":"federico-sturzenegger-un-topo-para-destruir-al-estado-a-calzon-quitado","status":"publish","type":"post","link":"https:\/\/atecordoba.org\/?p=44494","title":{"rendered":"Federico Sturzenegger: un topo para destruir al Estado a calz\u00f3n quitado"},"content":{"rendered":"<div class=\"wp-block-image\">\n<figure class=\"aligncenter size-full is-resized\"><img decoding=\"async\" src=\"https:\/\/atecordoba.org\/wp-content\/uploads\/2024\/07\/stuze.jpg\" alt=\"\" class=\"wp-image-44495\" style=\"width:600px\" \/><\/figure>\n<\/div>\n\n\n<p>La designaci\u00f3n del ex funcionario de Macri, Federico Sturzenegger, en el nuevo Ministerio de Desregulaci\u00f3n y Transformaci\u00f3n del Estado confirma la decisi\u00f3n pol\u00edtica del Gobierno de Javier Milei por destruir el Estado y rifar el ahorro acumulado por generaciones de argentinas y argentinos para desarrollar el bienestar y la soberan\u00eda de nuestro pa\u00eds.<\/p>\n\n\n\n<p>El malpaso de su gesti\u00f3n durante la presidencia del Banco Central que ejerci\u00f3 durante el macrismo no fue obst\u00e1culo para un nombramiento que constituye una verdadera cr\u00f3nica de un fracaso anunciado.<\/p>\n\n\n\n<p>En tal sentido, el nuevo ministro constituye &#8220;otro ataque a las y los estatales y sus puestos de trabajo y por una transformaci\u00f3n del Estado para recortar las funciones que cumplimos las y los trabajadores, garantizando derechos, y se va a traducir en la eliminaci\u00f3n de las pol\u00edticas p\u00fablicas para la poblaci\u00f3n&#8221;, evalu\u00f3 la secretaria de Acci\u00f3n Pol\u00edtica de ATE C\u00f3rdoba, Alejandra Agnone.<\/p>\n\n\n\n<p>&#8220;La designaci\u00f3n del ministro, a la luz de los antecedentes y en funci\u00f3n de lo anuncio previamente, implica el desconocimiento de la Constituci\u00f3n Nacional y los pactos internacionales respecto a la estabilidad del empleo p\u00fablico y al deber del Estado de velar por los derechos humanos indispensables para las personas&#8221;, apunt\u00f3 Agnone.<\/p>\n\n\n\n<p>Este ministerio de Desregulaci\u00f3n  y Transformaci\u00f3n del Estado asume competencias que ten\u00edan hasta el momento carteras como Defensa, Capital Humano, Econom\u00eda y Salud. y su creaci\u00f3n genera impacto en la Ley Marco de Regulaci\u00f3n de Empleo P\u00fablico Nacional (Ley 25164), ya que el decreto ordena &#8220;determinar el \u00f3rgano rector en materia de empleo p\u00fablico&#8221;.<\/p>\n\n\n\n<p>Entre sus antecedentes, Sturzenegger fue el culpable de implementar la bicicleta financiera que deriv\u00f3 en un fenomenal aumento de la deuda externa del macrismo, con sus implicancias en la calidad de vida de la poblaci\u00f3n, la fuga de capitales que licu\u00f3 los ahorros p\u00fablicos y maniat\u00f3 la pol\u00edtica de los gobiernos posteriores. Ahora tendr\u00e1 a cargo&nbsp;tendr\u00e1 tres subsecretar\u00edas que se dedicar\u00e1n exclusivamente a la desregulaci\u00f3n del Estado: de Transformaci\u00f3n y Reforma del Estado, de Simplificaci\u00f3n del Estado y de Desarrollo y Modernizaci\u00f3n del Empleo P\u00fablico, que hasta ahora depend\u00edan de la Jefatura de Gabinete.&nbsp;<\/p>\n\n\n\n<p>Ahora, el economista pretende liquidar los bienes del Estado que no pasaron el filtro del Congreso en la reciente Ley de Bases. El ministerio que ocupar\u00e1 Sturzenegger es una nueva versi\u00f3n del que tuvo en su momento Mauricio Macri, que&nbsp;ocup\u00f3&nbsp;Andr\u00e9s Ibarra y que se llamaba de Modernizaci\u00f3n.<\/p>\n\n\n\n<p>&#8220;Esta etapa significar\u00e1 un enorme retroceso y la p\u00e9rdida de soberan\u00eda en funciones que son indelegables para el Estado nacional&#8221;, concluye la secretaria de Acci\u00f3n Pol\u00edtica de ATE C\u00f3rdoba.<\/p>\n\n\n\n<p><\/p>\n","protected":false},"excerpt":{"rendered":"<p>La designaci\u00f3n del ex funcionario de Macri, Federico Sturzenegger, en el nuevo Ministerio de Desregulaci\u00f3n y Transformaci\u00f3n del Estado confirma la decisi\u00f3n pol\u00edtica del Gobierno de Javier Milei por destruir el Estado y rifar el ahorro acumulado por generaciones de argentinas y argentinos para desarrollar el bienestar y la soberan\u00eda de nuestro pa\u00eds. El malpaso [&hellip;]<\/p>\n","protected":false},"author":7,"featured_media":44495,"comment_status":"open","ping_status":"open","sticky":false,"template":"","format":"standard","meta":{"_exactmetrics_skip_tracking":false,"_exactmetrics_sitenote_active":false,"_exactmetrics_sitenote_note":"","_exactmetrics_sitenote_category":0,"jnews-multi-image_gallery":[],"jnews_single_post":{"subtitle":"El nuevo ministro constituye \"otro ataque a las y los estatales y sus puestos de trabajo y por una transformaci\u00f3n del Estado para recortar las funciones que cumplimos las y los trabajadores, garantizando derechos, y se va a traducir en la eliminaci\u00f3n de las pol\u00edticas p\u00fablicas para la poblaci\u00f3n\", evalu\u00f3 la secretaria de Acci\u00f3n Pol\u00edtica de ATE C\u00f3rdoba, Alejandra Agnone.","format":"standard","video":"","gallery":"","source_name":"","source_url":"","via_name":"","via_url":"","override_template":"0","override":[{"template":"1","single_blog_custom":"","parallax":"1","fullscreen":"1","layout":"no-sidebar-narrow","sidebar":"default-sidebar","second_sidebar":"default-sidebar","sticky_sidebar":"1","share_position":"bottom","share_float_style":"share-monocrhome","show_share_counter":"1","show_view_counter":"1","show_featured":"0","show_post_meta":"1","show_post_author":"0","show_post_author_image":"1","show_post_date":"1","post_date_format":"default","post_date_format_custom":"Y\/m\/d","show_post_category":"1","show_post_reading_time":"0","post_reading_time_wpm":"300","show_zoom_button":"0","zoom_button_out_step":"2","zoom_button_in_step":"3","show_post_tag":"1","show_prev_next_post":"0","show_popup_post":"0","number_popup_post":"1","show_author_box":"0","show_post_related":"1","show_inline_post_related":"0"}],"override_image_size":"0","image_override":[{"single_post_thumbnail_size":"crop-500","single_post_gallery_size":"crop-500"}],"trending_post":"0","trending_post_position":"meta","trending_post_label":"Trending","sponsored_post":"0","sponsored_post_label":"Sponsored by","sponsored_post_name":"","sponsored_post_url":"","sponsored_post_logo_enable":"0","sponsored_post_logo":"","sponsored_post_desc":"","disable_ad":"0"},"jnews_primary_category":{"id":"","hide":""},"jnews_social_meta":{"fb_title":"","fb_description":"","fb_image":"","twitter_title":"","twitter_description":"","twitter_image":""},"jnews_review":[],"enable_review":"0","type":"percentage","name":"","summary":"","brand":"","sku":"","good":[{"good_text":""}],"bad":[{"bad_text":""}],"score_override":"0","override_value":"","rating":[{"rating_text":"","rating_number":"10"}],"price":[{"shop":"","price":"","link":"","icon":""}],"jnews_override_counter":{"override_view_counter":"0","view_counter_number":"0","override_share_counter":"0","share_counter_number":"0","override_like_counter":"0","like_counter_number":"0","override_dislike_counter":"0","dislike_counter_number":"0"},"jnews_post_split":{"enable_post_split":"0","post_split":[{"template":"1","tag":"h2","numbering":"asc","mode":"normal","first":"0","enable_toc":"0","toc_type":"normal"}]},"footnotes":""},"categories":[10],"tags":[],"class_list":["post-44494","post","type-post","status-publish","format-standard","has-post-thumbnail","hentry","category-accion-politica"],"jetpack_featured_media_url":"https:\/\/atecordoba.org\/wp-content\/uploads\/2024\/07\/stuze-e1720450890208.jpg","_links":{"self":[{"href":"https:\/\/atecordoba.org\/index.php?rest_route=\/wp\/v2\/posts\/44494","targetHints":{"allow":["GET"]}}],"collection":[{"href":"https:\/\/atecordoba.org\/index.php?rest_route=\/wp\/v2\/posts"}],"about":[{"href":"https:\/\/atecordoba.org\/index.php?rest_route=\/wp\/v2\/types\/post"}],"author":[{"embeddable":true,"href":"https:\/\/atecordoba.org\/index.php?rest_route=\/wp\/v2\/users\/7"}],"replies":[{"embeddable":true,"href":"https:\/\/atecordoba.org\/index.php?rest_route=%2Fwp%2Fv2%2Fcomments&post=44494"}],"version-history":[{"count":2,"href":"https:\/\/atecordoba.org\/index.php?rest_route=\/wp\/v2\/posts\/44494\/revisions"}],"predecessor-version":[{"id":44498,"href":"https:\/\/atecordoba.org\/index.php?rest_route=\/wp\/v2\/posts\/44494\/revisions\/44498"}],"wp:featuredmedia":[{"embeddable":true,"href":"https:\/\/atecordoba.org\/index.php?rest_route=\/wp\/v2\/media\/44495"}],"wp:attachment":[{"href":"https:\/\/atecordoba.org\/index.php?rest_route=%2Fwp%2Fv2%2Fmedia&parent=44494"}],"wp:term":[{"taxonomy":"category","embeddable":true,"href":"https:\/\/atecordoba.org\/index.php?rest_route=%2Fwp%2Fv2%2Fcategories&post=44494"},{"taxonomy":"post_tag","embeddable":true,"href":"https:\/\/atecordoba.org\/index.php?rest_route=%2Fwp%2Fv2%2Ftags&post=44494"}],"curies":[{"name":"wp","href":"https:\/\/api.w.org\/{rel}","templated":true}]}}