{"id":44483,"date":"2024-07-08T10:30:30","date_gmt":"2024-07-08T13:30:30","guid":{"rendered":"https:\/\/atecordoba.org\/?p=44483"},"modified":"2024-07-08T10:34:25","modified_gmt":"2024-07-08T13:34:25","slug":"ctaa-encuentro-provincial-de-la-militancia","status":"publish","type":"post","link":"https:\/\/atecordoba.org\/?p=44483","title":{"rendered":"CTAA: Encuentro Provincial de la Militancia"},"content":{"rendered":"<div class=\"wp-block-image\">\n<figure class=\"aligncenter size-large is-resized\"><img loading=\"lazy\" decoding=\"async\" width=\"1024\" height=\"1024\" src=\"https:\/\/atecordoba.org\/wp-content\/uploads\/2024\/07\/ctaflyer-1-1024x1024.jpg\" alt=\"\" class=\"wp-image-44485\" style=\"width:600px\" srcset=\"https:\/\/atecordoba.org\/wp-content\/uploads\/2024\/07\/ctaflyer-1-1024x1024.jpg 1024w, https:\/\/atecordoba.org\/wp-content\/uploads\/2024\/07\/ctaflyer-1-300x300.jpg 300w, https:\/\/atecordoba.org\/wp-content\/uploads\/2024\/07\/ctaflyer-1-150x150.jpg 150w, https:\/\/atecordoba.org\/wp-content\/uploads\/2024\/07\/ctaflyer-1-768x768.jpg 768w, https:\/\/atecordoba.org\/wp-content\/uploads\/2024\/07\/ctaflyer-1-560x560.jpg 560w, https:\/\/atecordoba.org\/wp-content\/uploads\/2024\/07\/ctaflyer-1-75x75.jpg 75w, https:\/\/atecordoba.org\/wp-content\/uploads\/2024\/07\/ctaflyer-1-350x350.jpg 350w, https:\/\/atecordoba.org\/wp-content\/uploads\/2024\/07\/ctaflyer-1-750x750.jpg 750w, https:\/\/atecordoba.org\/wp-content\/uploads\/2024\/07\/ctaflyer-1.jpg 1080w\" sizes=\"auto, (max-width: 1024px) 100vw, 1024px\" \/><\/figure>\n<\/div>\n\n\n<p>Este martes 9 de julio, D\u00eda de la Independencia, tendr\u00e1 lugar el Encuentro Provincial de la Militancia de la CTA Aut\u00f3noma en el Club Germinar de la ciudad de C\u00f3rdoba. Una oportunidad para confraternizar, someter a debate la coyuntura, poner en com\u00fan el pensamiento y la acci\u00f3n para salir de esta encrucijada desde abajo hacia arriba y desde la periferia al centro. No ser\u00e1n los que gobernaron el pa\u00eds los \u00faltimos 20 a\u00f1os los que van a solucionar los graves problemas que padecemos como pueblo y que se han agudizado notablemente a partir del 10 de diciembre con el Gobierno cipayo de Milei.<\/p>\n\n\n\n<p>Federico Giuliani, Secretario General de la CTA Aut\u00f3noma C\u00f3rdoba, apunt\u00f3 que \u201cvamos hacia un Encuentro Provincial de la Militancia de nuestra Central donde se organizan trabajadores que est\u00e1n ocupados, en blanco o en negro, desocupados, jubilados. todos los que se sienten parte de la clase trabajadora. Para recuperar ese esp\u00edritu el 9 de julio, que es el D\u00eda de la Independencia Nacional, vamos a discutir en el Club Germinar -en la zona sur de la ciudad de C\u00f3rdoba- no s\u00f3lo la situaci\u00f3n en la que estamos sino con qu\u00e9 propuesta salimos y aprobar un Plan de Acci\u00f3n\u201d.<\/p>\n\n\n\n<p>\u201cTenemos que salir a multiplicar esta idea de que no nos podemos sentar c\u00f3modamente a esperar que la realidad cambie. Eso no va suceder, y tampoco pedir migajas a los que mandan, tenemos que empezar a discutir pol\u00edtica de verdad, y la pol\u00edtica discutida desde y por los trabajadores y la militancia del territorio tiene un valor incalculable\u201d, subray\u00f3.<\/p>\n\n\n\n<p>Por \u00faltimo, Giuliani expres\u00f3: \u201cLa primera unidad para cambiar la realidad est\u00e1 ac\u00e1, entre nosotros, porque una vez que decidamos qu\u00e9 vamos a hacer tenemos que salir todos juntos, no hay ni un \u2018cachito\u2019 as\u00ed de grieta, porque los poderosos cuando se juntan vienen por todos y por todo. Para cambiar esta triste realidad tenemos que estar unidos, no nos tiene que tener quietos, nos tiene que tener ocupados, nos tiene que tener comprometidos, ejerciendo los valores de la solidaridad y la coherencia. Sobre todo, ser coherentes entre lo que decimos y lo que hacemos y claramente nosotros somos lo que hacemos\u201d.<\/p>\n\n\n\n<p>La cita es en 11 de septiembre 4187, Club Germinal (EX Fiat), a partir de las 10 horas.<\/p>\n","protected":false},"excerpt":{"rendered":"<p>Este martes 9 de julio, D\u00eda de la Independencia, tendr\u00e1 lugar el Encuentro Provincial de la Militancia de la CTA Aut\u00f3noma en el Club Germinar de la ciudad de C\u00f3rdoba. Una oportunidad para confraternizar, someter a debate la coyuntura, poner en com\u00fan el pensamiento y la acci\u00f3n para salir de esta encrucijada desde abajo hacia [&hellip;]<\/p>\n","protected":false},"author":7,"featured_media":44071,"comment_status":"open","ping_status":"open","sticky":false,"template":"","format":"standard","meta":{"_exactmetrics_skip_tracking":false,"_exactmetrics_sitenote_active":false,"_exactmetrics_sitenote_note":"","_exactmetrics_sitenote_category":0,"jnews-multi-image_gallery":[],"jnews_single_post":{"subtitle":"\u201cTenemos que salir a multiplicar esta idea de que no nos podemos sentar c\u00f3modamente a esperar que la realidad cambie. Eso no va suceder, y tampoco pedir migajas a los que mandan, tenemos que empezar a discutir pol\u00edtica de verdad, y la pol\u00edtica discutida desde y por los trabajadores y la militancia del territorio tiene un valor incalculable\u201d, subray\u00f3 el secretario General de ATE y la CTAA C\u00f3rdoba, Federico Giuliani. ","format":"standard","video":"","gallery":"","source_name":"","source_url":"","via_name":"","via_url":"","override_template":"0","override":[{"template":"1","single_blog_custom":"","parallax":"1","fullscreen":"1","layout":"no-sidebar-narrow","sidebar":"default-sidebar","second_sidebar":"default-sidebar","sticky_sidebar":"1","share_position":"bottom","share_float_style":"share-monocrhome","show_share_counter":"1","show_view_counter":"1","show_featured":"0","show_post_meta":"1","show_post_author":"0","show_post_author_image":"1","show_post_date":"1","post_date_format":"default","post_date_format_custom":"Y\/m\/d","show_post_category":"1","show_post_reading_time":"0","post_reading_time_wpm":"300","show_zoom_button":"0","zoom_button_out_step":"2","zoom_button_in_step":"3","show_post_tag":"1","show_prev_next_post":"0","show_popup_post":"0","number_popup_post":"1","show_author_box":"0","show_post_related":"1","show_inline_post_related":"0"}],"override_image_size":"0","image_override":[{"single_post_thumbnail_size":"crop-500","single_post_gallery_size":"crop-500"}],"trending_post":"0","trending_post_position":"meta","trending_post_label":"Trending","sponsored_post":"0","sponsored_post_label":"Sponsored by","sponsored_post_name":"","sponsored_post_url":"","sponsored_post_logo_enable":"0","sponsored_post_logo":"","sponsored_post_desc":"","disable_ad":"0"},"jnews_primary_category":{"id":"","hide":""},"jnews_social_meta":{"fb_title":"","fb_description":"","fb_image":"","twitter_title":"","twitter_description":"","twitter_image":""},"jnews_review":[],"enable_review":"0","type":"percentage","name":"","summary":"","brand":"","sku":"","good":[{"good_text":""}],"bad":[{"bad_text":""}],"score_override":"0","override_value":"","rating":[{"rating_text":"","rating_number":"10"}],"price":[{"shop":"","price":"","link":"","icon":""}],"jnews_override_counter":{"override_view_counter":"0","view_counter_number":"0","override_share_counter":"0","share_counter_number":"0","override_like_counter":"0","like_counter_number":"0","override_dislike_counter":"0","dislike_counter_number":"0"},"jnews_post_split":{"enable_post_split":"0","post_split":[{"template":"1","tag":"h2","numbering":"asc","mode":"normal","first":"0","enable_toc":"0","toc_type":"normal"}]},"footnotes":""},"categories":[92],"tags":[],"class_list":["post-44483","post","type-post","status-publish","format-standard","has-post-thumbnail","hentry","category-cta"],"jetpack_featured_media_url":"https:\/\/atecordoba.org\/wp-content\/uploads\/2024\/06\/WhatsApp-Image-2024-06-12-at-17.36.35-2-scaled-e1720445653513.jpeg","_links":{"self":[{"href":"https:\/\/atecordoba.org\/index.php?rest_route=\/wp\/v2\/posts\/44483","targetHints":{"allow":["GET"]}}],"collection":[{"href":"https:\/\/atecordoba.org\/index.php?rest_route=\/wp\/v2\/posts"}],"about":[{"href":"https:\/\/atecordoba.org\/index.php?rest_route=\/wp\/v2\/types\/post"}],"author":[{"embeddable":true,"href":"https:\/\/atecordoba.org\/index.php?rest_route=\/wp\/v2\/users\/7"}],"replies":[{"embeddable":true,"href":"https:\/\/atecordoba.org\/index.php?rest_route=%2Fwp%2Fv2%2Fcomments&post=44483"}],"version-history":[{"count":1,"href":"https:\/\/atecordoba.org\/index.php?rest_route=\/wp\/v2\/posts\/44483\/revisions"}],"predecessor-version":[{"id":44486,"href":"https:\/\/atecordoba.org\/index.php?rest_route=\/wp\/v2\/posts\/44483\/revisions\/44486"}],"wp:featuredmedia":[{"embeddable":true,"href":"https:\/\/atecordoba.org\/index.php?rest_route=\/wp\/v2\/media\/44071"}],"wp:attachment":[{"href":"https:\/\/atecordoba.org\/index.php?rest_route=%2Fwp%2Fv2%2Fmedia&parent=44483"}],"wp:term":[{"taxonomy":"category","embeddable":true,"href":"https:\/\/atecordoba.org\/index.php?rest_route=%2Fwp%2Fv2%2Fcategories&post=44483"},{"taxonomy":"post_tag","embeddable":true,"href":"https:\/\/atecordoba.org\/index.php?rest_route=%2Fwp%2Fv2%2Ftags&post=44483"}],"curies":[{"name":"wp","href":"https:\/\/api.w.org\/{rel}","templated":true}]}}