{"id":44482,"date":"2024-07-08T10:57:36","date_gmt":"2024-07-08T13:57:36","guid":{"rendered":"https:\/\/atecordoba.org\/?p=44482"},"modified":"2024-07-08T15:19:21","modified_gmt":"2024-07-08T18:19:21","slug":"ate-repudia-el-cierre-de-las-programaciones-locales-de-radio-nacional","status":"publish","type":"post","link":"https:\/\/atecordoba.org\/?p=44482","title":{"rendered":"ATE repudia el cierre de las programaciones locales de Radio Nacional"},"content":{"rendered":"<div class=\"wp-block-image\">\n<figure class=\"aligncenter size-full is-resized\"><img decoding=\"async\" src=\"https:\/\/atecordoba.org\/wp-content\/uploads\/2024\/07\/radio-nacional-bandera-1.jpg\" alt=\"\" class=\"wp-image-44489\" style=\"width:600px\" \/><\/figure>\n<\/div>\n\n\n<p>ATE C\u00f3rdoba repudia en\u00e9rgicamente el anuncio del Gobierno de Javier Milei respecto al cierre de las programaciones locales de la red de emisoras de Radio Nacional, que retrasmitir\u00e1n la programaci\u00f3n emitida en Capital Federal.<\/p>\n\n\n\n<p>En el caso de Radio Nacional C\u00f3rdoba el impacto de la medida implica el levantamiento de la programaci\u00f3n matutina pero a lo largo y ancho del territorio nacional las 49 emisoras que existentes deber\u00e1n retransmitir lo producido por LRA1 RN Buenos Aires. <\/p>\n\n\n\n<p>As\u00ed, las audiencias locales perder\u00e1n el contenido que relata las realidades en cada provincia.<\/p>\n\n\n\n<p>La medida se realiza en el marco de la intervenci\u00f3n de los medios p\u00fablicos que el Gobierno de Javier Milei sostiene desde febrero de este a\u00f1o, que abarca Radio y Televisi\u00f3n Argentina Sociedad del Estado (RTASE). Esta empresa estaba en el listado de las cuales el presidente propuso privatizar con la aprobaci\u00f3n de la Ley Bases, algo que al final no sucedi\u00f3.<\/p>\n\n\n\n<p>Sin privatizaci\u00f3n, el oficialismo nacional avanza con el vaciamiento expl\u00edcito del contenido a nivel local.<\/p>\n\n\n\n<p>Se trata de otra muestra del centralismo unitario que impone el gobierno nacional, destruyendo las herramientas que el Estado construy\u00f3 durante d\u00e9cadas para garantizar soberan\u00eda comunicacional a las poblaciones de nuestro pa\u00eds. La decisi\u00f3n de la intervenci\u00f3n de&nbsp;Radio Televisi\u00f3n Argentina Sociedad del Estado (RTA-SE), se sum\u00f3 a la incertidumbre que ya viven los trabajadores y las trabajadoras de la radio p\u00fablica, a partir de, la amenaza de cierre, posteriormente del desfinanciamiento, la ca\u00edda de contratos y las presiones constantes a quienes se desempe\u00f1an en las distintas radios diseminadas en todas las provincias argentinas.<\/p>\n\n\n\n<p><strong>Vaciamiento <\/strong><\/p>\n\n\n\n<p>&#8220;Este anuncio se inscribe en el vaciamiento de la radio p\u00fablica, que se manifiesta duramente los fines de semana y los feriados: no hay programas en ninguna emisora, incluyendo Buenos Aires&#8221;, expres\u00f3 en un comunicado la&nbsp;Federaci\u00f3n Argentina de Trabajadores de Prensa&nbsp;(Fatpren).<\/p>\n\n\n\n<p>&#8220;Desde Fatpren y sus sindicatos de base repudiamos esta decisi\u00f3n, porque atenta contra el car\u00e1cter federal de la radio p\u00fablica. La programaci\u00f3n local de cada emisora garantiza que se informe seg\u00fan lo que ocurre en cada lugar, que se escuchen todas las voces en todo el pa\u00eds, que se fomenten la cultura y las econom\u00edas regionales, que se promuevan derechos y la identidad de nuestro pueblo en cada uno de los rincones de la Patria&#8221;, continu\u00f3 el documento rechazando la disposici\u00f3n.&nbsp;<\/p>\n\n\n\n<p>Fatpren finaliz\u00f3: &#8220;Exigimos se ponga un freno al silenciamiento de las emisoras de Radio Nacional, que nunca recuperaron sus redes sociales, en el \u201cproceso de reorganizaci\u00f3n\u201d que esta gesti\u00f3n lleva adelante.&nbsp;En el 87\u00b0 aniversario de la radio p\u00fablica, sus trabajadores la defendemos como siempre hemos hecho: en compa\u00f1\u00eda de su audiencia&#8221;.<\/p>\n\n\n\n<p><\/p>\n\n\n\n<p><\/p>\n","protected":false},"excerpt":{"rendered":"<p>ATE C\u00f3rdoba repudia en\u00e9rgicamente el anuncio del Gobierno de Javier Milei respecto al cierre de las programaciones locales de la red de emisoras de Radio Nacional, que retrasmitir\u00e1n la programaci\u00f3n emitida en Capital Federal. En el caso de Radio Nacional C\u00f3rdoba el impacto de la medida implica el levantamiento de la programaci\u00f3n matutina pero a [&hellip;]<\/p>\n","protected":false},"author":7,"featured_media":44489,"comment_status":"open","ping_status":"open","sticky":false,"template":"","format":"standard","meta":{"_exactmetrics_skip_tracking":false,"_exactmetrics_sitenote_active":false,"_exactmetrics_sitenote_note":"","_exactmetrics_sitenote_category":0,"jnews-multi-image_gallery":[],"jnews_single_post":{"subtitle":"Se trata de otra muestra del centralismo unitario que impone el gobierno nacional, destruyendo las herramientas que el Estado construy\u00f3 durante d\u00e9cadas para garantizar soberan\u00eda comunicacional a las poblaciones de nuestro pa\u00eds.","format":"standard","video":"","gallery":"","source_name":"","source_url":"","via_name":"","via_url":"","override_template":"0","override":[{"template":"1","single_blog_custom":"","parallax":"1","fullscreen":"1","layout":"no-sidebar-narrow","sidebar":"default-sidebar","second_sidebar":"default-sidebar","sticky_sidebar":"1","share_position":"bottom","share_float_style":"share-monocrhome","show_share_counter":"1","show_view_counter":"1","show_featured":"0","show_post_meta":"1","show_post_author":"0","show_post_author_image":"1","show_post_date":"1","post_date_format":"default","post_date_format_custom":"Y\/m\/d","show_post_category":"1","show_post_reading_time":"0","post_reading_time_wpm":"300","show_zoom_button":"0","zoom_button_out_step":"2","zoom_button_in_step":"3","show_post_tag":"1","show_prev_next_post":"0","show_popup_post":"0","number_popup_post":"1","show_author_box":"0","show_post_related":"1","show_inline_post_related":"0"}],"override_image_size":"0","image_override":[{"single_post_thumbnail_size":"crop-500","single_post_gallery_size":"crop-500"}],"trending_post":"0","trending_post_position":"meta","trending_post_label":"Trending","sponsored_post":"0","sponsored_post_label":"Sponsored by","sponsored_post_name":"","sponsored_post_url":"","sponsored_post_logo_enable":"0","sponsored_post_logo":"","sponsored_post_desc":"","disable_ad":"0"},"jnews_primary_category":{"id":"","hide":""},"jnews_social_meta":{"fb_title":"","fb_description":"","fb_image":"","twitter_title":"","twitter_description":"","twitter_image":""},"jnews_review":[],"enable_review":"0","type":"percentage","name":"","summary":"","brand":"","sku":"","good":[{"good_text":""}],"bad":[{"bad_text":""}],"score_override":"0","override_value":"","rating":[{"rating_text":"","rating_number":"10"}],"price":[{"shop":"","price":"","link":"","icon":""}],"jnews_override_counter":{"override_view_counter":"0","view_counter_number":"0","override_share_counter":"0","share_counter_number":"0","override_like_counter":"0","like_counter_number":"0","override_dislike_counter":"0","dislike_counter_number":"0"},"jnews_post_split":{"enable_post_split":"0","post_split":[{"template":"1","tag":"h2","numbering":"asc","mode":"normal","first":"0","enable_toc":"0","toc_type":"normal"}]},"footnotes":""},"categories":[18],"tags":[],"class_list":["post-44482","post","type-post","status-publish","format-standard","has-post-thumbnail","hentry","category-nacionales"],"jetpack_featured_media_url":"https:\/\/atecordoba.org\/wp-content\/uploads\/2024\/07\/radio-nacional-bandera-1-e1720447017991.jpg","_links":{"self":[{"href":"https:\/\/atecordoba.org\/index.php?rest_route=\/wp\/v2\/posts\/44482","targetHints":{"allow":["GET"]}}],"collection":[{"href":"https:\/\/atecordoba.org\/index.php?rest_route=\/wp\/v2\/posts"}],"about":[{"href":"https:\/\/atecordoba.org\/index.php?rest_route=\/wp\/v2\/types\/post"}],"author":[{"embeddable":true,"href":"https:\/\/atecordoba.org\/index.php?rest_route=\/wp\/v2\/users\/7"}],"replies":[{"embeddable":true,"href":"https:\/\/atecordoba.org\/index.php?rest_route=%2Fwp%2Fv2%2Fcomments&post=44482"}],"version-history":[{"count":3,"href":"https:\/\/atecordoba.org\/index.php?rest_route=\/wp\/v2\/posts\/44482\/revisions"}],"predecessor-version":[{"id":44504,"href":"https:\/\/atecordoba.org\/index.php?rest_route=\/wp\/v2\/posts\/44482\/revisions\/44504"}],"wp:featuredmedia":[{"embeddable":true,"href":"https:\/\/atecordoba.org\/index.php?rest_route=\/wp\/v2\/media\/44489"}],"wp:attachment":[{"href":"https:\/\/atecordoba.org\/index.php?rest_route=%2Fwp%2Fv2%2Fmedia&parent=44482"}],"wp:term":[{"taxonomy":"category","embeddable":true,"href":"https:\/\/atecordoba.org\/index.php?rest_route=%2Fwp%2Fv2%2Fcategories&post=44482"},{"taxonomy":"post_tag","embeddable":true,"href":"https:\/\/atecordoba.org\/index.php?rest_route=%2Fwp%2Fv2%2Ftags&post=44482"}],"curies":[{"name":"wp","href":"https:\/\/api.w.org\/{rel}","templated":true}]}}