{"id":4447,"date":"2014-09-08T18:21:27","date_gmt":"2014-09-08T21:21:27","guid":{"rendered":"http:\/\/www.atecordoba.org\/?p=4447"},"modified":"2014-09-08T18:21:27","modified_gmt":"2014-09-08T21:21:27","slug":"trabajadores-del-indec-en-cordoba","status":"publish","type":"post","link":"https:\/\/atecordoba.org\/?p=4447","title":{"rendered":"Trabajadores del INDEC en C\u00f3rdoba"},"content":{"rendered":"<p><em>El viernes pasado una delegaci\u00f3n de compa\u00f1eros del organismo estad\u00edstico present\u00f3 el libro \u2018No somos c\u00f3mplices de la mentira\u2019, texto que detalla la historia de la intervenci\u00f3n y dieron una conferencia en la Universidad nacional de C\u00f3rdoba titulada \u2018El Indec y la destrucci\u00f3n de las estad\u00edsticas p\u00fablicas, impactos sociales, pol\u00edticos y en la producci\u00f3n de conocimientos cient\u00edficos\u2019.<\/em><\/p>\n<p><a href=\"http:\/\/www.atecordoba.org\/wp-content\/uploads\/2014\/09\/indec-5.jpg\"><img loading=\"lazy\" decoding=\"async\" class=\"aligncenter wp-image-4448\" src=\"http:\/\/www.atecordoba.org\/wp-content\/uploads\/2014\/09\/indec-5-1024x516.jpg\" alt=\"indec 5\" width=\"607\" height=\"306\" \/><\/a><\/p>\n<p>La charla se realiz\u00f3 en la Facultad de Psicolog\u00eda de la Universidad Nacional de C\u00f3rdoba, organizada por la Secretar\u00eda de Formaci\u00f3n, Investigaci\u00f3n y Estad\u00edstica de la CTA y ATE C\u00f3rdoba. En la oportunidad estuvieron presentes los compa\u00f1eros Cynthia Pok, Ana Mar\u00eda Papa, Adela Zaltzman y Claudio Rafael Castro de la Junta Interna de ATE-INDEC, que compartieron su experiencia de lucha y resistencia en torno a la destrucci\u00f3n de las estad\u00edsticas p\u00fablicas dentro del organismo, y presentaron su reciente libro \u201cNo somos c\u00f3mplices de la mentira\u201d.<\/p>\n<p>Por su parte, la docente Silvina Brussino -directora del Equipo de Psicolog\u00eda Pol\u00edtica de la UNC e investigadora del CONICET- comparti\u00f3 reflexiones en<a href=\"http:\/\/www.atecordoba.org\/wp-content\/uploads\/2014\/09\/indec-9.jpg\"><img loading=\"lazy\" decoding=\"async\" class=\"alignright wp-image-4449 \" src=\"http:\/\/www.atecordoba.org\/wp-content\/uploads\/2014\/09\/indec-9-e1410210864934.jpg\" alt=\"indec 9\" width=\"416\" height=\"312\" \/><\/a> torno al impacto que tiene esta ausencia de estad\u00edsticas confiables en el dise\u00f1o y ejecuci\u00f3n de la investigaci\u00f3n social, el dise\u00f1o de pol\u00edticas p\u00fablicas y la producci\u00f3n de conocimientos cient\u00edficos de utilidad y relevancia social para nuestro pueblo. Luego, el compa\u00f1ero Francisco Pavan, secretario general de la CTA C\u00f3rdoba capital y miembro del CDP de ATE, reflexion\u00f3 sobre el impacto social y pol\u00edtico de esta pol\u00edtica de la mentira y el fraude, y el rol fundamental de los trabajadores del Estado en esta lucha.<\/p>\n<p>Tras la presentaci\u00f3n de la compa\u00f1era Debora Imhof, Cynthia Pok, directora desplazada de la Encuesta Permanente de Hogares (EPH), explic\u00f3 que en el libro se relatan estos siete a\u00f1os de lucha de los trabajadores del INDEC en contra de la manipulaci\u00f3n de las mediciones de pobreza e indigencia que informa el gobierno.<\/p>\n<p>\u201cHace poco tiempo se publicaron datos de la pobreza en el pa\u00eds que no reflejaban la realidad porque eran en base a precios manipulados por el gobierno, pero si para medir ese \u00edndice utilizamos la metodolog\u00eda tradicional del INDEC podemos decir que estamos en el orden del 24% de pobres y si recurrimos a las nuevas metodolog\u00edas, que ya est\u00e1n reconocidas, estamos en casi el 41%\u201d, se\u00f1al\u00f3 Pok.<\/p>\n<p>El objetivo del libro es mostrar, contrariamente al planteo de la intervenci\u00f3n, la magnitud de c\u00f3mo se enfoca la pobreza e indigencia y lo m\u00e1s grave es que estas pr\u00e1cticas que manipulan la informaci\u00f3n oculta poblaciones de riesgo.<\/p>\n<p><a href=\"http:\/\/www.atecordoba.org\/wp-content\/uploads\/2014\/09\/indec-2-e1410210957657.jpg\"><img loading=\"lazy\" decoding=\"async\" class=\"alignleft wp-image-4450 \" src=\"http:\/\/www.atecordoba.org\/wp-content\/uploads\/2014\/09\/indec-2-e1410210957657.jpg\" alt=\"indec 2\" width=\"420\" height=\"315\" \/><\/a>\u201cPara m\u00ed lo m\u00e1s importante de todo esto es que tenemos ganada la batalla cultural porque en todo este tiempo la palabra de los trabajadores del INDEC se escuch\u00f3 en todo el pa\u00eds con un gran apoyo de las organizaciones sindicales, sociales y pol\u00edticas aunque no alcanza para revertir la situaci\u00f3n de manipulaci\u00f3n por parte del gobierno\u201d, afirm\u00f3 la especialista.<\/p>\n<p>Pok sostuvo que afirm\u00f3 que para terminar con la manipulaci\u00f3n de las estad\u00edsticas p\u00fablicas hace falta \u201cuna decisi\u00f3n muy fuerte que pasa por expulsar del INDEC a la patota de la intervenci\u00f3n, regularizar la situaci\u00f3n de los compa\u00f1eros precarizados y terminar con el hostigamiento laboral a los que son sometidos todos los trabajadores del Instituto\u201d.<\/p>\n<h3>Realidad virtual<\/h3>\n<p>A su turno Adela Zaltzman, coordinadora desplazada de la Encuesta de Grupos Econ\u00f3micos y delegada de Relaciones Institucionales de ATE-INDEC, sostuvo que \u201cel INDEC sufre una met\u00e1stasis porque efectivamente todos los \u00edndices son manipulados y una prueba es que nadie puede creer que actualmente 51.4 % del PBI est\u00e1 en manos de los trabajadores, superando los niveles alcanzados durante el primer peronismo y el gobierno de Campora. Es realmente irrisorio\u201d.<\/p>\n<p>En ese sentido, denunci\u00f3 que todos los variables y datos que se manejan son manipulados, de una manera o de otra, seg\u00fan la conveniencia del gobierno y esto se hizo persiguiendo a gran cantidad de compa\u00f1eros del INDEC que fueron desplazados, hostigados o directamente se quedaron sin trabajo por pensar y actuar diferente.<\/p>\n<p>\u201cNosotros sabemos de que estamos hablando y lo que hemos vivido en estos \u00faltimos siete a\u00f1os y a esa situaci\u00f3n muchos medios de comunicaci\u00f3n no la reflejan y a la informaci\u00f3n de las estad\u00edsticas las utilizan seg\u00fan su conveniencia\u201d, afirm\u00f3 la compa\u00f1era.<a href=\"http:\/\/www.atecordoba.org\/wp-content\/uploads\/2014\/09\/indec-10-e1410211080546.jpg\"><img loading=\"lazy\" decoding=\"async\" class=\"alignright wp-image-4451 \" src=\"http:\/\/www.atecordoba.org\/wp-content\/uploads\/2014\/09\/indec-10-e1410211080546.jpg\" alt=\"indec 10\" width=\"310\" height=\"413\" \/><\/a><\/p>\n<p>Por \u00faltimo, Zaltzman record\u00f3 que \u201chay compa\u00f1eros que est\u00e1n precarizados con contratos de un a\u00f1o y otros de un mes, que se lo van renovando mensualmente con toda la incertidumbre laboral que esto genera. Nosotros hemos sufrido en todos los gobiernos, pero la destrucci\u00f3n cualitativa del INDEC por parte de este gobierno es absolutamente superadora\u201d.<\/p>\n<p>La compa\u00f1era Ana Mar\u00eda Papa, especialista en sistemas de informaci\u00f3n geogr\u00e1fica y procesamiento de im\u00e1genes satelitales, afirm\u00f3 lo urgente es \u201cque se vaya esta gente, que no es para nada confiable, y se pueda comenzar a recuperar a los cuadros profesionales que fueron desguazados por la intervenci\u00f3n de Moreno\u201d.<\/p>\n<p>Sobre el libro record\u00f3 que \u201cpara su publicaci\u00f3n tuvimos el apoyo de ATE y de la CTA, como as\u00ed tambi\u00e9n nos apoyan siempre en el abrazo que todos los meses hacemos al edificio cuando se conoce el \u00edndice de precios\u201d.<\/p>\n<p>\u201cEn el INDEC ser de ATE no es sencillo por las presiones que recibimos, no pasa lo mismo con los compa\u00f1eros que est\u00e1n en la UPCN, que tienen algunas prebendas, pero que en general tambi\u00e9n apoyan nuestra lucha\u201d, sintetiz\u00f3.<\/p>\n<h3>El rol de los trabajadores y el sindicato<\/h3>\n<p>El secretario general de la CTA Capital, y miembro del CDP de ATE, Francisco Pav\u00e1n, sostuvo que \u201cel caso del INDEC es otro de los conflictos que enfrentamos los trabajadores con el Estado patronal. Pero un conflicto muy particular por las implicancias que la destrucci\u00f3n de la confianza en el organismo estad\u00edstico conlleva para la vida concreta de los trabajadores del todo el pa\u00eds\u201d.<\/p>\n<p><a href=\"http:\/\/www.atecordoba.org\/wp-content\/uploads\/2014\/09\/indec-11-e1410211141311.jpg\"><img loading=\"lazy\" decoding=\"async\" class=\"alignleft wp-image-4452 \" src=\"http:\/\/www.atecordoba.org\/wp-content\/uploads\/2014\/09\/indec-11-e1410211141311.jpg\" alt=\"indec 11\" width=\"285\" height=\"380\" \/><\/a>\u201cLos trabajadores somos quienes generamos la riqueza y como tales queremos discutir c\u00f3mo, cu\u00e1ndo, por qu\u00e9, para qu\u00e9 y para qui\u00e9n producimos. Este debate que lleva cerca de 140 a\u00f1os de historia del movimiento obrero se expresa a lo largo del pa\u00eds. Fuimos los trabajadores la carne de ca\u00f1\u00f3n de la \u00faltima dictadura y quienes ganamos las calles en los \u201990, durante el ajuste menemista; somos los laburantes quienes ponemos el cuerpo a cada una de las pol\u00edticas p\u00fablicas, correctas o equivocadas, que lleva adelante cada gobierno\u201d, asegur\u00f3.<\/p>\n<p>Y agrego: \u201cpero, como empleados p\u00fablicos, somos trabajadores del Estado, no del gobierno de turno. La gesti\u00f3n actual meti\u00f3 la intervenci\u00f3n en el INDEC para evitar que existan datos concretos sobre la falta de distribuci\u00f3n del ingreso, al mismo tiempo que hac\u00edan negocios con los bonos atados al PBI que hab\u00eda sacado el ministro de Econom\u00eda Lavagna, termin\u00f3 siendo un boomerang que le resto herramientas al propio gobierno para combatir la inflaci\u00f3n o pol\u00edticas para combatir la pobreza, ya que sin informaci\u00f3n cierta sobre la cantidad de pobres no sabemos c\u00f3mo el Estado puede dise\u00f1ar pol\u00edticas p\u00fablicas para mejorarles la calidad de vida a esos compa\u00f1eros. Lo mismo se puede aplicar a trabajo, salud y educaci\u00f3n\u201d.<\/p>\n<p>El dirigente destac\u00f3 que hay que destacar en este marco el papel que cumpli\u00f3 ATE bancando a los trabajadores del INDEC durante los \u00faltimos siete a\u00f1os, que no es ni m\u00e1s ni menos, el rol que debe cumplir un sindicato en las actuales circunstancias. \u201cPorque el gremio es la herramienta que tenemos los trabajadores para lograr la fortaleza necesaria para disputar el sentido de nuestro trabajo y el rol del Estado en la Argentina\u201d, concluy\u00f3.<\/p>\n<p>Posteriormente se dio un rico intercambio de opiniones con el p\u00fablico presente.<\/p>\n<p><a href=\"http:\/\/www.atecordoba.org\/wp-content\/uploads\/2014\/09\/indec-7.jpg\"><img loading=\"lazy\" decoding=\"async\" class=\"aligncenter wp-image-4453 \" src=\"http:\/\/www.atecordoba.org\/wp-content\/uploads\/2014\/09\/indec-7-e1410211238616.jpg\" alt=\"indec 7\" width=\"558\" height=\"419\" \/><\/a><\/p>\n","protected":false},"excerpt":{"rendered":"<p>El viernes pasado una delegaci\u00f3n de compa\u00f1eros del organismo estad\u00edstico present\u00f3 el libro \u2018No somos c\u00f3mplices de la mentira\u2019, texto que detalla la historia de la intervenci\u00f3n y dieron una conferencia en la Universidad nacional de C\u00f3rdoba titulada \u2018El Indec y la destrucci\u00f3n de las estad\u00edsticas p\u00fablicas, impactos sociales, pol\u00edticos y en la producci\u00f3n de [&hellip;]<\/p>\n","protected":false},"author":1,"featured_media":19220,"comment_status":"open","ping_status":"open","sticky":false,"template":"","format":"standard","meta":{"_exactmetrics_skip_tracking":false,"_exactmetrics_sitenote_active":false,"_exactmetrics_sitenote_note":"","_exactmetrics_sitenote_category":0,"jnews-multi-image_gallery":[],"jnews_single_post":[],"jnews_primary_category":[],"jnews_social_meta":[],"jnews_review":[],"enable_review":"","type":"","name":"","summary":"","brand":"","sku":"","good":[],"bad":[],"score_override":"","override_value":"","rating":[],"price":[],"jnews_override_counter":[],"jnews_post_split":[],"footnotes":""},"categories":[18],"tags":[],"class_list":["post-4447","post","type-post","status-publish","format-standard","has-post-thumbnail","hentry","category-nacionales"],"jetpack_featured_media_url":"https:\/\/atecordoba.org\/wp-content\/uploads\/2020\/05\/logo-nuevochico-e1561581322808.png","_links":{"self":[{"href":"https:\/\/atecordoba.org\/index.php?rest_route=\/wp\/v2\/posts\/4447","targetHints":{"allow":["GET"]}}],"collection":[{"href":"https:\/\/atecordoba.org\/index.php?rest_route=\/wp\/v2\/posts"}],"about":[{"href":"https:\/\/atecordoba.org\/index.php?rest_route=\/wp\/v2\/types\/post"}],"author":[{"embeddable":true,"href":"https:\/\/atecordoba.org\/index.php?rest_route=\/wp\/v2\/users\/1"}],"replies":[{"embeddable":true,"href":"https:\/\/atecordoba.org\/index.php?rest_route=%2Fwp%2Fv2%2Fcomments&post=4447"}],"version-history":[{"count":0,"href":"https:\/\/atecordoba.org\/index.php?rest_route=\/wp\/v2\/posts\/4447\/revisions"}],"wp:featuredmedia":[{"embeddable":true,"href":"https:\/\/atecordoba.org\/index.php?rest_route=\/wp\/v2\/media\/19220"}],"wp:attachment":[{"href":"https:\/\/atecordoba.org\/index.php?rest_route=%2Fwp%2Fv2%2Fmedia&parent=4447"}],"wp:term":[{"taxonomy":"category","embeddable":true,"href":"https:\/\/atecordoba.org\/index.php?rest_route=%2Fwp%2Fv2%2Fcategories&post=4447"},{"taxonomy":"post_tag","embeddable":true,"href":"https:\/\/atecordoba.org\/index.php?rest_route=%2Fwp%2Fv2%2Ftags&post=4447"}],"curies":[{"name":"wp","href":"https:\/\/api.w.org\/{rel}","templated":true}]}}