{"id":44465,"date":"2024-07-05T13:36:00","date_gmt":"2024-07-05T16:36:00","guid":{"rendered":"https:\/\/atecordoba.org\/?p=44465"},"modified":"2024-07-05T13:59:53","modified_gmt":"2024-07-05T16:59:53","slug":"gendarmeria-eleccion-de-delegadas-os-en-la-escuela-de-suboficiales-de-jesus-maria","status":"publish","type":"post","link":"https:\/\/atecordoba.org\/?p=44465","title":{"rendered":"Gendarmer\u00eda: elecci\u00f3n de delegadas\/os en la Escuela de Suboficiales de Jes\u00fas Mar\u00eda"},"content":{"rendered":"<div class=\"wp-block-image\">\n<figure class=\"aligncenter size-large is-resized\"><img loading=\"lazy\" decoding=\"async\" width=\"1024\" height=\"580\" src=\"https:\/\/atecordoba.org\/wp-content\/uploads\/2024\/07\/delegados-gendarmeria-1-1024x580.jpg\" alt=\"\" class=\"wp-image-44467\" style=\"width:600px\" \/><figcaption class=\"wp-element-caption\">Delegadas\/os electos.<\/figcaption><\/figure>\n<\/div>\n\n\n<p>Ayer 4 de julio se llev\u00f3 adelante la elecci\u00f3n del cuerpo de delegadas y delegados en la Escuela de Suboficiales de la Gendarmer\u00eda Nacional, ubicada en la ciudad de Jes\u00fas Mar\u00eda. <\/p>\n\n\n\n<p>Con gran participaci\u00f3n de las y los trabajadores del sector, resultaron electas\/os las compa\u00f1eras Dolores Molina, Carina Abb\u00e1 y el compa\u00f1ero Esteban Iribarren.<\/p>\n\n\n\n<p>De esta forma, ATE contin\u00faa organizando a las y los trabajadores civiles y docentes civiles de las fuerzas de seguridad de la Naci\u00f3n en C\u00f3rdoba.<\/p>\n","protected":false},"excerpt":{"rendered":"<p>Ayer 4 de julio se llev\u00f3 adelante la elecci\u00f3n del cuerpo de delegadas y delegados en la Escuela de Suboficiales de la Gendarmer\u00eda Nacional, ubicada en la ciudad de Jes\u00fas Mar\u00eda. Con gran participaci\u00f3n de las y los trabajadores del sector, resultaron electas\/os las compa\u00f1eras Dolores Molina, Carina Abb\u00e1 y el compa\u00f1ero Esteban Iribarren. De [&hellip;]<\/p>\n","protected":false},"author":7,"featured_media":44467,"comment_status":"open","ping_status":"open","sticky":false,"template":"","format":"standard","meta":{"_exactmetrics_skip_tracking":false,"_exactmetrics_sitenote_active":false,"_exactmetrics_sitenote_note":"","_exactmetrics_sitenote_category":0,"jnews-multi-image_gallery":[],"jnews_single_post":{"subtitle":"Con gran participaci\u00f3n de las y los trabajadores del sector, resultaron electas\/os las compa\u00f1eras Dolores Molina, Carina Abb\u00e1  y el compa\u00f1ero Esteban Iribarren.","format":"standard","video":"","gallery":"","source_name":"","source_url":"","via_name":"","via_url":"","override_template":"0","override":[{"template":"1","single_blog_custom":"","parallax":"1","fullscreen":"1","layout":"no-sidebar-narrow","sidebar":"default-sidebar","second_sidebar":"default-sidebar","sticky_sidebar":"1","share_position":"bottom","share_float_style":"share-monocrhome","show_share_counter":"1","show_view_counter":"1","show_featured":"0","show_post_meta":"1","show_post_author":"0","show_post_author_image":"1","show_post_date":"1","post_date_format":"default","post_date_format_custom":"Y\/m\/d","show_post_category":"1","show_post_reading_time":"0","post_reading_time_wpm":"300","show_zoom_button":"0","zoom_button_out_step":"2","zoom_button_in_step":"3","show_post_tag":"1","show_prev_next_post":"0","show_popup_post":"0","number_popup_post":"1","show_author_box":"0","show_post_related":"1","show_inline_post_related":"0"}],"override_image_size":"0","image_override":[{"single_post_thumbnail_size":"crop-500","single_post_gallery_size":"crop-500"}],"trending_post":"0","trending_post_position":"meta","trending_post_label":"Trending","sponsored_post":"0","sponsored_post_label":"Sponsored by","sponsored_post_name":"","sponsored_post_url":"","sponsored_post_logo_enable":"0","sponsored_post_logo":"","sponsored_post_desc":"","disable_ad":"0"},"jnews_primary_category":{"id":"","hide":""},"jnews_social_meta":{"fb_title":"","fb_description":"","fb_image":"","twitter_title":"","twitter_description":"","twitter_image":""},"jnews_review":[],"enable_review":"0","type":"percentage","name":"","summary":"","brand":"","sku":"","good":[{"good_text":""}],"bad":[{"bad_text":""}],"score_override":"0","override_value":"","rating":[{"rating_text":"","rating_number":"10"}],"price":[{"shop":"","price":"","link":"","icon":""}],"jnews_override_counter":{"override_view_counter":"0","view_counter_number":"0","override_share_counter":"0","share_counter_number":"0","override_like_counter":"0","like_counter_number":"0","override_dislike_counter":"0","dislike_counter_number":"0"},"jnews_post_split":{"enable_post_split":"0","post_split":[{"template":"1","tag":"h2","numbering":"asc","mode":"normal","first":"0","enable_toc":"0","toc_type":"normal"}]},"footnotes":""},"categories":[18],"tags":[26,395,1026,1305],"class_list":["post-44465","post","type-post","status-publish","format-standard","has-post-thumbnail","hentry","category-nacionales","tag-ate","tag-ate-cordoba","tag-escuela-de-suboficiales-de-gendarmeria-nacional","tag-jesus-maria"],"jetpack_featured_media_url":"https:\/\/atecordoba.org\/wp-content\/uploads\/2024\/07\/delegados-gendarmeria-1-e1720197212514.jpg","_links":{"self":[{"href":"https:\/\/atecordoba.org\/index.php?rest_route=\/wp\/v2\/posts\/44465","targetHints":{"allow":["GET"]}}],"collection":[{"href":"https:\/\/atecordoba.org\/index.php?rest_route=\/wp\/v2\/posts"}],"about":[{"href":"https:\/\/atecordoba.org\/index.php?rest_route=\/wp\/v2\/types\/post"}],"author":[{"embeddable":true,"href":"https:\/\/atecordoba.org\/index.php?rest_route=\/wp\/v2\/users\/7"}],"replies":[{"embeddable":true,"href":"https:\/\/atecordoba.org\/index.php?rest_route=%2Fwp%2Fv2%2Fcomments&post=44465"}],"version-history":[{"count":2,"href":"https:\/\/atecordoba.org\/index.php?rest_route=\/wp\/v2\/posts\/44465\/revisions"}],"predecessor-version":[{"id":44469,"href":"https:\/\/atecordoba.org\/index.php?rest_route=\/wp\/v2\/posts\/44465\/revisions\/44469"}],"wp:featuredmedia":[{"embeddable":true,"href":"https:\/\/atecordoba.org\/index.php?rest_route=\/wp\/v2\/media\/44467"}],"wp:attachment":[{"href":"https:\/\/atecordoba.org\/index.php?rest_route=%2Fwp%2Fv2%2Fmedia&parent=44465"}],"wp:term":[{"taxonomy":"category","embeddable":true,"href":"https:\/\/atecordoba.org\/index.php?rest_route=%2Fwp%2Fv2%2Fcategories&post=44465"},{"taxonomy":"post_tag","embeddable":true,"href":"https:\/\/atecordoba.org\/index.php?rest_route=%2Fwp%2Fv2%2Ftags&post=44465"}],"curies":[{"name":"wp","href":"https:\/\/api.w.org\/{rel}","templated":true}]}}