{"id":44448,"date":"2024-07-04T15:51:03","date_gmt":"2024-07-04T18:51:03","guid":{"rendered":"https:\/\/atecordoba.org\/?p=44448"},"modified":"2024-07-04T15:51:57","modified_gmt":"2024-07-04T18:51:57","slug":"reunion-de-ate-con-representacion-de-la-comunidad-boliviana","status":"publish","type":"post","link":"https:\/\/atecordoba.org\/?p=44448","title":{"rendered":"Reuni\u00f3n de ATE con representaci\u00f3n de la comunidad boliviana"},"content":{"rendered":"<div class=\"wp-block-image\">\n<figure class=\"aligncenter size-large is-resized\"><img loading=\"lazy\" decoding=\"async\" width=\"1024\" height=\"578\" src=\"https:\/\/atecordoba.org\/wp-content\/uploads\/2024\/07\/IMG-20240704-WA0030-1-1024x578.jpg\" alt=\"\" class=\"wp-image-44450\" style=\"width:600px\" srcset=\"https:\/\/atecordoba.org\/wp-content\/uploads\/2024\/07\/IMG-20240704-WA0030-1-1024x578.jpg 1024w, https:\/\/atecordoba.org\/wp-content\/uploads\/2024\/07\/IMG-20240704-WA0030-1-300x169.jpg 300w, https:\/\/atecordoba.org\/wp-content\/uploads\/2024\/07\/IMG-20240704-WA0030-1-768x434.jpg 768w, https:\/\/atecordoba.org\/wp-content\/uploads\/2024\/07\/IMG-20240704-WA0030-1-1536x867.jpg 1536w, https:\/\/atecordoba.org\/wp-content\/uploads\/2024\/07\/IMG-20240704-WA0030-1-2048x1156.jpg 2048w, https:\/\/atecordoba.org\/wp-content\/uploads\/2024\/07\/IMG-20240704-WA0030-1-750x423.jpg 750w, https:\/\/atecordoba.org\/wp-content\/uploads\/2024\/07\/IMG-20240704-WA0030-1-1140x644.jpg 1140w\" sizes=\"auto, (max-width: 1024px) 100vw, 1024px\" \/><\/figure>\n<\/div>\n\n\n<p>Hoy se llev\u00f3 a cabo una reuni\u00f3n con miembros de la comunidad boliviana en C\u00f3rdoba. El encuentro estuvo encabezado por nuestro Secretario General, Federico Giuliani, junto a la secretaria de Prensa, Julia Giuliani, y sus pares de organizaci\u00f3n,  Javier Bracamonte, y de Acci\u00f3n Pol\u00edtica, Alejandra Agnone. <\/p>\n\n\n\n<p>La comitiva boliviana fue integrada por V\u00edctor Flores, ex c\u00f3nsul boliviano en C\u00f3rdoba, y la compa\u00f1era Isabel Chirinos. <\/p>\n\n\n\n<p>Al finalizar el c\u00f3nclave, Giuliani afirm\u00f3: &#8220;Estamos orgullosos en ATE de recibir a nuestros hermanos bolivianos en nuestra casa, confraternizando y haciendo carne el concepto de unificar la patria grande de toda Latinoam\u00e9rica&#8221;.<\/p>\n\n\n<div class=\"wp-block-image\">\n<figure class=\"aligncenter size-large is-resized\"><img loading=\"lazy\" decoding=\"async\" width=\"1024\" height=\"578\" src=\"https:\/\/atecordoba.org\/wp-content\/uploads\/2024\/07\/IMG-20240704-WA0031-1-1024x578.jpg\" alt=\"\" class=\"wp-image-44452\" style=\"width:600px\" srcset=\"https:\/\/atecordoba.org\/wp-content\/uploads\/2024\/07\/IMG-20240704-WA0031-1-1024x578.jpg 1024w, https:\/\/atecordoba.org\/wp-content\/uploads\/2024\/07\/IMG-20240704-WA0031-1-300x169.jpg 300w, https:\/\/atecordoba.org\/wp-content\/uploads\/2024\/07\/IMG-20240704-WA0031-1-768x434.jpg 768w, https:\/\/atecordoba.org\/wp-content\/uploads\/2024\/07\/IMG-20240704-WA0031-1-1536x867.jpg 1536w, https:\/\/atecordoba.org\/wp-content\/uploads\/2024\/07\/IMG-20240704-WA0031-1-2048x1156.jpg 2048w, https:\/\/atecordoba.org\/wp-content\/uploads\/2024\/07\/IMG-20240704-WA0031-1-750x423.jpg 750w, https:\/\/atecordoba.org\/wp-content\/uploads\/2024\/07\/IMG-20240704-WA0031-1-1140x644.jpg 1140w\" sizes=\"auto, (max-width: 1024px) 100vw, 1024px\" \/><\/figure>\n<\/div>\n\n\n<p>Y env\u00edo un mensaje por video al ex Presidente y l\u00edder del MAS, Evo Morales, con la solidaridad de ATE y el apoyo a su lucha pol\u00edtica y social. <\/p>\n\n\n\n<p>&#8220;Compa\u00f1ero Evo, desde ATE C\u00f3rdoba te queremos mandar un saludo enorme, nuestra solidaridad para este etapa de lucha que se est\u00e1 viviendo en el pa\u00eds hermano de Bolivia. Te enviamos todo el acompa\u00f1amiento de los estatales de C\u00f3rdoba. Nuestro gremio es tu casa. Vamos a estar permanentemente ayudando y colaborando con la comunidad boliviana en C\u00f3rdoba para que seas el pr\u00f3ximo presidente boliviano&#8221;, dijo el secretario General de ATE.<\/p>\n\n\n\n<p>&#8220;Entendemos que en esta etapa se expresa en tu persona y en el movimiento que representas lo que queremos para una sociedad. Esto es una patria libre, justa y soberana todas y todos&#8221;, agreg\u00f3.<\/p>\n\n\n\n<p>&#8220;Te sigo desde hace mucho tiempo, sos un orgullo para nosotros que somos j\u00f3venes, laburantes y dirigentes sindicales, nos vemos reflejados en vos porque uno es lo que hace y no lo que dice. Vos le tomes el cuerpo a lo que decis y por eso te mandamos un fuerte abrazo y nos estamos viendo, si todo anda bien, all\u00e1 por el Chapare&#8221;, finaliz\u00f3 Giuliani.<\/p>\n","protected":false},"excerpt":{"rendered":"<p>Hoy se llev\u00f3 a cabo una reuni\u00f3n con miembros de la comunidad boliviana en C\u00f3rdoba. El encuentro estuvo encabezado por nuestro Secretario General, Federico Giuliani, junto a la secretaria de Prensa, Julia Giuliani, y sus pares de organizaci\u00f3n, Javier Bracamonte, y de Acci\u00f3n Pol\u00edtica, Alejandra Agnone. La comitiva boliviana fue integrada por V\u00edctor Flores, ex [&hellip;]<\/p>\n","protected":false},"author":7,"featured_media":44449,"comment_status":"open","ping_status":"open","sticky":false,"template":"","format":"standard","meta":{"_exactmetrics_skip_tracking":false,"_exactmetrics_sitenote_active":false,"_exactmetrics_sitenote_note":"","_exactmetrics_sitenote_category":0,"jnews-multi-image_gallery":[],"jnews_single_post":{"subtitle":"Al finalizar el c\u00f3nclave el secretario General de ATE C\u00f3rdoba, Federico Giuliani, afirm\u00f3: \"Estamos orgullosos en ATE de recibir a nuestros hermanos bolivianos en nuestra casa, confraternizando y haciendo carne el concepto de unificar la patria grande de toda Latinoam\u00e9rica\".","format":"standard","video":"","gallery":"","source_name":"","source_url":"","via_name":"","via_url":"","override_template":"0","override":[{"template":"1","single_blog_custom":"","parallax":"1","fullscreen":"1","layout":"no-sidebar-narrow","sidebar":"default-sidebar","second_sidebar":"default-sidebar","sticky_sidebar":"1","share_position":"bottom","share_float_style":"share-monocrhome","show_share_counter":"1","show_view_counter":"1","show_featured":"0","show_post_meta":"1","show_post_author":"0","show_post_author_image":"1","show_post_date":"1","post_date_format":"default","post_date_format_custom":"Y\/m\/d","show_post_category":"1","show_post_reading_time":"0","post_reading_time_wpm":"300","show_zoom_button":"0","zoom_button_out_step":"2","zoom_button_in_step":"3","show_post_tag":"1","show_prev_next_post":"0","show_popup_post":"0","number_popup_post":"1","show_author_box":"0","show_post_related":"1","show_inline_post_related":"0"}],"override_image_size":"0","image_override":[{"single_post_thumbnail_size":"crop-500","single_post_gallery_size":"crop-500"}],"trending_post":"0","trending_post_position":"meta","trending_post_label":"Trending","sponsored_post":"0","sponsored_post_label":"Sponsored by","sponsored_post_name":"","sponsored_post_url":"","sponsored_post_logo_enable":"0","sponsored_post_logo":"","sponsored_post_desc":"","disable_ad":"0"},"jnews_primary_category":{"id":"","hide":""},"jnews_social_meta":{"fb_title":"","fb_description":"","fb_image":"","twitter_title":"","twitter_description":"","twitter_image":""},"jnews_review":[],"enable_review":"0","type":"percentage","name":"","summary":"","brand":"","sku":"","good":[{"good_text":""}],"bad":[{"bad_text":""}],"score_override":"0","override_value":"","rating":[{"rating_text":"","rating_number":"10"}],"price":[{"shop":"","price":"","link":"","icon":""}],"jnews_override_counter":{"override_view_counter":"0","view_counter_number":"0","override_share_counter":"0","share_counter_number":"0","override_like_counter":"0","like_counter_number":"0","override_dislike_counter":"0","dislike_counter_number":"0"},"jnews_post_split":{"enable_post_split":"0","post_split":[{"template":"1","tag":"h2","numbering":"asc","mode":"normal","first":"0","enable_toc":"0","toc_type":"normal"}]},"footnotes":""},"categories":[108],"tags":[],"class_list":["post-44448","post","type-post","status-publish","format-standard","has-post-thumbnail","hentry","category-internacional"],"jetpack_featured_media_url":"https:\/\/atecordoba.org\/wp-content\/uploads\/2024\/07\/IMG-20240704-WA0030-scaled-e1720119038322.jpg","_links":{"self":[{"href":"https:\/\/atecordoba.org\/index.php?rest_route=\/wp\/v2\/posts\/44448","targetHints":{"allow":["GET"]}}],"collection":[{"href":"https:\/\/atecordoba.org\/index.php?rest_route=\/wp\/v2\/posts"}],"about":[{"href":"https:\/\/atecordoba.org\/index.php?rest_route=\/wp\/v2\/types\/post"}],"author":[{"embeddable":true,"href":"https:\/\/atecordoba.org\/index.php?rest_route=\/wp\/v2\/users\/7"}],"replies":[{"embeddable":true,"href":"https:\/\/atecordoba.org\/index.php?rest_route=%2Fwp%2Fv2%2Fcomments&post=44448"}],"version-history":[{"count":1,"href":"https:\/\/atecordoba.org\/index.php?rest_route=\/wp\/v2\/posts\/44448\/revisions"}],"predecessor-version":[{"id":44453,"href":"https:\/\/atecordoba.org\/index.php?rest_route=\/wp\/v2\/posts\/44448\/revisions\/44453"}],"wp:featuredmedia":[{"embeddable":true,"href":"https:\/\/atecordoba.org\/index.php?rest_route=\/wp\/v2\/media\/44449"}],"wp:attachment":[{"href":"https:\/\/atecordoba.org\/index.php?rest_route=%2Fwp%2Fv2%2Fmedia&parent=44448"}],"wp:term":[{"taxonomy":"category","embeddable":true,"href":"https:\/\/atecordoba.org\/index.php?rest_route=%2Fwp%2Fv2%2Fcategories&post=44448"},{"taxonomy":"post_tag","embeddable":true,"href":"https:\/\/atecordoba.org\/index.php?rest_route=%2Fwp%2Fv2%2Ftags&post=44448"}],"curies":[{"name":"wp","href":"https:\/\/api.w.org\/{rel}","templated":true}]}}