{"id":44370,"date":"2024-07-03T11:07:45","date_gmt":"2024-07-03T14:07:45","guid":{"rendered":"https:\/\/atecordoba.org\/?p=44370"},"modified":"2024-07-03T11:09:53","modified_gmt":"2024-07-03T14:09:53","slug":"el-paicor-cumple-40-anos-con-pesimas-condiciones-de-precariedad-laboral","status":"publish","type":"post","link":"https:\/\/atecordoba.org\/?p=44370","title":{"rendered":"El PAICOR cumple 40 a\u00f1os con p\u00e9simas condiciones  de precariedad laboral"},"content":{"rendered":"<div class=\"wp-block-image\">\n<figure class=\"aligncenter size-large is-resized\"><img loading=\"lazy\" decoding=\"async\" width=\"1024\" height=\"684\" src=\"https:\/\/atecordoba.org\/wp-content\/uploads\/2024\/07\/paicor-1-1024x684.jpg\" alt=\"\" class=\"wp-image-44372\" style=\"width:600px\" \/><\/figure>\n<\/div>\n\n\n<p>El PAICOR (Programa de Asistencia Integral C\u00f3rdoba) cumple 40 a\u00f1os alimentando a las y los ni\u00f1os de vulnerables cordobeses. <\/p>\n\n\n\n<p><br>El aniversario fue motivo para abordar las penosas condiciones laborales que sufren miles de trabajadoras que cumplen funciones en el programa. En ese contexto, la secretaria Adjunta de ATE C\u00f3rdoba, Gabriela Alcoba, dio una entrevista a una radio de la provincia, donde describi\u00f3 las situaciones de precarizaci\u00f3n del sector y dio la perspectiva organizativa de ATE de cara al futuro. <\/p>\n\n\n\n<p>&#8220;Son cuatro d\u00e9cadas con trabajadoras que cumplen la tarea esencial de alimentar a ni\u00f1os y ni\u00f1as en situaci\u00f3n de vulnerabilidad en una condici\u00f3n totalmente precarizada. Con salarios debajo de la l\u00ednea de la indigencia y con un gobierno que est\u00e1 desmantelando lo que es la cuesti\u00f3n p\u00fablica, porque muchas de ellas fueron traspasadas a empresas privadas&#8221;, arranc\u00f3 Alcoba.<\/p>\n\n\n\n<p>Para luego explicar que las trabajadoras del programa &#8220;no saben en qu\u00e9 momento les va a terminar su trabajo porque las notifican por un correo electr\u00f3nico y las dejan sin efecto. Es muy preocupante la situaci\u00f3n de estas compa\u00f1eras que en su mayor\u00eda son jefas de hogar. Necesitamos tener acuerdos con el gobierno para que este personal pueda estar contratado o con pase a planta, hay muchas que tienen m\u00e1s de 10 a\u00f1os precarizadas, cumpliendo esas funciones&#8221;.<\/p>\n\n\n\n<p>La dirigente cuestion\u00f3 al Gobierno de C\u00f3rdoba porque &#8220;no hay un espacio para discutir estar cuestiones, no existe desde el sector PAICOR, en los muy pocos casos donde son planta permanente porque tienen mucha antig\u00fcedad y est\u00e1n prontas a jubilarse, les toca las actualizaciones salariales de los estatales que el gobierno discute solo con el SEP. Pero la mayor\u00eda no cobran aguinaldo, ni vacaciones,&nbsp; no actualizan sus sueldos, tienen que pagarse su propia obra social. Situaciones penosas para aquellas que cumplen una funci\u00f3n esencial&#8221;.<\/p>\n\n\n\n<p><strong>Fase organizativa<\/strong><\/p>\n\n\n\n<p>Frente a una patronal que incumple las cuestiones laborales esenciales, grupos de trabajadoras comenzaron a romper su aislamiento, originado en la situaci\u00f3n de precariedad que sufren y por eso nuestro gremio tom\u00f3 la decisi\u00f3n de que es organicen como trabajadoras del Estado. &#8220;Desde all\u00ed estamos plantando la semilla de la lucha por sus derechos b\u00e1sicos. &nbsp;El miedo a quedarse sin trabajo fue lo que las llev\u00f3 a caer en este estado, pero hay un grupo de compa\u00f1eras que apuesta a organizarse y ve al sindicato como una herramienta para la mejora de sus condiciones de vida&#8221;.<\/p>\n\n\n\n<p>Alcoba advirti\u00f3 que &#8220;el men\u00fa est\u00e1 privatizado y las compa\u00f1eras supervisan que llegue en buen estado y que sea repartido a los ni\u00f1os. Pero esa tarea tan b\u00e1sica que hac\u00edan tambi\u00e9n se privatiz\u00f3 y por eso hubo tanto despido este a\u00f1o&#8221;.<\/p>\n\n\n\n<p>Por \u00faltimo, la dirigente se\u00f1al\u00f3 que ATE est\u00e1 planificando un encuentro provincial de trabajadoras de PAICOR, que exprese organizativamente la presencia de nuestras afiliadas a lo largo y ancho del territorio de C\u00f3rdoba. &#8220;Hay muchas compa\u00f1eras que por las distancias est\u00e1n aisladas y pretendemos vernos las caras y establecer el plan de acci\u00f3n de cara a mejorar sus condiciones de vida, con salarios dignos que permitan cubrir las necesidades b\u00e1sicas&#8221;, concluy\u00f3.<\/p>\n","protected":false},"excerpt":{"rendered":"<p>El PAICOR (Programa de Asistencia Integral C\u00f3rdoba) cumple 40 a\u00f1os alimentando a las y los ni\u00f1os de vulnerables cordobeses. El aniversario fue motivo para abordar las penosas condiciones laborales que sufren miles de trabajadoras que cumplen funciones en el programa. En ese contexto, la secretaria Adjunta de ATE C\u00f3rdoba, Gabriela Alcoba, dio una entrevista a [&hellip;]<\/p>\n","protected":false},"author":7,"featured_media":44372,"comment_status":"open","ping_status":"open","sticky":false,"template":"","format":"standard","meta":{"_exactmetrics_skip_tracking":false,"_exactmetrics_sitenote_active":false,"_exactmetrics_sitenote_note":"","_exactmetrics_sitenote_category":0,"jnews-multi-image_gallery":[],"jnews_single_post":{"subtitle":"Son cuatro d\u00e9cadas con trabajadoras que cumplen la tarea esencial de alimentar a ni\u00f1os y ni\u00f1as en situaci\u00f3n de vulnerabilidad, con salarios debajo de la l\u00ednea de la indigencia y con un gobierno que est\u00e1 desmantelando lo que es la cuesti\u00f3n p\u00fablica, porque muchas de ellas fueron traspasadas a empresas privadas\", dijo la secretaria Adjunta de ATE C\u00f3rdoba, Gabriela Alcoba, que adelant\u00f3 la posibilidad de realizar un encuentro provincial del sector en ATE.","format":"standard","video":"","gallery":"","source_name":"","source_url":"","via_name":"","via_url":"","override_template":"0","override":[{"template":"1","single_blog_custom":"","parallax":"1","fullscreen":"1","layout":"no-sidebar-narrow","sidebar":"default-sidebar","second_sidebar":"default-sidebar","sticky_sidebar":"1","share_position":"bottom","share_float_style":"share-monocrhome","show_share_counter":"1","show_view_counter":"1","show_featured":"0","show_post_meta":"1","show_post_author":"0","show_post_author_image":"1","show_post_date":"1","post_date_format":"default","post_date_format_custom":"Y\/m\/d","show_post_category":"1","show_post_reading_time":"0","post_reading_time_wpm":"300","show_zoom_button":"0","zoom_button_out_step":"2","zoom_button_in_step":"3","show_post_tag":"1","show_prev_next_post":"0","show_popup_post":"0","number_popup_post":"1","show_author_box":"0","show_post_related":"1","show_inline_post_related":"0"}],"override_image_size":"0","image_override":[{"single_post_thumbnail_size":"crop-500","single_post_gallery_size":"crop-500"}],"trending_post":"0","trending_post_position":"meta","trending_post_label":"Trending","sponsored_post":"0","sponsored_post_label":"Sponsored by","sponsored_post_name":"","sponsored_post_url":"","sponsored_post_logo_enable":"0","sponsored_post_logo":"","sponsored_post_desc":"","disable_ad":"0"},"jnews_primary_category":{"id":"","hide":""},"jnews_social_meta":{"fb_title":"","fb_description":"","fb_image":"","twitter_title":"","twitter_description":"","twitter_image":""},"jnews_review":[],"enable_review":"0","type":"percentage","name":"","summary":"","brand":"","sku":"","good":[{"good_text":""}],"bad":[{"bad_text":""}],"score_override":"0","override_value":"","rating":[{"rating_text":"","rating_number":"10"}],"price":[{"shop":"","price":"","link":"","icon":""}],"jnews_override_counter":{"override_view_counter":"0","view_counter_number":"0","override_share_counter":"0","share_counter_number":"0","override_like_counter":"0","like_counter_number":"0","override_dislike_counter":"0","dislike_counter_number":"0"},"jnews_post_split":{"enable_post_split":"0","post_split":[{"template":"1","tag":"h2","numbering":"asc","mode":"normal","first":"0","enable_toc":"0","toc_type":"normal"}]},"footnotes":""},"categories":[8],"tags":[],"class_list":["post-44370","post","type-post","status-publish","format-standard","has-post-thumbnail","hentry","category-provinciales"],"jetpack_featured_media_url":"https:\/\/atecordoba.org\/wp-content\/uploads\/2024\/07\/paicor-1-e1720015789491.jpg","_links":{"self":[{"href":"https:\/\/atecordoba.org\/index.php?rest_route=\/wp\/v2\/posts\/44370","targetHints":{"allow":["GET"]}}],"collection":[{"href":"https:\/\/atecordoba.org\/index.php?rest_route=\/wp\/v2\/posts"}],"about":[{"href":"https:\/\/atecordoba.org\/index.php?rest_route=\/wp\/v2\/types\/post"}],"author":[{"embeddable":true,"href":"https:\/\/atecordoba.org\/index.php?rest_route=\/wp\/v2\/users\/7"}],"replies":[{"embeddable":true,"href":"https:\/\/atecordoba.org\/index.php?rest_route=%2Fwp%2Fv2%2Fcomments&post=44370"}],"version-history":[{"count":3,"href":"https:\/\/atecordoba.org\/index.php?rest_route=\/wp\/v2\/posts\/44370\/revisions"}],"predecessor-version":[{"id":44375,"href":"https:\/\/atecordoba.org\/index.php?rest_route=\/wp\/v2\/posts\/44370\/revisions\/44375"}],"wp:featuredmedia":[{"embeddable":true,"href":"https:\/\/atecordoba.org\/index.php?rest_route=\/wp\/v2\/media\/44372"}],"wp:attachment":[{"href":"https:\/\/atecordoba.org\/index.php?rest_route=%2Fwp%2Fv2%2Fmedia&parent=44370"}],"wp:term":[{"taxonomy":"category","embeddable":true,"href":"https:\/\/atecordoba.org\/index.php?rest_route=%2Fwp%2Fv2%2Fcategories&post=44370"},{"taxonomy":"post_tag","embeddable":true,"href":"https:\/\/atecordoba.org\/index.php?rest_route=%2Fwp%2Fv2%2Ftags&post=44370"}],"curies":[{"name":"wp","href":"https:\/\/api.w.org\/{rel}","templated":true}]}}