{"id":44363,"date":"2024-07-03T10:22:40","date_gmt":"2024-07-03T13:22:40","guid":{"rendered":"https:\/\/atecordoba.org\/?p=44363"},"modified":"2024-07-03T10:23:54","modified_gmt":"2024-07-03T13:23:54","slug":"encuentro-provincial-de-la-militancia-de-la-cta-a-cordoba-el-9-de-julio-por-una-segunda-y-definitiva-independencia","status":"publish","type":"post","link":"https:\/\/atecordoba.org\/?p=44363","title":{"rendered":"Encuentro Provincial de la Militancia de la CTA-A C\u00f3rdoba el 9 de julio por una segunda y definitiva independencia"},"content":{"rendered":"<div class=\"wp-block-image\">\n<figure class=\"aligncenter size-large is-resized\"><img loading=\"lazy\" decoding=\"async\" width=\"1024\" height=\"1024\" src=\"https:\/\/atecordoba.org\/wp-content\/uploads\/2024\/07\/flyerCTA-1-1024x1024.jpg\" alt=\"\" class=\"wp-image-44365\" style=\"width:600px\" \/><\/figure>\n<\/div>\n\n\n<p>El pr\u00f3ximo 9 de julio, D\u00eda de la Independencia, tendr\u00e1 lugar el Encuentro Provincial de la Militancia de la Central de Trabajadores de la Argentina (CTA Aut\u00f3noma) en el Club Germinar de la ciudad de C\u00f3rdoba. Una oportunidad para confraternizar, someter la coyuntura a debate, poner en com\u00fan pensamiento y acci\u00f3n para salir de esta encrucijada desde abajo hacia arriba y desde la periferia al centro. No ser\u00e1n los que gobernaron el pa\u00eds los \u00faltimos 20 a\u00f1os los que van a solucionar los graves problemas que padecemos como pueblo y que se han agudizado notablemente a partir del 10 de diciembre con el Gobierno ultraliberal y neofascista de Milei.<\/p>\n\n\n\n<p>\u201cVamos a parar un rato para charlar, para saber que tenemos d\u00edas buenos y d\u00edas malos, que no somos maquinitas que militamos todo el d\u00eda. M\u00e1s all\u00e1 de la acci\u00f3n -nosotros estamos en la calle permanentemente- para defender los derechos que nos corresponden, que est\u00e1n consagrados en la Constituci\u00f3n Nacional, derecho a la vivienda, a un salario digno, a la tierra, a una salud y educaci\u00f3n p\u00fablicas, gratuitas\u00a0 y de calidad, es necesario que abordemos entre todos los desaf\u00edos que nos plantea este nuevo tiempo\u201d, se\u00f1al\u00f3 Federico Giuliani, secretario General de la CTA-A C\u00f3rdoba.<\/p>\n\n\n\n<p>Y agreg\u00f3: \u201cEs importante parar la pelota y debatir en el colectivo d\u00f3nde estamos parados y hacia donde vamos en medio de esta crisis fenomenal producto del ajuste del Gobierno cipayo de Milei. Las compa\u00f1eras y compa\u00f1eros con trabajo formal, precario, en negro, del territorio, jubilados, desocupados, todos pueden organizarse y discutir de igual a igual, horizontalmente, en nuestra Central. Ac\u00e1 ejercemos a rajatabla los principios de Libertad y Democracia sindical, por eso, para nosotros es fundamental que todos se sientan parte de la clase trabajadora\u201d.<\/p>\n\n\n\n<p>Seg\u00fan Giuliani, \u201cvenimos perdiendo la batalla cultural con el poder hegem\u00f3nico, y lo cultural pasa por que seamos conscientes de que lo que hacemos tiene sentido si nos sentimos parte de la clase trabajadora. La clase, en tanto y en cuanto es la que genera la riqueza, se constituye en la vanguardia para transformar la realidad y reimplantar la justicia social. Que un pa\u00eds como el nuestro hecho de pan haya hambre, no s\u00f3lo es una verg\u00fcenza sino que es un crimen\u201d.<\/p>\n\n\n\n<p>En tal sentido, el dirigente exhort\u00f3 a la militancia a \u201crecorrer el territorio para librar la disputa por el sentido con el revanchismo olig\u00e1rquico para defender nuestros derechos frente a un Gobierno que desprecia y odia al pueblo. Para paliar el hambre, pensamos que hay que ir por una Ley de Emergencia Alimentaria en la Legislatura, porque en C\u00f3rdoba, el Gobierno Provincial y los municipios tienen que hacerse cargo de la retirada del Estado Nacional. Alguien se tiene que hacer cargo de nuestra gente\u201d, remat\u00f3.<\/p>\n\n\n\n<blockquote class=\"wp-block-quote is-layout-flow wp-block-quote-is-layout-flow\">\n<p class=\"has-text-align-center\">\u201c9 de julio, vamos por la segunda y definitiva Independencia&#8221;.<\/p>\n\n\n\n<p class=\"has-text-align-center\">\u201cA debatir y organizar la bronca para transformarla en esperanza&#8221;.<\/p>\n\n\n\n<p class=\"has-text-align-center\">\u201cNos encontramos el martes 9 de julio en el Club Germinar de la ciudad de C\u00f3rdoba a las 10 horas\u201d.<\/p>\n<\/blockquote>\n","protected":false},"excerpt":{"rendered":"<p>El pr\u00f3ximo 9 de julio, D\u00eda de la Independencia, tendr\u00e1 lugar el Encuentro Provincial de la Militancia de la Central de Trabajadores de la Argentina (CTA Aut\u00f3noma) en el Club Germinar de la ciudad de C\u00f3rdoba. Una oportunidad para confraternizar, someter la coyuntura a debate, poner en com\u00fan pensamiento y acci\u00f3n para salir de esta [&hellip;]<\/p>\n","protected":false},"author":7,"featured_media":44368,"comment_status":"open","ping_status":"open","sticky":false,"template":"","format":"standard","meta":{"_exactmetrics_skip_tracking":false,"_exactmetrics_sitenote_active":false,"_exactmetrics_sitenote_note":"","_exactmetrics_sitenote_category":0,"jnews-multi-image_gallery":[],"jnews_single_post":{"subtitle":"\u201cVamos a parar un rato para charlar, para saber que tenemos d\u00edas buenos y d\u00edas malos, que no somos maquinitas que militamos todo el d\u00eda. M\u00e1s all\u00e1 de la acci\u00f3n -nosotros estamos en la calle permanentemente- para defender los derechos que nos corresponden, que est\u00e1n consagrados en la Constituci\u00f3n Nacional, derecho a la vivienda, a un salario digno, a la tierra, a una salud y educaci\u00f3n p\u00fablicas, gratuitas\u00a0 y de calidad, es necesario que abordemos entre todos los desaf\u00edos que nos plantea este nuevo tiempo\u201d, se\u00f1al\u00f3 Federico Giuliani, secretario General de la CTA-A C\u00f3rdoba.","format":"standard","video":"","gallery":"","source_name":"","source_url":"","via_name":"","via_url":"","override_template":"0","override":[{"template":"1","single_blog_custom":"","parallax":"1","fullscreen":"1","layout":"no-sidebar-narrow","sidebar":"default-sidebar","second_sidebar":"default-sidebar","sticky_sidebar":"1","share_position":"bottom","share_float_style":"share-monocrhome","show_share_counter":"1","show_view_counter":"1","show_featured":"0","show_post_meta":"1","show_post_author":"0","show_post_author_image":"1","show_post_date":"1","post_date_format":"default","post_date_format_custom":"Y\/m\/d","show_post_category":"1","show_post_reading_time":"0","post_reading_time_wpm":"300","show_zoom_button":"0","zoom_button_out_step":"2","zoom_button_in_step":"3","show_post_tag":"1","show_prev_next_post":"0","show_popup_post":"0","number_popup_post":"1","show_author_box":"0","show_post_related":"1","show_inline_post_related":"0"}],"override_image_size":"0","image_override":[{"single_post_thumbnail_size":"crop-500","single_post_gallery_size":"crop-500"}],"trending_post":"0","trending_post_position":"meta","trending_post_label":"Trending","sponsored_post":"0","sponsored_post_label":"Sponsored by","sponsored_post_name":"","sponsored_post_url":"","sponsored_post_logo_enable":"0","sponsored_post_logo":"","sponsored_post_desc":"","disable_ad":"0"},"jnews_primary_category":{"id":"","hide":""},"jnews_social_meta":{"fb_title":"","fb_description":"","fb_image":"","twitter_title":"","twitter_description":"","twitter_image":""},"jnews_review":[],"enable_review":"0","type":"percentage","name":"","summary":"","brand":"","sku":"","good":[{"good_text":""}],"bad":[{"bad_text":""}],"score_override":"0","override_value":"","rating":[{"rating_text":"","rating_number":"10"}],"price":[{"shop":"","price":"","link":"","icon":""}],"jnews_override_counter":{"override_view_counter":"0","view_counter_number":"0","override_share_counter":"0","share_counter_number":"0","override_like_counter":"0","like_counter_number":"0","override_dislike_counter":"0","dislike_counter_number":"0"},"jnews_post_split":{"enable_post_split":"0","post_split":[{"template":"1","tag":"h2","numbering":"asc","mode":"normal","first":"0","enable_toc":"0","toc_type":"normal"}]},"footnotes":""},"categories":[92],"tags":[],"class_list":["post-44363","post","type-post","status-publish","format-standard","has-post-thumbnail","hentry","category-cta"],"jetpack_featured_media_url":"https:\/\/atecordoba.org\/wp-content\/uploads\/2024\/07\/ctaa-cordoba-1-e1720013028842.jpeg","_links":{"self":[{"href":"https:\/\/atecordoba.org\/index.php?rest_route=\/wp\/v2\/posts\/44363","targetHints":{"allow":["GET"]}}],"collection":[{"href":"https:\/\/atecordoba.org\/index.php?rest_route=\/wp\/v2\/posts"}],"about":[{"href":"https:\/\/atecordoba.org\/index.php?rest_route=\/wp\/v2\/types\/post"}],"author":[{"embeddable":true,"href":"https:\/\/atecordoba.org\/index.php?rest_route=\/wp\/v2\/users\/7"}],"replies":[{"embeddable":true,"href":"https:\/\/atecordoba.org\/index.php?rest_route=%2Fwp%2Fv2%2Fcomments&post=44363"}],"version-history":[{"count":1,"href":"https:\/\/atecordoba.org\/index.php?rest_route=\/wp\/v2\/posts\/44363\/revisions"}],"predecessor-version":[{"id":44367,"href":"https:\/\/atecordoba.org\/index.php?rest_route=\/wp\/v2\/posts\/44363\/revisions\/44367"}],"wp:featuredmedia":[{"embeddable":true,"href":"https:\/\/atecordoba.org\/index.php?rest_route=\/wp\/v2\/media\/44368"}],"wp:attachment":[{"href":"https:\/\/atecordoba.org\/index.php?rest_route=%2Fwp%2Fv2%2Fmedia&parent=44363"}],"wp:term":[{"taxonomy":"category","embeddable":true,"href":"https:\/\/atecordoba.org\/index.php?rest_route=%2Fwp%2Fv2%2Fcategories&post=44363"},{"taxonomy":"post_tag","embeddable":true,"href":"https:\/\/atecordoba.org\/index.php?rest_route=%2Fwp%2Fv2%2Ftags&post=44363"}],"curies":[{"name":"wp","href":"https:\/\/api.w.org\/{rel}","templated":true}]}}