{"id":4433,"date":"2014-08-27T19:12:46","date_gmt":"2014-08-27T22:12:46","guid":{"rendered":"http:\/\/www.atecordoba.org\/?p=4433"},"modified":"2014-08-27T19:12:46","modified_gmt":"2014-08-27T22:12:46","slug":"cortes-paros-y-asambleas-en-cordoba-ratificaron-la-jornada-de-protesta-de-la-cta-en-cordoba","status":"publish","type":"post","link":"https:\/\/atecordoba.org\/?p=4433","title":{"rendered":"Cortes, paros y asambleas en C\u00f3rdoba ratificaron la jornada de protesta de la CTA en C\u00f3rdoba"},"content":{"rendered":"<p><em>Se realizaron medidas de fuerza con epicentro en C\u00f3rdoba capital pero extendidas a diversas ciudades del interior provincial. Una conjunci\u00f3n de las realidades provincial y nacional llevaron a los trabajadores a tomar las calles.<\/em><\/p>\n<p><a href=\"http:\/\/www.atecordoba.org\/wp-content\/uploads\/2014\/08\/IMG_6776.jpg\"><img loading=\"lazy\" decoding=\"async\" class=\"aligncenter  wp-image-4434\" src=\"http:\/\/www.atecordoba.org\/wp-content\/uploads\/2014\/08\/IMG_6776.jpg\" alt=\"IMG_6776\" width=\"592\" height=\"444\" \/><\/a><\/p>\n<p>Mientras los medios de comunicaci\u00f3n usaban la vieja f\u00f3rmula del \u2018caos vehicular\u2019, compa\u00f1eros de las organizaciones que integran la CTA salieron a manifestar la bronca por el caos econ\u00f3mico que viven las familias trabajadores porque la plata no alcanza.<\/p>\n<p>Son distintos puntos de vista para expresar la fuerza organizativa que mostr\u00f3 nuestra Central, junto a otras organizaciones, que reclamaron por la reapertura de paritarias, la derogaci\u00f3n del impuesto a las ganancias, un aumento urgente para los jubilados \u2013con la exigencia de llevarlos \u00a0haberes al 82% m\u00f3vil- y por el fin de los despidos y suspensiones.<a href=\"http:\/\/www.atecordoba.org\/wp-content\/uploads\/2014\/08\/P1220663.jpg\"><img loading=\"lazy\" decoding=\"async\" class=\"alignright wp-image-4435 size-medium\" src=\"http:\/\/www.atecordoba.org\/wp-content\/uploads\/2014\/08\/P1220663-300x225.jpg\" alt=\"P1220663\" width=\"300\" height=\"225\" \/><\/a><\/p>\n<p>En C\u00f3rdoba Capital se realizaron cinco cortes en distintos puntos de la ciudad. El secretario General de la CTA Capital, Francisco Pav\u00e1n, analiz\u00f3 como satisfactoria la jornada de protesta ya que se a la presencia callejera se sumaron distintos sectores con paros y asambleas. \u00a0\u201cLa realidad es que en el \u00faltimo a\u00f1o se perdieron 482 mil puestos de trabajo en Argentina, de los cuales 404 mil se perdieron este a\u00f1o. Al enfriarse la econom\u00eda los empresarios empiezan a despedir despu\u00e9s de haber ganado fortunas a tasas chinas. Como siempre se\u00a0 corta el hilo pro lo m\u00e1s delgado. Estamos planteando que las aplicaciones salariales de este a\u00f1o logradas por convenio tambi\u00e9n se perdieron por la inflaci\u00f3n y por eso reclamamos una reapertura de paritarias urgente porque la plata no alcanza\u201d, se\u00f1al\u00f3 el dirigente que es vocal del Consejo Directivo Provincial de ATE y representante de los no docentes de la Universidad Nacional de C\u00f3rdoba.<\/p>\n<p>Mientras sectores clave como Anses y la Administraci\u00f3n Nacional de Aviaci\u00f3n Civil (Anac) iniciaron las medidas de fuerza a primera hora, los compa\u00f1eros de los hospitales provinciales hicieron abandono de tareas alrededor de las 11 de la ma\u00f1ana para cortar la avenida que atraviesa el Polo Sanitario.<\/p>\n<p><a href=\"http:\/\/www.atecordoba.org\/wp-content\/uploads\/2014\/08\/IMG_6772.jpg\"><img loading=\"lazy\" decoding=\"async\" class=\"alignleft wp-image-4436 size-medium\" src=\"http:\/\/www.atecordoba.org\/wp-content\/uploads\/2014\/08\/IMG_6772-300x225.jpg\" alt=\"IMG_6772\" width=\"300\" height=\"225\" \/><\/a>\u201cEstamos contentos con la medida, que llevamos a cabo conjuntamente ATE con la Fesprosa. Lo que est\u00e1 ocurriendo en los hospitales es desastroso y es necesario dar una respuesta pol\u00edtica. Tenemos problemas comunes entre los provinciales y los nacionales. Paramos por el 82% m\u00f3vil, contra el impuesto a las ganancias y por la reapertura inmediata de las paritarias. Nosotros no discutimos salarios hasta marzo. ATE no firmo este acuerdo miserable que consiste en un cobro del 8.5 % hasta marzo y si alguno con ese porcentaje alcanza los 15 mil pesos, retrocede con el impuesto a las ganancias. Adem\u00e1s la falta de aparatolog\u00eda, el avance de la precarizaci\u00f3n laboral, de la tercerizaci\u00f3n. En C\u00f3rdoba espec\u00edficamente estamos como en los \u201990\u201d, afirm\u00f3 Fernando Castro, secretario Progremial de ATE C\u00f3rdoba.<\/p>\n<p>Tambi\u00e9n los peones de taxi participaron de la medida de fuerza de nuestra Central. A las 10 de la ma\u00f1ana hicieron una gran asamblea en el ingreso de la terminal de \u00f3mnibus que cort\u00f3 los accesos por el impulso del gremio que los representa, Sipetaco. El compa\u00f1ero Gabriel Juncos, vocal de la organizaci\u00f3n, dijo que los bajos salarios son la principal reivindicaci\u00f3n de esa organizaci\u00f3n que integra la CTA.<\/p>\n<p>\u201cLa escalada de suspensiones y despidos exigen una reacci\u00f3n y un mensaje pol\u00edtico del movimiento obrero, donde el Estado subvenciona a las grandes industrias que han ganado fortunas pero el ajuste pasa por el trabajador cuando baja la actividad econ\u00f3mica. Y eso no es justo\u201d, analiz\u00f3 en medio del piquete\u00a0realizado en Maip\u00fa y Sarmiento, Lu\u00eds Barcena, secretario Adjunto de la CTA Provincia de C\u00f3rdoba. All\u00ed se encontraron compa\u00f1eros de Ammar, ATE y organizaciones sociales que integran la Central.<a href=\"http:\/\/www.atecordoba.org\/wp-content\/uploads\/2014\/08\/IMG_6752.jpg\"><img loading=\"lazy\" decoding=\"async\" class=\"alignright wp-image-4437 size-medium\" src=\"http:\/\/www.atecordoba.org\/wp-content\/uploads\/2014\/08\/IMG_6752-300x225.jpg\" alt=\"IMG_6752\" width=\"300\" height=\"225\" \/><\/a><\/p>\n<p>Y agreg\u00f3: \u201cac\u00e1 la provincia se gastan millones en publicidad pero no se realiza la reapertura paritaria para contener la p\u00e9rdida de poder adquisitivo. Los provinciales tambi\u00e9n perdimos capacidad de compra, los pocos que pagan ganancias ven como se pierden por ese impuesto injusto las recomposiciones salariales. No hay pol\u00edticas para combatir la pobreza que aument\u00f3 mucho durante este a\u00f1o. C\u00f3rdoba es una provincia rica y cada vez se nota m\u00e1s la pobreza y la desocupaci\u00f3n pro falta de pol\u00edticas de Estado\u201d.<\/p>\n<p>Compa\u00f1eros de la Corriente Sindical del MST realizaron, por su parte, el corte de uno de los puentes de acceso al centro, frente a una de las sedes de la Anses, marcando la estrategia territorial de rodear la ciudad desde varios costados. Otro tanto realiz\u00f3 el Partido Obrero, en el puente General Paz.<\/p>\n<p><a href=\"http:\/\/www.atecordoba.org\/wp-content\/uploads\/2014\/08\/IMG_6787.jpg\"><img loading=\"lazy\" decoding=\"async\" class=\"alignleft wp-image-4438 size-medium\" src=\"http:\/\/www.atecordoba.org\/wp-content\/uploads\/2014\/08\/IMG_6787-300x225.jpg\" alt=\"IMG_6787\" width=\"300\" height=\"225\" \/><\/a>\u201cEl salario m\u00ednimo vital y m\u00f3vil que se establece en Argentina es una verg\u00fcenza. Este viernes se junta el gobierno con los empresarios y sus gremios amigos porque con 3600 pesos al mes no se llega a fin de mes, pero no alcanza con cambios cosm\u00e9ticos si no cumple su rol, establecido por el art\u00edculo 14 bis. Para poder garantizarlo deber\u00eda ser de 10 mil pesos, cubriendo la canasta familiar. Estamos en la calle porque nuestra agenda no es la de la discusi\u00f30n con los buitres sino de la deuda interna que existe con el pueblo\u201d, concluy\u00f3 Pav\u00e1n, mientras redoblaban los bombos de la CTA en las calles de C\u00f3rdoba.<\/p>\n<p>&nbsp;<\/p>\n<p><strong>En el interior<\/strong><\/p>\n<p>En R\u00edo Tercero, los compa\u00f1eros de la seccional encabezados por su secretario General, Cristian Colman, realizaron una asamblea en la F\u00e1brica Militar entre las 10 a 13.30 horas, en tanto ma\u00f1ana, a las 10 hs, se realizar\u00e1 otra asamblea en el Hospital Regional y en el complejo hotelero de Embalse.<\/p>\n<p>En Villa Mar\u00eda, los compa\u00f1eros llevaron a cabo una asamblea en el Hospital Regional Pasteur donde se debati\u00f3 la problem\u00e1tica del sector y <a href=\"http:\/\/www.atecordoba.org\/wp-content\/uploads\/2014\/08\/IMG_6795.jpg\"><img loading=\"lazy\" decoding=\"async\" class=\"alignright wp-image-4439 size-medium\" src=\"http:\/\/www.atecordoba.org\/wp-content\/uploads\/2014\/08\/IMG_6795-300x225.jpg\" alt=\"IMG_6795\" width=\"300\" height=\"225\" \/><\/a>para ma\u00f1ana, el secretario General de la seccional, Walter Secondino, anunci\u00f3 que est\u00e1 previsto un paro de dos horas en la F\u00e1brica de P\u00f3lvora donde se har\u00e1 una asamblea interna, igual que en la sede local de la Anses.<\/p>\n<p>Por \u00faltimo, en R\u00edo Cuarto los compa\u00f1eros se realizaron dos cortes. &#8220;Comenz\u00f3 con la devaluaci\u00f3n salvaje a comienzos de a\u00f1o, una inflaci\u00f3n que super\u00f3 los acuerdos paritarios y un fuerte tarifazo e impuestazos a nivel nacional, provincial y municipal. Y, mientras casi todos siguen preocupados por los fondos buitre, hay pocos que miran las serias dificultades internas que tenemos y padecemos los trabajadores\u201d, coment\u00f3 el secretario General de la CTA de dicha delegaci\u00f3n, Federico Giuliani.<\/p>\n<p><strong>Anac sigue el paro<\/strong><\/p>\n<p>Los trabajadores de la Anac realizaron a partir de las 9 abandono de tareas, quedando las guardias m\u00ednimas. Seg\u00fan explicaron los compa\u00f1eros, el sector funcion\u00f3 como d\u00eda feriado. A los efectos de los vuelos que se realizaron, se resinti\u00f3 la actividad y hubo demoras en cada operaci\u00f3n \u00e1rea realizada.<\/p>\n<p><a href=\"http:\/\/www.atecordoba.org\/wp-content\/uploads\/2014\/08\/P1220587.jpg\"><img loading=\"lazy\" decoding=\"async\" class=\"alignleft wp-image-4440 size-medium\" src=\"http:\/\/www.atecordoba.org\/wp-content\/uploads\/2014\/08\/P1220587-210x300.jpg\" alt=\"P1220587\" width=\"210\" height=\"300\" \/><\/a>Pero el sector mantiene su propio plan de lucha y por eso, al paro nacional de ma\u00f1ana que paraliz\u00e1 de forma total la aviaci\u00f3n civil y comercial \u00a0-con una regulaci\u00f3n de tr\u00e1nsito en la aviaci\u00f3n internacional de un vuelo cada 50 minutos- se dar\u00e1 continuidad de la medida de fuerza el viernes 29 de agosto, a partir de las 6 de la ma\u00f1ana, que concluir\u00e1 el s\u00e1bado a las 18 horas. Est\u00e1n garantizados los servicios m\u00ednimos esenciales, vuelos sanitarios, oficiales, lucha contra incendios y aquellos que provengan de vuelos intercontinentales.<\/p>\n<p>Este paro tiene por objetivo la modificaci\u00f3n del proyecto de ley enviado al congreso por el Ejecutivo nacional, que crea un empresa propiedad del Estado (EANA sa.), que en su art\u00edculo 13 establece el cambio de situaci\u00f3n de los trabajadores, pasando de la ley de empleado p\u00fablico a la ley de contrato de trabajo, ocasionando la p\u00e9rdida de la estabilidad laboral y un grave retroceso sobre los derechos adquiridos de los trabajadores del sector.<\/p>\n<p>Paralelamente, un grupo de delegados tienen reuniones en el congreso con senadores y diputados de las distintas comisiones y bloques pol\u00edticos donde se trata el proyecto para realizar las modificaciones planteadas por ATE.<\/p>\n","protected":false},"excerpt":{"rendered":"<p>Se realizaron medidas de fuerza con epicentro en C\u00f3rdoba capital pero extendidas a diversas ciudades del interior provincial. Una conjunci\u00f3n de las realidades provincial y nacional llevaron a los trabajadores a tomar las calles. Mientras los medios de comunicaci\u00f3n usaban la vieja f\u00f3rmula del \u2018caos vehicular\u2019, compa\u00f1eros de las organizaciones que integran la CTA salieron [&hellip;]<\/p>\n","protected":false},"author":1,"featured_media":19220,"comment_status":"open","ping_status":"open","sticky":false,"template":"","format":"standard","meta":{"_exactmetrics_skip_tracking":false,"_exactmetrics_sitenote_active":false,"_exactmetrics_sitenote_note":"","_exactmetrics_sitenote_category":0,"jnews-multi-image_gallery":[],"jnews_single_post":[],"jnews_primary_category":[],"jnews_social_meta":[],"jnews_review":[],"enable_review":"","type":"","name":"","summary":"","brand":"","sku":"","good":[],"bad":[],"score_override":"","override_value":"","rating":[],"price":[],"jnews_override_counter":[],"jnews_post_split":[],"footnotes":""},"categories":[92,18,8],"tags":[],"class_list":["post-4433","post","type-post","status-publish","format-standard","has-post-thumbnail","hentry","category-cta","category-nacionales","category-provinciales"],"jetpack_featured_media_url":"https:\/\/atecordoba.org\/wp-content\/uploads\/2020\/05\/logo-nuevochico-e1561581322808.png","_links":{"self":[{"href":"https:\/\/atecordoba.org\/index.php?rest_route=\/wp\/v2\/posts\/4433","targetHints":{"allow":["GET"]}}],"collection":[{"href":"https:\/\/atecordoba.org\/index.php?rest_route=\/wp\/v2\/posts"}],"about":[{"href":"https:\/\/atecordoba.org\/index.php?rest_route=\/wp\/v2\/types\/post"}],"author":[{"embeddable":true,"href":"https:\/\/atecordoba.org\/index.php?rest_route=\/wp\/v2\/users\/1"}],"replies":[{"embeddable":true,"href":"https:\/\/atecordoba.org\/index.php?rest_route=%2Fwp%2Fv2%2Fcomments&post=4433"}],"version-history":[{"count":0,"href":"https:\/\/atecordoba.org\/index.php?rest_route=\/wp\/v2\/posts\/4433\/revisions"}],"wp:featuredmedia":[{"embeddable":true,"href":"https:\/\/atecordoba.org\/index.php?rest_route=\/wp\/v2\/media\/19220"}],"wp:attachment":[{"href":"https:\/\/atecordoba.org\/index.php?rest_route=%2Fwp%2Fv2%2Fmedia&parent=4433"}],"wp:term":[{"taxonomy":"category","embeddable":true,"href":"https:\/\/atecordoba.org\/index.php?rest_route=%2Fwp%2Fv2%2Fcategories&post=4433"},{"taxonomy":"post_tag","embeddable":true,"href":"https:\/\/atecordoba.org\/index.php?rest_route=%2Fwp%2Fv2%2Ftags&post=4433"}],"curies":[{"name":"wp","href":"https:\/\/api.w.org\/{rel}","templated":true}]}}