{"id":44313,"date":"2024-07-01T10:18:49","date_gmt":"2024-07-01T13:18:49","guid":{"rendered":"https:\/\/atecordoba.org\/?p=44313"},"modified":"2024-07-01T10:45:52","modified_gmt":"2024-07-01T13:45:52","slug":"auxiliares-paicor-y-escolares-de-cordoba-capital-se-organizan-en-ate","status":"publish","type":"post","link":"https:\/\/atecordoba.org\/?p=44313","title":{"rendered":"Auxiliares PAICOR y Escolares de C\u00f3rdoba Capital se organizan en ATE"},"content":{"rendered":"<div class=\"wp-block-image\">\n<figure class=\"aligncenter size-large is-resized\"><img loading=\"lazy\" decoding=\"async\" width=\"1024\" height=\"768\" src=\"https:\/\/atecordoba.org\/wp-content\/uploads\/2024\/07\/2-1024x768.jpg\" alt=\"\" class=\"wp-image-44314\" style=\"width:600px\" \/><\/figure>\n<\/div>\n\n\n<p>(fuente <a href=\"https:\/\/ctaacordoba.org\/\">ctaacordoba.org<\/a>)<\/p>\n\n\n\n<p>El Secretario General de ATE C\u00f3rdoba, Federico Giuliani, junto a la Secretaria Adjunta del Consejo Directivo Provincial (CDP) del sindicato, Gabriela Alcoba, recibieron la semana pasada a las compa\u00f1eras referentes Auxiliares del PAICOR de la Capital para avanzar en la organizaci\u00f3n de estas trabajadoras del Estado Provincial.<\/p>\n\n\n<div class=\"wp-block-image\">\n<figure class=\"alignright size-full is-resized\"><img loading=\"lazy\" decoding=\"async\" width=\"300\" height=\"225\" src=\"https:\/\/atecordoba.org\/wp-content\/uploads\/2024\/07\/1.jpg\" alt=\"\" class=\"wp-image-44315\" style=\"width:316px;height:auto\" \/><\/figure>\n<\/div>\n\n\n<p>Las Auxiliares PAICOR y Escolares conforman un colectivo caracterizado por el trabajo precarizado del \u00c1rea de Educaci\u00f3n P\u00fablica. Desde hace m\u00e1s de dos a\u00f1os crece su organizaci\u00f3n en ATE y la CTA-A C\u00f3rdoba. El punto de partida fue R\u00edo Tercero, que es donde se inicia esta movida de los precarizados.<\/p>\n\n\n\n<p>Giuliani manifest\u00f3 que \u201capostamos a construir un espacio de representatividad que tiene la potencialidad de contener a m\u00e1s de 6 mil trabajadoras que prestan tareas en escuelas p\u00fablicas de la Provincia de C\u00f3rdoba, actualmente en condiciones de absoluta precarizaci\u00f3n laboral. Las trabajadoras no tienen contrato ni alg\u00fan tipo de v\u00ednculo formal con el Estado empleador, no se respeta la estabilidad laboral, con condiciones de trabajo indignas, muchas veces por la desidia de las pol\u00edticas p\u00fablicas, sin ropa de trabajo e insumos para llevar adelante sus tareas, sin vacaciones pagas ni licencia por maternidad o enfermedad, sin cobrar su sueldo cuando las escuelas cierran, una situaci\u00f3n alarmante\u201d.<\/p>\n\n\n\n<p>Por su parte, Alcoba dijo que es necesario reconocer \u201c40 a\u00f1os cubriendo las necesidades esenciales de las ni\u00f1as y ni\u00f1os de C\u00f3rdoba. Las compa\u00f1eras del PAICOR eligieron hace tiempo a ATE para pelear por sus derechos. Sabemos que las condiciones que est\u00e1n son muy precarias y falta mucho. Hay un piso de dignidad que est\u00e1 relacionado con poder ejercer la capacidad de organizarse y de ah\u00ed para arriba todo\u201d, sostuvo.<\/p>\n\n\n\n<p>\u201cEl puntapi\u00e9 inicial lo dimos apoyando y comprometi\u00e9ndonos con la lucha incansable de las Auxiliares Escolares y PAICOR de R\u00edo Tercero, para abarcar luego otras localidades, incluyendo C\u00f3rdoba Capital, donde el 8 de marzo de este a\u00f1o, y a partir de gestiones realizadas por ATE, se logr\u00f3 la reincorporaci\u00f3n de 7 compa\u00f1eras despedidas que recuperaron sus puestos de trabajo\u201d, destac\u00f3.<\/p>\n\n\n\n<p><\/p>\n","protected":false},"excerpt":{"rendered":"<p>(fuente ctaacordoba.org) El Secretario General de ATE C\u00f3rdoba, Federico Giuliani, junto a la Secretaria Adjunta del Consejo Directivo Provincial (CDP) del sindicato, Gabriela Alcoba, recibieron la semana pasada a las compa\u00f1eras referentes Auxiliares del PAICOR de la Capital para avanzar en la organizaci\u00f3n de estas trabajadoras del Estado Provincial. Las Auxiliares PAICOR y Escolares conforman [&hellip;]<\/p>\n","protected":false},"author":7,"featured_media":44314,"comment_status":"open","ping_status":"open","sticky":false,"template":"","format":"standard","meta":{"_exactmetrics_skip_tracking":false,"_exactmetrics_sitenote_active":false,"_exactmetrics_sitenote_note":"","_exactmetrics_sitenote_category":0,"jnews-multi-image_gallery":[],"jnews_single_post":{"subtitle":"\"Es necesario reconocer 40 a\u00f1os cubriendo las necesidades esenciales de las ni\u00f1as y ni\u00f1os de C\u00f3rdoba. Las compa\u00f1eras del PAICOR eligieron hace tiempo a ATE para pelear por sus derechos. Sabemos que las condiciones que est\u00e1n son muy precarias y falta mucho. Hay un piso de dignidad que est\u00e1 relacionado con poder ejercer la capacidad de organizarse y de ah\u00ed para arriba todo\u201d, sostuvo la secretaria Adjunta de ATE C\u00f3rdoba, Gabriela Alcoba.","format":"standard","video":"","gallery":"","source_name":"","source_url":"","via_name":"","via_url":"","override_template":"0","override":[{"template":"1","single_blog_custom":"","parallax":"1","fullscreen":"1","layout":"no-sidebar-narrow","sidebar":"default-sidebar","second_sidebar":"default-sidebar","sticky_sidebar":"1","share_position":"bottom","share_float_style":"share-monocrhome","show_share_counter":"1","show_view_counter":"1","show_featured":"0","show_post_meta":"1","show_post_author":"0","show_post_author_image":"1","show_post_date":"1","post_date_format":"default","post_date_format_custom":"Y\/m\/d","show_post_category":"1","show_post_reading_time":"0","post_reading_time_wpm":"300","show_zoom_button":"0","zoom_button_out_step":"2","zoom_button_in_step":"3","show_post_tag":"1","show_prev_next_post":"0","show_popup_post":"0","number_popup_post":"1","show_author_box":"0","show_post_related":"1","show_inline_post_related":"0"}],"override_image_size":"0","image_override":[{"single_post_thumbnail_size":"crop-500","single_post_gallery_size":"crop-500"}],"trending_post":"0","trending_post_position":"meta","trending_post_label":"Trending","sponsored_post":"0","sponsored_post_label":"Sponsored by","sponsored_post_name":"","sponsored_post_url":"","sponsored_post_logo_enable":"0","sponsored_post_logo":"","sponsored_post_desc":"","disable_ad":"0"},"jnews_primary_category":{"id":"","hide":""},"jnews_social_meta":{"fb_title":"","fb_description":"","fb_image":"","twitter_title":"","twitter_description":"","twitter_image":""},"jnews_review":[],"enable_review":"0","type":"percentage","name":"","summary":"","brand":"","sku":"","good":[{"good_text":""}],"bad":[{"bad_text":""}],"score_override":"0","override_value":"","rating":[{"rating_text":"","rating_number":"10"}],"price":[{"shop":"","price":"","link":"","icon":""}],"jnews_override_counter":{"override_view_counter":"0","view_counter_number":"0","override_share_counter":"0","share_counter_number":"0","override_like_counter":"0","like_counter_number":"0","override_dislike_counter":"0","dislike_counter_number":"0"},"jnews_post_split":{"enable_post_split":"0","post_split":[{"template":"1","tag":"h2","numbering":"asc","mode":"normal","first":"0","enable_toc":"0","toc_type":"normal"}]},"footnotes":""},"categories":[8],"tags":[],"class_list":["post-44313","post","type-post","status-publish","format-standard","has-post-thumbnail","hentry","category-provinciales"],"jetpack_featured_media_url":"https:\/\/atecordoba.org\/wp-content\/uploads\/2024\/07\/2-e1719841545517.jpg","_links":{"self":[{"href":"https:\/\/atecordoba.org\/index.php?rest_route=\/wp\/v2\/posts\/44313","targetHints":{"allow":["GET"]}}],"collection":[{"href":"https:\/\/atecordoba.org\/index.php?rest_route=\/wp\/v2\/posts"}],"about":[{"href":"https:\/\/atecordoba.org\/index.php?rest_route=\/wp\/v2\/types\/post"}],"author":[{"embeddable":true,"href":"https:\/\/atecordoba.org\/index.php?rest_route=\/wp\/v2\/users\/7"}],"replies":[{"embeddable":true,"href":"https:\/\/atecordoba.org\/index.php?rest_route=%2Fwp%2Fv2%2Fcomments&post=44313"}],"version-history":[{"count":1,"href":"https:\/\/atecordoba.org\/index.php?rest_route=\/wp\/v2\/posts\/44313\/revisions"}],"predecessor-version":[{"id":44317,"href":"https:\/\/atecordoba.org\/index.php?rest_route=\/wp\/v2\/posts\/44313\/revisions\/44317"}],"wp:featuredmedia":[{"embeddable":true,"href":"https:\/\/atecordoba.org\/index.php?rest_route=\/wp\/v2\/media\/44314"}],"wp:attachment":[{"href":"https:\/\/atecordoba.org\/index.php?rest_route=%2Fwp%2Fv2%2Fmedia&parent=44313"}],"wp:term":[{"taxonomy":"category","embeddable":true,"href":"https:\/\/atecordoba.org\/index.php?rest_route=%2Fwp%2Fv2%2Fcategories&post=44313"},{"taxonomy":"post_tag","embeddable":true,"href":"https:\/\/atecordoba.org\/index.php?rest_route=%2Fwp%2Fv2%2Ftags&post=44313"}],"curies":[{"name":"wp","href":"https:\/\/api.w.org\/{rel}","templated":true}]}}