{"id":44306,"date":"2024-07-01T09:39:16","date_gmt":"2024-07-01T12:39:16","guid":{"rendered":"https:\/\/atecordoba.org\/?p=44306"},"modified":"2024-07-01T09:40:29","modified_gmt":"2024-07-01T12:40:29","slug":"ajuste-ola-de-despidos-este-fin-de-semana-con-impacto-del-inti-cdr-y-ministerio-de-mujeres-entre-otros","status":"publish","type":"post","link":"https:\/\/atecordoba.org\/?p=44306","title":{"rendered":"Ajuste: ola de despidos este fin de semana con impacto del INTI, CDR y Ministerio de Mujeres en C\u00f3rdoba"},"content":{"rendered":"<div class=\"wp-block-image\">\n<figure class=\"aligncenter size-full\"><img loading=\"lazy\" decoding=\"async\" width=\"723\" height=\"395\" src=\"https:\/\/atecordoba.org\/wp-content\/uploads\/2024\/07\/banderas-ate-trabajo.jpg\" alt=\"\" class=\"wp-image-44307\" srcset=\"https:\/\/atecordoba.org\/wp-content\/uploads\/2024\/07\/banderas-ate-trabajo.jpg 723w, https:\/\/atecordoba.org\/wp-content\/uploads\/2024\/07\/banderas-ate-trabajo-300x164.jpg 300w\" sizes=\"auto, (max-width: 723px) 100vw, 723px\" \/><\/figure>\n<\/div>\n\n\n<p>(fuente: eldestapeweb.com)<\/p>\n\n\n\n<p>ATE anunci\u00f3 que durante el fin de semana ya se registraron 2.305 nuevos despidos en la administraci\u00f3n p\u00fablica. Por este motivo, nuestra conducci\u00f3n nacional convoc\u00f3 hoy lunes a realizar protestas en todos los organismos p\u00fablicos y ministerios.<\/p>\n\n\n\n<p>En C\u00f3rdoba, la medida del gobierno tiene especial impacto entre el personal del Ministerio de la Mujer, el Instituto Nacional de Tecnolog\u00eda Industrial (INTI) y el Centro de Referencia (CDR) del ex Ministerio de Desarrollo Social. <\/p>\n\n\n\n<p>El secretario general de ATE nacional, Rodolfo Aguiar, expres\u00f3: &#8220;Enfrentamos un plan sistem\u00e1tico para destruir el Estado en el que los nuevos desaparecidos son los trabajadores despedidos. Ellos y sus familias est\u00e1n siendo condenados a una muerte civil&#8221;. Aguiar encabezar\u00e1 las medidas de fuerza junto a la conducci\u00f3n nacional partir de las 9 en la sede nacional del Instituto Nacional de Tecnolog\u00eda Industrial (INTI).<\/p>\n\n\n\n<p>\u201cEsto se parece cada vez m\u00e1s a una dictadura. Enfrentamos un plan sistem\u00e1tico para destruir el Estado en el que los nuevos desaparecidos son los trabajadores despedidos y sus familias\u201d, se\u00f1al\u00f3 Aguiar, quien agreg\u00f3: &#8220;Al igual que en marzo, nuevamente se advierte una gran cantidad de cesant\u00edas en el interior del pa\u00eds&#8221;. \u201cPor estas horas el Estado nacional agoniza en las provincias. Su ausencia es casi total&#8221;, sentenci\u00f3.<\/p>\n\n\n\n<p>El secretario general opin\u00f3 que, &#8220;si el Gobierno quiere llevar adelante una barrida y limpieza en el Estado&#8221;, deber\u00eda comenzar &#8220;pasando la escoba por Quinta de Olivos y la Casa Rosada porque ah\u00ed es donde est\u00e1 toda la basura&#8221;. &#8220;Estos despidos se traducen en una p\u00e9rdida de derechos para toda la poblaci\u00f3n. El empleo p\u00fablico est\u00e1 estrechamente ligado a los derechos sociales, econ\u00f3micos y culturales que los Estados tienen que garantizar a trav\u00e9s de sus pol\u00edticas p\u00fablicas. Cada vez que en la administraci\u00f3n p\u00fablica se destruye un puesto de empleo, hay una pol\u00edtica p\u00fablica que se desmantela y un derecho que se pierde&#8221;, sigui\u00f3 el dirigente gremial. <\/p>\n\n\n\n<p>En un comunicado de prensa difundido ayer Aguiar advirti\u00f3: &#8220;No tenemos que dudar nunca acerca de que las herramientas m\u00e1s eficaces que tenemos los estatales para enfrentar este doloroso presente, son la huelga y movilizaci\u00f3n. En las pr\u00f3ximas horas tenemos que multiplicar las protestas para exigir la inmediata reincorporaci\u00f3n de los despedidos y que se garantice la renovaci\u00f3n autom\u00e1tica de todos los contratos&#8221;.<\/p>\n\n\n\n<p>El relevamiento de despidos difundido por ATE se realiz\u00f3 a partir del Monitor de Despidos, creado en el comienzo del gobierno de Javier Milei, cuando ya amenazaba con efectuar despidos masivos. El n\u00famero, indic\u00f3 el gremio, podr\u00eda aumentar en las pr\u00f3ximas horas, con las notificaciones que lleguen el lunes a primera hora.<\/p>\n\n\n\n<p>Hasta el momento, el gremio conducido por Aguiar indic\u00f3 que uno de los organismos m\u00e1s afectados es el ex Ministerio de las Mujeres, G\u00e9neros y Diversidad, donde se anunciaron 450 despidos, que representan el 80% del personal. Adem\u00e1s, hubo 700 despidos en la Secretar\u00eda de Derechos Humanos, 370 en el ex Ministerio de Desarrollo Social, 285 en el INTI, 79 en Parques Nacionales y 20 en el Incaa, entre otros organismos.<\/p>\n","protected":false},"excerpt":{"rendered":"<p>(fuente: eldestapeweb.com) ATE anunci\u00f3 que durante el fin de semana ya se registraron 2.305 nuevos despidos en la administraci\u00f3n p\u00fablica. Por este motivo, nuestra conducci\u00f3n nacional convoc\u00f3 hoy lunes a realizar protestas en todos los organismos p\u00fablicos y ministerios. En C\u00f3rdoba, la medida del gobierno tiene especial impacto entre el personal del Ministerio de la [&hellip;]<\/p>\n","protected":false},"author":7,"featured_media":44307,"comment_status":"open","ping_status":"open","sticky":false,"template":"","format":"standard","meta":{"_exactmetrics_skip_tracking":false,"_exactmetrics_sitenote_active":false,"_exactmetrics_sitenote_note":"","_exactmetrics_sitenote_category":0,"jnews-multi-image_gallery":[],"jnews_single_post":{"subtitle":"\u201cEsto se parece cada vez m\u00e1s a una dictadura. Enfrentamos un plan sistem\u00e1tico para destruir el Estado en el que los nuevos desaparecidos son los trabajadores despedidos y sus familias\u201d, se\u00f1al\u00f3 el secretario General de ATE Nacional, Rodolfo Aguiar. Los organismos m\u00e1s afectados es el ex Ministerio de las Mujeres, G\u00e9neros y Diversidad, donde se anunciaron 450 despidos, que representan el 80% del personal. Adem\u00e1s, hubo 700 despidos en la Secretar\u00eda de Derechos Humanos, 370 en el ex Ministerio de Desarrollo Social, 285 en el INTI, 79 en Parques Nacionales y 20 en el Incaa, entre otros organismos.","format":"standard","video":"","gallery":"","source_name":"","source_url":"","via_name":"","via_url":"","override_template":"0","override":[{"template":"1","single_blog_custom":"","parallax":"1","fullscreen":"1","layout":"no-sidebar-narrow","sidebar":"default-sidebar","second_sidebar":"default-sidebar","sticky_sidebar":"1","share_position":"bottom","share_float_style":"share-monocrhome","show_share_counter":"1","show_view_counter":"1","show_featured":"0","show_post_meta":"1","show_post_author":"0","show_post_author_image":"1","show_post_date":"1","post_date_format":"default","post_date_format_custom":"Y\/m\/d","show_post_category":"1","show_post_reading_time":"0","post_reading_time_wpm":"300","show_zoom_button":"0","zoom_button_out_step":"2","zoom_button_in_step":"3","show_post_tag":"1","show_prev_next_post":"0","show_popup_post":"0","number_popup_post":"1","show_author_box":"0","show_post_related":"1","show_inline_post_related":"0"}],"override_image_size":"0","image_override":[{"single_post_thumbnail_size":"crop-500","single_post_gallery_size":"crop-500"}],"trending_post":"0","trending_post_position":"meta","trending_post_label":"Trending","sponsored_post":"0","sponsored_post_label":"Sponsored by","sponsored_post_name":"","sponsored_post_url":"","sponsored_post_logo_enable":"0","sponsored_post_logo":"","sponsored_post_desc":"","disable_ad":"0"},"jnews_primary_category":{"id":"","hide":""},"jnews_social_meta":{"fb_title":"","fb_description":"","fb_image":"","twitter_title":"","twitter_description":"","twitter_image":""},"jnews_review":[],"enable_review":"0","type":"percentage","name":"","summary":"","brand":"","sku":"","good":[{"good_text":""}],"bad":[{"bad_text":""}],"score_override":"0","override_value":"","rating":[{"rating_text":"","rating_number":"10"}],"price":[{"shop":"","price":"","link":"","icon":""}],"jnews_override_counter":{"override_view_counter":"0","view_counter_number":"0","override_share_counter":"0","share_counter_number":"0","override_like_counter":"0","like_counter_number":"0","override_dislike_counter":"0","dislike_counter_number":"0"},"jnews_post_split":{"enable_post_split":"0","post_split":[{"template":"1","tag":"h2","numbering":"asc","mode":"normal","first":"0","enable_toc":"0","toc_type":"normal"}]},"footnotes":""},"categories":[756],"tags":[],"class_list":["post-44306","post","type-post","status-publish","format-standard","has-post-thumbnail","hentry","category-consejo-directivo-nacional-cdn"],"jetpack_featured_media_url":"https:\/\/atecordoba.org\/wp-content\/uploads\/2024\/07\/banderas-ate-trabajo.jpg","_links":{"self":[{"href":"https:\/\/atecordoba.org\/index.php?rest_route=\/wp\/v2\/posts\/44306","targetHints":{"allow":["GET"]}}],"collection":[{"href":"https:\/\/atecordoba.org\/index.php?rest_route=\/wp\/v2\/posts"}],"about":[{"href":"https:\/\/atecordoba.org\/index.php?rest_route=\/wp\/v2\/types\/post"}],"author":[{"embeddable":true,"href":"https:\/\/atecordoba.org\/index.php?rest_route=\/wp\/v2\/users\/7"}],"replies":[{"embeddable":true,"href":"https:\/\/atecordoba.org\/index.php?rest_route=%2Fwp%2Fv2%2Fcomments&post=44306"}],"version-history":[{"count":2,"href":"https:\/\/atecordoba.org\/index.php?rest_route=\/wp\/v2\/posts\/44306\/revisions"}],"predecessor-version":[{"id":44310,"href":"https:\/\/atecordoba.org\/index.php?rest_route=\/wp\/v2\/posts\/44306\/revisions\/44310"}],"wp:featuredmedia":[{"embeddable":true,"href":"https:\/\/atecordoba.org\/index.php?rest_route=\/wp\/v2\/media\/44307"}],"wp:attachment":[{"href":"https:\/\/atecordoba.org\/index.php?rest_route=%2Fwp%2Fv2%2Fmedia&parent=44306"}],"wp:term":[{"taxonomy":"category","embeddable":true,"href":"https:\/\/atecordoba.org\/index.php?rest_route=%2Fwp%2Fv2%2Fcategories&post=44306"},{"taxonomy":"post_tag","embeddable":true,"href":"https:\/\/atecordoba.org\/index.php?rest_route=%2Fwp%2Fv2%2Ftags&post=44306"}],"curies":[{"name":"wp","href":"https:\/\/api.w.org\/{rel}","templated":true}]}}