{"id":4429,"date":"2014-08-25T13:47:02","date_gmt":"2014-08-25T16:47:02","guid":{"rendered":"http:\/\/www.atecordoba.org\/?p=4429"},"modified":"2014-08-25T13:47:02","modified_gmt":"2014-08-25T16:47:02","slug":"ate-adhiere-y-convoca-al-paro-general-de-la-cta","status":"publish","type":"post","link":"https:\/\/atecordoba.org\/?p=4429","title":{"rendered":"ATE adhiere y convoca al paro general de la CTA"},"content":{"rendered":"<p><em>En el marco del plan de lucha que viene llevando adelante la CTA, ATE adhiere y convoca a realizar el paro total de actividades que se realizar\u00e1 los d\u00edas mi\u00e9rcoles 27 y jueves 28 de agosto del corriente.<\/em><\/p>\n<p><a href=\"http:\/\/www.atecordoba.org\/wp-content\/uploads\/2014\/08\/IMG_5901.jpg\"><img loading=\"lazy\" decoding=\"async\" class=\"aligncenter  wp-image-4430\" src=\"http:\/\/www.atecordoba.org\/wp-content\/uploads\/2014\/08\/IMG_5901.jpg\" alt=\"IMG_5901\" width=\"580\" height=\"435\" \/><\/a><\/p>\n<p>&nbsp;<\/p>\n<p>La medida de fuerza se llevar\u00e1 a cabo con abandono de tareas a partir de las 9 del mi\u00e9rcoles y concentraci\u00f3n en diversos puntos de la ciudad para hacer sentir en las calles el reclamo de los trabajadores estatales, nacionales provinciales y municipales; en tanto, el jueves el paro tendr\u00e1 la modalidad sin asistencia a los lugares de trabajo.<\/p>\n<p>Paramos por:<\/p>\n<ul>\n<li>reapertura de paritarias para compensar la p\u00e9rdida de poder adquisitivo por la inflaci\u00f3n<\/li>\n<li>trabajo digno y fin de la precarizaci\u00f3n laboral \u2013 pase a planta permanente<\/li>\n<li>cobertura de cargos vacantes generados por jubilaciones<\/li>\n<li>condiciones dignas de trabajo<\/li>\n<li>82% m\u00f3vil para los jubilados<\/li>\n<li>derogaci\u00f3n del impuesto a las ganancias sobre los salarios<\/li>\n<li>en\u00a0 defensa del sistema de salud p\u00fablica<\/li>\n<li>investigaci\u00f3n y no al pago de la deuda externa ileg\u00edtima<\/li>\n<li>fin de los despidos y suspensiones en el sector privado<\/li>\n<\/ul>\n<p>ATE convoca a todos los compa\u00f1eros a concentrar a las 10 horas en nuestra sede, Paran\u00e1 140, para luego movilizarnos. Por su parte, los compa\u00f1eros de los hospitales provinciales concentran directamente en el Polo Sanitario a la misma hora.<\/p>\n<p>&nbsp;<\/p>\n<p style=\"text-align: right;\">Mar\u00eda Teresa Romero<\/p>\n<p style=\"text-align: right;\">Secretaria General<\/p>\n<p style=\"text-align: right;\">ATE C\u00f3rdoba<\/p>\n","protected":false},"excerpt":{"rendered":"<p>En el marco del plan de lucha que viene llevando adelante la CTA, ATE adhiere y convoca a realizar el paro total de actividades que se realizar\u00e1 los d\u00edas mi\u00e9rcoles 27 y jueves 28 de agosto del corriente. &nbsp; La medida de fuerza se llevar\u00e1 a cabo con abandono de tareas a partir de las [&hellip;]<\/p>\n","protected":false},"author":1,"featured_media":19220,"comment_status":"open","ping_status":"open","sticky":false,"template":"","format":"standard","meta":{"_exactmetrics_skip_tracking":false,"_exactmetrics_sitenote_active":false,"_exactmetrics_sitenote_note":"","_exactmetrics_sitenote_category":0,"jnews-multi-image_gallery":[],"jnews_single_post":[],"jnews_primary_category":[],"jnews_social_meta":[],"jnews_review":[],"enable_review":"","type":"","name":"","summary":"","brand":"","sku":"","good":[],"bad":[],"score_override":"","override_value":"","rating":[],"price":[],"jnews_override_counter":[],"jnews_post_split":[],"footnotes":""},"categories":[92,20,18,8],"tags":[],"class_list":["post-4429","post","type-post","status-publish","format-standard","has-post-thumbnail","hentry","category-cta","category-municipales","category-nacionales","category-provinciales"],"jetpack_featured_media_url":"https:\/\/atecordoba.org\/wp-content\/uploads\/2020\/05\/logo-nuevochico-e1561581322808.png","_links":{"self":[{"href":"https:\/\/atecordoba.org\/index.php?rest_route=\/wp\/v2\/posts\/4429","targetHints":{"allow":["GET"]}}],"collection":[{"href":"https:\/\/atecordoba.org\/index.php?rest_route=\/wp\/v2\/posts"}],"about":[{"href":"https:\/\/atecordoba.org\/index.php?rest_route=\/wp\/v2\/types\/post"}],"author":[{"embeddable":true,"href":"https:\/\/atecordoba.org\/index.php?rest_route=\/wp\/v2\/users\/1"}],"replies":[{"embeddable":true,"href":"https:\/\/atecordoba.org\/index.php?rest_route=%2Fwp%2Fv2%2Fcomments&post=4429"}],"version-history":[{"count":0,"href":"https:\/\/atecordoba.org\/index.php?rest_route=\/wp\/v2\/posts\/4429\/revisions"}],"wp:featuredmedia":[{"embeddable":true,"href":"https:\/\/atecordoba.org\/index.php?rest_route=\/wp\/v2\/media\/19220"}],"wp:attachment":[{"href":"https:\/\/atecordoba.org\/index.php?rest_route=%2Fwp%2Fv2%2Fmedia&parent=4429"}],"wp:term":[{"taxonomy":"category","embeddable":true,"href":"https:\/\/atecordoba.org\/index.php?rest_route=%2Fwp%2Fv2%2Fcategories&post=4429"},{"taxonomy":"post_tag","embeddable":true,"href":"https:\/\/atecordoba.org\/index.php?rest_route=%2Fwp%2Fv2%2Ftags&post=4429"}],"curies":[{"name":"wp","href":"https:\/\/api.w.org\/{rel}","templated":true}]}}