{"id":44225,"date":"2024-06-26T10:48:47","date_gmt":"2024-06-26T13:48:47","guid":{"rendered":"https:\/\/atecordoba.org\/?p=44225"},"modified":"2024-06-26T10:50:04","modified_gmt":"2024-06-26T13:50:04","slug":"ate-anuncio-una-jornada-nacional-de-lucha-con-movilizacion-al-congreso-manana-dia-del-estatal","status":"publish","type":"post","link":"https:\/\/atecordoba.org\/?p=44225","title":{"rendered":"ATE moviliza ma\u00f1ana al Congreso en el D\u00eda del Estatal"},"content":{"rendered":"<div class=\"wp-block-image\">\n<figure class=\"aligncenter size-full is-resized\"><img loading=\"lazy\" decoding=\"async\" width=\"680\" height=\"680\" src=\"https:\/\/atecordoba.org\/wp-content\/uploads\/2024\/06\/flyer-marcha-congreso-27-6.jpg\" alt=\"\" class=\"wp-image-44226\" style=\"width:600px\" srcset=\"https:\/\/atecordoba.org\/wp-content\/uploads\/2024\/06\/flyer-marcha-congreso-27-6.jpg 680w, https:\/\/atecordoba.org\/wp-content\/uploads\/2024\/06\/flyer-marcha-congreso-27-6-300x300.jpg 300w, https:\/\/atecordoba.org\/wp-content\/uploads\/2024\/06\/flyer-marcha-congreso-27-6-150x150.jpg 150w, https:\/\/atecordoba.org\/wp-content\/uploads\/2024\/06\/flyer-marcha-congreso-27-6-560x560.jpg 560w, https:\/\/atecordoba.org\/wp-content\/uploads\/2024\/06\/flyer-marcha-congreso-27-6-75x75.jpg 75w, https:\/\/atecordoba.org\/wp-content\/uploads\/2024\/06\/flyer-marcha-congreso-27-6-350x350.jpg 350w\" sizes=\"auto, (max-width: 680px) 100vw, 680px\" \/><\/figure>\n<\/div>\n\n\n<p>ATE anunci\u00f3 una nueva Jornada Nacional de Lucha con movilizaci\u00f3n al Congreso para ma\u00f1ana jueves a las 14, d\u00eda en que se debaten las reformas de la Ley Bases en la C\u00e1mara de Diputados.<\/p>\n\n\n\n<p>\u201cA los diputados que levanten la mano a favor de la Ley Bases no hay que votarlos nunca m\u00e1s. No importa de qu\u00e9 partido sean, se les tiene que terminar la carrera pol\u00edtica por, ser traidores a su pueblo, por hacerle el trabajo sucio al Gobierno, por ser sicarios y apretar el gatillo por encargo de los multimillonarios argentinos y de las multinacionales extranjeras\u201d, apunt\u00f3 Rodolfo Aguiar, Secretario General de ATE.<\/p>\n\n\n\n<p>Desde Mar del Plata, donde particip\u00f3 de un Plenario de Trabajadores del Estado Nacional, el dirigente agreg\u00f3: \u201cComo en la dictadura, hay un plan sistem\u00e1tico y el Gobierno intentar\u00e1 nuevamente a fin de mes hacer desaparecer trabajadores. Despedirlos y condenarlos as\u00ed a su muerte civil. &nbsp;No vaya a ser cosa que el topo que quiere destruir el Estado, termine destruido\u201d.<\/p>\n\n\n\n<p>\u201cLa Reforma Laboral incorporada en la norma es absolutamente regresiva y no va a contribuir a crear m\u00e1s empleo ni tampoco a mejorar los actuales indicadores econ\u00f3micos y sociales. Los trabajadores nos negamos a ser ratas de laboratorio y que experimenten con nosotros teor\u00edas da\u00f1inas y delirantes que ya fracasaron en todo el mundo\u201d, concluy\u00f3 el Secretario General de ATE.<\/p>\n\n\n\n<p>La medida de fuerza se da, por un lado, como rechazo a la ley que plantea un profundo desguace del Estado, pero tambi\u00e9n contra la amenaza de m\u00e1s de 50 mil despidos en la administraci\u00f3n p\u00fablica nacional para fin de mes.<\/p>\n","protected":false},"excerpt":{"rendered":"<p>ATE anunci\u00f3 una nueva Jornada Nacional de Lucha con movilizaci\u00f3n al Congreso para ma\u00f1ana jueves a las 14, d\u00eda en que se debaten las reformas de la Ley Bases en la C\u00e1mara de Diputados. \u201cA los diputados que levanten la mano a favor de la Ley Bases no hay que votarlos nunca m\u00e1s. No importa [&hellip;]<\/p>\n","protected":false},"author":7,"featured_media":44227,"comment_status":"open","ping_status":"open","sticky":false,"template":"","format":"standard","meta":{"_exactmetrics_skip_tracking":false,"_exactmetrics_sitenote_active":false,"_exactmetrics_sitenote_note":"","_exactmetrics_sitenote_category":0,"jnews-multi-image_gallery":[],"jnews_single_post":{"subtitle":"\u201cA los diputados que levanten la mano a favor de la Ley Bases no hay que votarlos nunca m\u00e1s. No importa de qu\u00e9 partido sean, se les tiene que terminar la carrera pol\u00edtica por, ser traidores a su pueblo, por hacerle el trabajo sucio al Gobierno, por ser sicarios y apretar el gatillo por encargo de los multimillonarios argentinos y de las multinacionales extranjeras\u201d, apunt\u00f3 Rodolfo Aguiar, Secretario General de ATE.","format":"standard","video":"","gallery":"","source_name":"","source_url":"","via_name":"","via_url":"","override_template":"0","override":[{"template":"1","single_blog_custom":"","parallax":"1","fullscreen":"1","layout":"no-sidebar-narrow","sidebar":"default-sidebar","second_sidebar":"default-sidebar","sticky_sidebar":"1","share_position":"bottom","share_float_style":"share-monocrhome","show_share_counter":"1","show_view_counter":"1","show_featured":"0","show_post_meta":"1","show_post_author":"0","show_post_author_image":"1","show_post_date":"1","post_date_format":"default","post_date_format_custom":"Y\/m\/d","show_post_category":"1","show_post_reading_time":"0","post_reading_time_wpm":"300","show_zoom_button":"0","zoom_button_out_step":"2","zoom_button_in_step":"3","show_post_tag":"1","show_prev_next_post":"0","show_popup_post":"0","number_popup_post":"1","show_author_box":"0","show_post_related":"1","show_inline_post_related":"0"}],"override_image_size":"0","image_override":[{"single_post_thumbnail_size":"crop-500","single_post_gallery_size":"crop-500"}],"trending_post":"0","trending_post_position":"meta","trending_post_label":"Trending","sponsored_post":"0","sponsored_post_label":"Sponsored by","sponsored_post_name":"","sponsored_post_url":"","sponsored_post_logo_enable":"0","sponsored_post_logo":"","sponsored_post_desc":"","disable_ad":"0"},"jnews_primary_category":{"id":"","hide":""},"jnews_social_meta":{"fb_title":"","fb_description":"","fb_image":"","twitter_title":"","twitter_description":"","twitter_image":""},"jnews_review":[],"enable_review":"0","type":"percentage","name":"","summary":"","brand":"","sku":"","good":[{"good_text":""}],"bad":[{"bad_text":""}],"score_override":"0","override_value":"","rating":[{"rating_text":"","rating_number":"10"}],"price":[{"shop":"","price":"","link":"","icon":""}],"jnews_override_counter":{"override_view_counter":"0","view_counter_number":"0","override_share_counter":"0","share_counter_number":"0","override_like_counter":"0","like_counter_number":"0","override_dislike_counter":"0","dislike_counter_number":"0"},"jnews_post_split":{"enable_post_split":"0","post_split":[{"template":"1","tag":"h2","numbering":"asc","mode":"normal","first":"0","enable_toc":"0","toc_type":"normal"}]},"footnotes":""},"categories":[756],"tags":[],"class_list":["post-44225","post","type-post","status-publish","format-standard","has-post-thumbnail","hentry","category-consejo-directivo-nacional-cdn"],"jetpack_featured_media_url":"https:\/\/atecordoba.org\/wp-content\/uploads\/2024\/06\/flyer-marcha-congreso-27-6-portada.jpg","_links":{"self":[{"href":"https:\/\/atecordoba.org\/index.php?rest_route=\/wp\/v2\/posts\/44225","targetHints":{"allow":["GET"]}}],"collection":[{"href":"https:\/\/atecordoba.org\/index.php?rest_route=\/wp\/v2\/posts"}],"about":[{"href":"https:\/\/atecordoba.org\/index.php?rest_route=\/wp\/v2\/types\/post"}],"author":[{"embeddable":true,"href":"https:\/\/atecordoba.org\/index.php?rest_route=\/wp\/v2\/users\/7"}],"replies":[{"embeddable":true,"href":"https:\/\/atecordoba.org\/index.php?rest_route=%2Fwp%2Fv2%2Fcomments&post=44225"}],"version-history":[{"count":2,"href":"https:\/\/atecordoba.org\/index.php?rest_route=\/wp\/v2\/posts\/44225\/revisions"}],"predecessor-version":[{"id":44230,"href":"https:\/\/atecordoba.org\/index.php?rest_route=\/wp\/v2\/posts\/44225\/revisions\/44230"}],"wp:featuredmedia":[{"embeddable":true,"href":"https:\/\/atecordoba.org\/index.php?rest_route=\/wp\/v2\/media\/44227"}],"wp:attachment":[{"href":"https:\/\/atecordoba.org\/index.php?rest_route=%2Fwp%2Fv2%2Fmedia&parent=44225"}],"wp:term":[{"taxonomy":"category","embeddable":true,"href":"https:\/\/atecordoba.org\/index.php?rest_route=%2Fwp%2Fv2%2Fcategories&post=44225"},{"taxonomy":"post_tag","embeddable":true,"href":"https:\/\/atecordoba.org\/index.php?rest_route=%2Fwp%2Fv2%2Ftags&post=44225"}],"curies":[{"name":"wp","href":"https:\/\/api.w.org\/{rel}","templated":true}]}}