{"id":44219,"date":"2024-06-25T15:33:36","date_gmt":"2024-06-25T18:33:36","guid":{"rendered":"https:\/\/atecordoba.org\/?p=44219"},"modified":"2024-06-25T15:33:37","modified_gmt":"2024-06-25T18:33:37","slug":"ate-se-reunio-con-el-legislador-chamorro-para-abordar-la-situacion-de-las-plantas-de-fabricaciones-militares-en-cordoba","status":"publish","type":"post","link":"https:\/\/atecordoba.org\/?p=44219","title":{"rendered":"ATE se reuni\u00f3 con el legislador Chamorro para abordar la situaci\u00f3n de las plantas de Fabricaciones Militares en C\u00f3rdoba"},"content":{"rendered":"<div class=\"wp-block-image\">\n<figure class=\"aligncenter size-large is-resized\"><img loading=\"lazy\" decoding=\"async\" width=\"1024\" height=\"576\" src=\"https:\/\/atecordoba.org\/wp-content\/uploads\/2024\/06\/REUNION-CHAMORRO-1-1024x576.jpg\" alt=\"\" class=\"wp-image-44221\" style=\"width:600px\" \/><\/figure>\n<\/div>\n\n\n<p>Integrantes de la Junta Interna de ATE de la F\u00e1brica Militar de Villa Mar\u00eda se reunieron hoy en la Unicameral con el legislador Mat\u00edas Chamorro para proponerle la creaci\u00f3n de una Mesa de Trabajo de las f\u00e1bricas nacionales de C\u00f3rdoba, a los fines de establecer una estrategia de impulso productivo de las plantas estatales, hoy sin plan de desarrollo de parte del gobierno de Javier Milei.<\/p>\n\n\n\n<p>Se trata de una iniciativa para buscar una salida a la falta de pol\u00edticas concretas que est\u00e1 mostrando el gobierno nacional en el sector, cuyo \u00fanico objetivo parece ser el vaciamiento y ajuste de Fabricaciones Militares, con incidencia en las plantas de Villa Mar\u00eda y R\u00edo Tercero.<\/p>\n\n\n\n<p>En la ocasi\u00f3n estuvieron presentes junto a Chamorro el presidente de la Junta Interna Jonatan Cruze\u00f1o, la secretaria de G\u00e9nero del organismo, Laura Tacorente, que estuvieron acompa\u00f1ados por la secretaria de Prensa de ATE C\u00f2rdoba y vocal de la conducci\u00f3n nacional, Julia Giuliani.<\/p>\n\n\n\n<p>Cruze\u00f1o destac\u00f3 la predisposici\u00f3n de Chamorro para constituir esta Mesa de Trabajo, que defini\u00f3 como estrat\u00e9gica.<\/p>\n\n\n\n<p>El legislador se comprometi\u00f3 a invitar a otros representantes de la c\u00e1mara para que se integren a la iniciativa y reunir as\u00ed una masa cr\u00edtica para impulsar proyectos productivos desde la provincia.<\/p>\n\n\n\n<p>Actualmente el gobierno nacional viene adelantando l\u00edneas de producci\u00f3n que se tienen visos de concretarse mientras aguardan los resultado del plan de reducci\u00f3n de personal y ajuste de las f\u00e1bricas militares. Villa Mar\u00eda cuenta con 423 puestos de trabajo.<\/p>\n\n\n\n<p>\u201cVamos a volver a reunirnos a partir de que sumemos a representantes de FFMM, Dioxitek, Termoel\u00e9ctrica R\u00edo Tercero, FADEA, VENG y todas las plantas productivas estatales que tenemos en la provincia\u201d, explic\u00f3 Cruze\u00f1o.<\/p>\n","protected":false},"excerpt":{"rendered":"<p>Integrantes de la Junta Interna de ATE de la F\u00e1brica Militar de Villa Mar\u00eda se reunieron hoy en la Unicameral con el legislador Mat\u00edas Chamorro para proponerle la creaci\u00f3n de una Mesa de Trabajo de las f\u00e1bricas nacionales de C\u00f3rdoba, a los fines de establecer una estrategia de impulso productivo de las plantas estatales, hoy [&hellip;]<\/p>\n","protected":false},"author":7,"featured_media":44221,"comment_status":"open","ping_status":"open","sticky":false,"template":"","format":"standard","meta":{"_exactmetrics_skip_tracking":false,"_exactmetrics_sitenote_active":false,"_exactmetrics_sitenote_note":"","_exactmetrics_sitenote_category":0,"jnews-multi-image_gallery":[],"jnews_single_post":{"subtitle":"Integrantes de la Junta Interna de la F\u00e1brica Militar de Villa Mar\u00eda acordaron impulsar un espacio estrat\u00e9gico para la producci\u00f3n fabril nacional en C\u00f3rdoba.","format":"standard","video":"","gallery":"","source_name":"","source_url":"","via_name":"","via_url":"","override_template":"0","override":[{"template":"1","single_blog_custom":"","parallax":"1","fullscreen":"1","layout":"no-sidebar-narrow","sidebar":"default-sidebar","second_sidebar":"default-sidebar","sticky_sidebar":"1","share_position":"bottom","share_float_style":"share-monocrhome","show_share_counter":"1","show_view_counter":"1","show_featured":"0","show_post_meta":"1","show_post_author":"0","show_post_author_image":"1","show_post_date":"1","post_date_format":"default","post_date_format_custom":"Y\/m\/d","show_post_category":"1","show_post_reading_time":"0","post_reading_time_wpm":"300","show_zoom_button":"0","zoom_button_out_step":"2","zoom_button_in_step":"3","show_post_tag":"1","show_prev_next_post":"0","show_popup_post":"0","number_popup_post":"1","show_author_box":"0","show_post_related":"1","show_inline_post_related":"0"}],"override_image_size":"0","image_override":[{"single_post_thumbnail_size":"crop-500","single_post_gallery_size":"crop-500"}],"trending_post":"0","trending_post_position":"meta","trending_post_label":"Trending","sponsored_post":"0","sponsored_post_label":"Sponsored by","sponsored_post_name":"","sponsored_post_url":"","sponsored_post_logo_enable":"0","sponsored_post_logo":"","sponsored_post_desc":"","disable_ad":"0"},"jnews_primary_category":{"id":"","hide":""},"jnews_social_meta":{"fb_title":"","fb_description":"","fb_image":"","twitter_title":"","twitter_description":"","twitter_image":""},"jnews_review":[],"enable_review":"0","type":"percentage","name":"","summary":"","brand":"","sku":"","good":[{"good_text":""}],"bad":[{"bad_text":""}],"score_override":"0","override_value":"","rating":[{"rating_text":"","rating_number":"10"}],"price":[{"shop":"","price":"","link":"","icon":""}],"jnews_override_counter":{"override_view_counter":"0","view_counter_number":"0","override_share_counter":"0","share_counter_number":"0","override_like_counter":"0","like_counter_number":"0","override_dislike_counter":"0","dislike_counter_number":"0"},"jnews_post_split":{"enable_post_split":"0","post_split":[{"template":"1","tag":"h2","numbering":"asc","mode":"normal","first":"0","enable_toc":"0","toc_type":"normal"}]},"footnotes":""},"categories":[10],"tags":[],"class_list":["post-44219","post","type-post","status-publish","format-standard","has-post-thumbnail","hentry","category-accion-politica"],"jetpack_featured_media_url":"https:\/\/atecordoba.org\/wp-content\/uploads\/2024\/06\/REUNION-CHAMORRO-1-scaled-e1719339910134.jpg","_links":{"self":[{"href":"https:\/\/atecordoba.org\/index.php?rest_route=\/wp\/v2\/posts\/44219","targetHints":{"allow":["GET"]}}],"collection":[{"href":"https:\/\/atecordoba.org\/index.php?rest_route=\/wp\/v2\/posts"}],"about":[{"href":"https:\/\/atecordoba.org\/index.php?rest_route=\/wp\/v2\/types\/post"}],"author":[{"embeddable":true,"href":"https:\/\/atecordoba.org\/index.php?rest_route=\/wp\/v2\/users\/7"}],"replies":[{"embeddable":true,"href":"https:\/\/atecordoba.org\/index.php?rest_route=%2Fwp%2Fv2%2Fcomments&post=44219"}],"version-history":[{"count":1,"href":"https:\/\/atecordoba.org\/index.php?rest_route=\/wp\/v2\/posts\/44219\/revisions"}],"predecessor-version":[{"id":44222,"href":"https:\/\/atecordoba.org\/index.php?rest_route=\/wp\/v2\/posts\/44219\/revisions\/44222"}],"wp:featuredmedia":[{"embeddable":true,"href":"https:\/\/atecordoba.org\/index.php?rest_route=\/wp\/v2\/media\/44221"}],"wp:attachment":[{"href":"https:\/\/atecordoba.org\/index.php?rest_route=%2Fwp%2Fv2%2Fmedia&parent=44219"}],"wp:term":[{"taxonomy":"category","embeddable":true,"href":"https:\/\/atecordoba.org\/index.php?rest_route=%2Fwp%2Fv2%2Fcategories&post=44219"},{"taxonomy":"post_tag","embeddable":true,"href":"https:\/\/atecordoba.org\/index.php?rest_route=%2Fwp%2Fv2%2Ftags&post=44219"}],"curies":[{"name":"wp","href":"https:\/\/api.w.org\/{rel}","templated":true}]}}