{"id":4421,"date":"2014-08-21T20:16:49","date_gmt":"2014-08-21T23:16:49","guid":{"rendered":"http:\/\/www.atecordoba.org\/?p=4421"},"modified":"2014-08-21T20:16:49","modified_gmt":"2014-08-21T23:16:49","slug":"se-extiende-la-campana-por-un-millon-de-firmas-por-el-82-movil","status":"publish","type":"post","link":"https:\/\/atecordoba.org\/?p=4421","title":{"rendered":"Se extiende la campa\u00f1a por &#8216;Un mill\u00f3n de firmas por el 82% m\u00f3vil&#8217;"},"content":{"rendered":"<p><em>Villa Mar\u00eda contin\u00faa recabando apoyos para recuperar la dignidad de los haberes jubilatorios.\u00a0<\/em><\/p>\n<figure id=\"attachment_4424\" aria-describedby=\"caption-attachment-4424\" style=\"width: 600px\" class=\"wp-caption aligncenter\"><a href=\"http:\/\/www.atecordoba.org\/wp-content\/uploads\/2014\/08\/mesa-jubilados-villa-maria-1.png\"><img loading=\"lazy\" decoding=\"async\" class=\"wp-image-4424 \" src=\"http:\/\/www.atecordoba.org\/wp-content\/uploads\/2014\/08\/mesa-jubilados-villa-maria-1.png\" alt=\"mesa jubilados villa maria 1\" width=\"600\" height=\"450\" \/><\/a><figcaption id=\"caption-attachment-4424\" class=\"wp-caption-text\">El secretario Adjunto de la CTA provincia, Lujis Barcena, junto a la presidenta del Centro de Jubilados provincial, Carmen Neder, y el secretario General de la CTA Villa Mar\u00eda, Jos\u00e9 Goroso, y militantes de ATE<\/figcaption><\/figure>\n<p>ATE y CTA asumieron en Villa Mar\u00eda la necesidad de llevar adelante la Campa\u00f1a por un Mill\u00f3n de Firmas por el 82 % m\u00f3vil para todos los jubilados. Los compa\u00f1eros recabaron firmas de innumerable cantidad de vecinos que se acercaron a la mesa dispuesta frente al Banco Naci\u00f3n, donde se advirit\u00f3 muchos compa\u00f1eros jubilados que se llegaron a cobrar sus haberes.<\/p>\n<p>El secretario Adjunto de la CTA C\u00f3rdoba, Lu\u00eds B\u00e1rcena, y el secretario General de la Central en Villa Mar\u00eda, Jos\u00e9 Gorozo,<\/p>\n<figure id=\"attachment_4423\" aria-describedby=\"caption-attachment-4423\" style=\"width: 613px\" class=\"wp-caption aligncenter\"><a href=\"http:\/\/www.atecordoba.org\/wp-content\/uploads\/2014\/08\/mesa-jubilados-villa-maria-3.png\"><img loading=\"lazy\" decoding=\"async\" class=\"wp-image-4423\" src=\"http:\/\/www.atecordoba.org\/wp-content\/uploads\/2014\/08\/mesa-jubilados-villa-maria-3.png\" alt=\"mesa jubilados villa maria 3\" width=\"613\" height=\"459\" \/><\/a><figcaption id=\"caption-attachment-4423\" class=\"wp-caption-text\">En Villa Mar\u00eda, la mesa frente al Banco Naci\u00f3n<\/figcaption><\/figure>\n<figure id=\"attachment_4422\" aria-describedby=\"caption-attachment-4422\" style=\"width: 618px\" class=\"wp-caption aligncenter\"><a href=\"http:\/\/www.atecordoba.org\/wp-content\/uploads\/2014\/08\/mesa-jubilados-villa-maria-2.png\"><img loading=\"lazy\" decoding=\"async\" class=\"wp-image-4422\" src=\"http:\/\/www.atecordoba.org\/wp-content\/uploads\/2014\/08\/mesa-jubilados-villa-maria-2.png\" alt=\"mesa jubilados villa maria 2\" width=\"618\" height=\"464\" \/><\/a><figcaption id=\"caption-attachment-4422\" class=\"wp-caption-text\">Vecinos de Villa Mar\u00eda aportando solidaridad con los jubilados<\/figcaption><\/figure>\n","protected":false},"excerpt":{"rendered":"<p>Villa Mar\u00eda contin\u00faa recabando apoyos para recuperar la dignidad de los haberes jubilatorios.\u00a0 ATE y CTA asumieron en Villa Mar\u00eda la necesidad de llevar adelante la Campa\u00f1a por un Mill\u00f3n de Firmas por el 82 % m\u00f3vil para todos los jubilados. Los compa\u00f1eros recabaron firmas de innumerable cantidad de vecinos que se acercaron a la [&hellip;]<\/p>\n","protected":false},"author":1,"featured_media":19220,"comment_status":"open","ping_status":"open","sticky":false,"template":"","format":"standard","meta":{"_exactmetrics_skip_tracking":false,"_exactmetrics_sitenote_active":false,"_exactmetrics_sitenote_note":"","_exactmetrics_sitenote_category":0,"jnews-multi-image_gallery":[],"jnews_single_post":[],"jnews_primary_category":[],"jnews_social_meta":[],"jnews_review":[],"enable_review":"","type":"","name":"","summary":"","brand":"","sku":"","good":[],"bad":[],"score_override":"","override_value":"","rating":[],"price":[],"jnews_override_counter":[],"jnews_post_split":[],"footnotes":""},"categories":[22,18],"tags":[],"class_list":["post-4421","post","type-post","status-publish","format-standard","has-post-thumbnail","hentry","category-jubilados","category-nacionales"],"jetpack_featured_media_url":"https:\/\/atecordoba.org\/wp-content\/uploads\/2020\/05\/logo-nuevochico-e1561581322808.png","_links":{"self":[{"href":"https:\/\/atecordoba.org\/index.php?rest_route=\/wp\/v2\/posts\/4421","targetHints":{"allow":["GET"]}}],"collection":[{"href":"https:\/\/atecordoba.org\/index.php?rest_route=\/wp\/v2\/posts"}],"about":[{"href":"https:\/\/atecordoba.org\/index.php?rest_route=\/wp\/v2\/types\/post"}],"author":[{"embeddable":true,"href":"https:\/\/atecordoba.org\/index.php?rest_route=\/wp\/v2\/users\/1"}],"replies":[{"embeddable":true,"href":"https:\/\/atecordoba.org\/index.php?rest_route=%2Fwp%2Fv2%2Fcomments&post=4421"}],"version-history":[{"count":0,"href":"https:\/\/atecordoba.org\/index.php?rest_route=\/wp\/v2\/posts\/4421\/revisions"}],"wp:featuredmedia":[{"embeddable":true,"href":"https:\/\/atecordoba.org\/index.php?rest_route=\/wp\/v2\/media\/19220"}],"wp:attachment":[{"href":"https:\/\/atecordoba.org\/index.php?rest_route=%2Fwp%2Fv2%2Fmedia&parent=4421"}],"wp:term":[{"taxonomy":"category","embeddable":true,"href":"https:\/\/atecordoba.org\/index.php?rest_route=%2Fwp%2Fv2%2Fcategories&post=4421"},{"taxonomy":"post_tag","embeddable":true,"href":"https:\/\/atecordoba.org\/index.php?rest_route=%2Fwp%2Fv2%2Ftags&post=4421"}],"curies":[{"name":"wp","href":"https:\/\/api.w.org\/{rel}","templated":true}]}}