{"id":44196,"date":"2024-06-24T11:16:10","date_gmt":"2024-06-24T14:16:10","guid":{"rendered":"https:\/\/atecordoba.org\/?p=44196"},"modified":"2024-06-24T11:19:04","modified_gmt":"2024-06-24T14:19:04","slug":"vacaciones-de-invierno-en-cordoba","status":"publish","type":"post","link":"https:\/\/atecordoba.org\/?p=44196","title":{"rendered":"Disfrut\u00e1 las vacaciones de invierno en C\u00f3rdoba"},"content":{"rendered":"<div class=\"wp-block-image\">\n<figure class=\"aligncenter size-full is-resized\"><img loading=\"lazy\" decoding=\"async\" width=\"960\" height=\"960\" src=\"https:\/\/atecordoba.org\/wp-content\/uploads\/2024\/06\/hostel-ate.jpg\" alt=\"\" class=\"wp-image-44197\" style=\"width:600px\" srcset=\"https:\/\/atecordoba.org\/wp-content\/uploads\/2024\/06\/hostel-ate.jpg 960w, https:\/\/atecordoba.org\/wp-content\/uploads\/2024\/06\/hostel-ate-300x300.jpg 300w, https:\/\/atecordoba.org\/wp-content\/uploads\/2024\/06\/hostel-ate-150x150.jpg 150w, https:\/\/atecordoba.org\/wp-content\/uploads\/2024\/06\/hostel-ate-768x768.jpg 768w, https:\/\/atecordoba.org\/wp-content\/uploads\/2024\/06\/hostel-ate-560x560.jpg 560w, https:\/\/atecordoba.org\/wp-content\/uploads\/2024\/06\/hostel-ate-75x75.jpg 75w, https:\/\/atecordoba.org\/wp-content\/uploads\/2024\/06\/hostel-ate-350x350.jpg 350w, https:\/\/atecordoba.org\/wp-content\/uploads\/2024\/06\/hostel-ate-750x750.jpg 750w\" sizes=\"auto, (max-width: 960px) 100vw, 960px\" \/><\/figure>\n<\/div>\n\n\n<p>ATE C\u00f3rdoba dispone de un hostel para beneficio y disfrute de nuestras afiliadas y afiliados en estas vacaciones de invierno. <\/p>\n\n\n\n<p>La Casa de Germ\u00e1n es una casona reciclada, ubicada en el coraz\u00f3n del centro de la ciudad de C\u00f3rdoba, llevando el nombre en homenaje a Germ\u00e1n Abdala.<\/p>\n\n\n\n<p>El hostel le ofrece a todos los afiliados y afiliadas un ambiente de alegr\u00eda, encuentro, militancia y lucha.<\/p>\n\n\n\n<p>Cuenta con variedad de habitaciones, 3 ba\u00f1os y 2 duchas compartidas, espacios comunes amplios, cocina completa, patio interno con asador. Totalmente equipado para disfrutar la estad\u00eda.<\/p>\n\n\n\n<p>\u00a0La Casa de Germ\u00e1n se encuentra en Entre R\u00edos 437 C\u00f3rdoba Capital.<\/p>\n\n\n\n<p>20 Plazas en 5 Habitaciones.<\/p>\n\n\n\n<ul class=\"wp-block-list\">\n<li>Habitaci\u00f3n N\u00b0 6 (1 Cama Cucheta).<\/li>\n\n\n\n<li>Habitaci\u00f3n N\u00b0 7 (2 Camas Cucheta).<\/li>\n\n\n\n<li>Habitaci\u00f3n N\u00b0 9 (1 Cama Doble + 1 Cama Cucheta).<\/li>\n\n\n\n<li>Habitaci\u00f3n N\u00b0 10 (3 Camas Cucheta).<\/li>\n\n\n\n<li>Habitaci\u00f3n N\u00b0 11 (1 Cama Doble + 1 Cama Cucheta + Ba\u00f1o Privado).<\/li>\n<\/ul>\n\n\n\n<p>Solicit\u00e1 tu reservaci\u00f3n a reservas.ate.cordoba@gmail.com enviando los siguientes datos:<\/p>\n\n\n\n<p>Fecha de Entrada y Salida, Apellido y Nombre del Afiliada o Afiliado y Cantidad de Hu\u00e9spedes.<\/p>\n\n\n\n<figure class=\"wp-block-gallery has-nested-images columns-default is-cropped wp-block-gallery-1 is-layout-flex wp-block-gallery-is-layout-flex\">\n<figure class=\"wp-block-image size-large\"><a href=\"https:\/\/atecordoba.org\/wp-content\/uploads\/2024\/06\/405635505_736405328509384_7569033689969900363_n-300x300-1.jpg\" target=\"_blank\" rel=\"noopener\"><img loading=\"lazy\" decoding=\"async\" width=\"300\" height=\"300\" data-id=\"44198\" src=\"https:\/\/atecordoba.org\/wp-content\/uploads\/2024\/06\/405635505_736405328509384_7569033689969900363_n-300x300-1.jpg\" alt=\"\" class=\"wp-image-44198\" srcset=\"https:\/\/atecordoba.org\/wp-content\/uploads\/2024\/06\/405635505_736405328509384_7569033689969900363_n-300x300-1.jpg 300w, https:\/\/atecordoba.org\/wp-content\/uploads\/2024\/06\/405635505_736405328509384_7569033689969900363_n-300x300-1-150x150.jpg 150w, https:\/\/atecordoba.org\/wp-content\/uploads\/2024\/06\/405635505_736405328509384_7569033689969900363_n-300x300-1-75x75.jpg 75w\" sizes=\"auto, (max-width: 300px) 100vw, 300px\" \/><\/a><\/figure>\n\n\n\n<figure class=\"wp-block-image size-large\"><a href=\"https:\/\/atecordoba.org\/wp-content\/uploads\/2024\/06\/404349564_736405281842722_4568734269686531329_n-300x300-1.jpg\" target=\"_blank\" rel=\"noopener\"><img loading=\"lazy\" decoding=\"async\" width=\"300\" height=\"300\" data-id=\"44199\" src=\"https:\/\/atecordoba.org\/wp-content\/uploads\/2024\/06\/404349564_736405281842722_4568734269686531329_n-300x300-1.jpg\" alt=\"\" class=\"wp-image-44199\" srcset=\"https:\/\/atecordoba.org\/wp-content\/uploads\/2024\/06\/404349564_736405281842722_4568734269686531329_n-300x300-1.jpg 300w, https:\/\/atecordoba.org\/wp-content\/uploads\/2024\/06\/404349564_736405281842722_4568734269686531329_n-300x300-1-150x150.jpg 150w, https:\/\/atecordoba.org\/wp-content\/uploads\/2024\/06\/404349564_736405281842722_4568734269686531329_n-300x300-1-75x75.jpg 75w\" sizes=\"auto, (max-width: 300px) 100vw, 300px\" \/><\/a><\/figure>\n\n\n\n<figure class=\"wp-block-image size-large\"><a href=\"https:\/\/atecordoba.org\/wp-content\/uploads\/2024\/06\/404358477_736405255176058_7751008438111942771_n-300x300-1.jpg\" target=\"_blank\" rel=\"noopener\"><img loading=\"lazy\" decoding=\"async\" width=\"300\" height=\"300\" data-id=\"44200\" src=\"https:\/\/atecordoba.org\/wp-content\/uploads\/2024\/06\/404358477_736405255176058_7751008438111942771_n-300x300-1.jpg\" alt=\"\" class=\"wp-image-44200\" srcset=\"https:\/\/atecordoba.org\/wp-content\/uploads\/2024\/06\/404358477_736405255176058_7751008438111942771_n-300x300-1.jpg 300w, https:\/\/atecordoba.org\/wp-content\/uploads\/2024\/06\/404358477_736405255176058_7751008438111942771_n-300x300-1-150x150.jpg 150w, https:\/\/atecordoba.org\/wp-content\/uploads\/2024\/06\/404358477_736405255176058_7751008438111942771_n-300x300-1-75x75.jpg 75w\" sizes=\"auto, (max-width: 300px) 100vw, 300px\" \/><\/a><\/figure>\n<\/figure>\n","protected":false},"excerpt":{"rendered":"<p>ATE C\u00f3rdoba dispone de un hostel para beneficio y disfrute de nuestras afiliadas y afiliados en estas vacaciones de invierno. La Casa de Germ\u00e1n es una casona reciclada, ubicada en el coraz\u00f3n del centro de la ciudad de C\u00f3rdoba, llevando el nombre en homenaje a Germ\u00e1n Abdala. El hostel le ofrece a todos los afiliados [&hellip;]<\/p>\n","protected":false},"author":7,"featured_media":44197,"comment_status":"open","ping_status":"open","sticky":false,"template":"","format":"standard","meta":{"_exactmetrics_skip_tracking":false,"_exactmetrics_sitenote_active":false,"_exactmetrics_sitenote_note":"","_exactmetrics_sitenote_category":0,"jnews-multi-image_gallery":[],"jnews_single_post":{"subtitle":"La Casa de Germ\u00e1n es un hostel exclusivo para las y los afiliados de ATE C\u00f3rdoba y cuenta con variedad de habitaciones, 3 ba\u00f1os y 2 duchas compartidas, espacios comunes amplios, cocina completa y patio interno con asador. Est\u00e1 totalmente equipado para disfrutar la estad\u00eda.","format":"standard","video":"","gallery":"","source_name":"","source_url":"","via_name":"","via_url":"","override_template":"0","override":[{"template":"1","single_blog_custom":"","parallax":"1","fullscreen":"1","layout":"no-sidebar-narrow","sidebar":"default-sidebar","second_sidebar":"default-sidebar","sticky_sidebar":"1","share_position":"bottom","share_float_style":"share-monocrhome","show_share_counter":"1","show_view_counter":"1","show_featured":"0","show_post_meta":"1","show_post_author":"0","show_post_author_image":"1","show_post_date":"1","post_date_format":"default","post_date_format_custom":"Y\/m\/d","show_post_category":"1","show_post_reading_time":"0","post_reading_time_wpm":"300","show_zoom_button":"0","zoom_button_out_step":"2","zoom_button_in_step":"3","show_post_tag":"1","show_prev_next_post":"0","show_popup_post":"0","number_popup_post":"1","show_author_box":"0","show_post_related":"1","show_inline_post_related":"0"}],"override_image_size":"0","image_override":[{"single_post_thumbnail_size":"crop-500","single_post_gallery_size":"crop-500"}],"trending_post":"0","trending_post_position":"meta","trending_post_label":"Trending","sponsored_post":"0","sponsored_post_label":"Sponsored by","sponsored_post_name":"","sponsored_post_url":"","sponsored_post_logo_enable":"0","sponsored_post_logo":"","sponsored_post_desc":"","disable_ad":"0"},"jnews_primary_category":{"id":"","hide":""},"jnews_social_meta":{"fb_title":"","fb_description":"","fb_image":"","twitter_title":"","twitter_description":"","twitter_image":""},"jnews_review":[],"enable_review":"0","type":"percentage","name":"","summary":"","brand":"","sku":"","good":[{"good_text":""}],"bad":[{"bad_text":""}],"score_override":"0","override_value":"","rating":[{"rating_text":"","rating_number":"10"}],"price":[{"shop":"","price":"","link":"","icon":""}],"jnews_override_counter":{"override_view_counter":"0","view_counter_number":"0","override_share_counter":"0","share_counter_number":"0","override_like_counter":"0","like_counter_number":"0","override_dislike_counter":"0","dislike_counter_number":"0"},"jnews_post_split":{"enable_post_split":"0","post_split":[{"template":"1","tag":"h2","numbering":"asc","mode":"normal","first":"0","enable_toc":"0","toc_type":"normal"}]},"footnotes":""},"categories":[75],"tags":[],"class_list":["post-44196","post","type-post","status-publish","format-standard","has-post-thumbnail","hentry","category-accion-social"],"jetpack_featured_media_url":"https:\/\/atecordoba.org\/wp-content\/uploads\/2024\/06\/hostel-ate.jpg","_links":{"self":[{"href":"https:\/\/atecordoba.org\/index.php?rest_route=\/wp\/v2\/posts\/44196","targetHints":{"allow":["GET"]}}],"collection":[{"href":"https:\/\/atecordoba.org\/index.php?rest_route=\/wp\/v2\/posts"}],"about":[{"href":"https:\/\/atecordoba.org\/index.php?rest_route=\/wp\/v2\/types\/post"}],"author":[{"embeddable":true,"href":"https:\/\/atecordoba.org\/index.php?rest_route=\/wp\/v2\/users\/7"}],"replies":[{"embeddable":true,"href":"https:\/\/atecordoba.org\/index.php?rest_route=%2Fwp%2Fv2%2Fcomments&post=44196"}],"version-history":[{"count":2,"href":"https:\/\/atecordoba.org\/index.php?rest_route=\/wp\/v2\/posts\/44196\/revisions"}],"predecessor-version":[{"id":44203,"href":"https:\/\/atecordoba.org\/index.php?rest_route=\/wp\/v2\/posts\/44196\/revisions\/44203"}],"wp:featuredmedia":[{"embeddable":true,"href":"https:\/\/atecordoba.org\/index.php?rest_route=\/wp\/v2\/media\/44197"}],"wp:attachment":[{"href":"https:\/\/atecordoba.org\/index.php?rest_route=%2Fwp%2Fv2%2Fmedia&parent=44196"}],"wp:term":[{"taxonomy":"category","embeddable":true,"href":"https:\/\/atecordoba.org\/index.php?rest_route=%2Fwp%2Fv2%2Fcategories&post=44196"},{"taxonomy":"post_tag","embeddable":true,"href":"https:\/\/atecordoba.org\/index.php?rest_route=%2Fwp%2Fv2%2Ftags&post=44196"}],"curies":[{"name":"wp","href":"https:\/\/api.w.org\/{rel}","templated":true}]}}