{"id":44182,"date":"2024-06-19T16:26:22","date_gmt":"2024-06-19T19:26:22","guid":{"rendered":"https:\/\/atecordoba.org\/?p=44182"},"modified":"2024-06-19T16:26:23","modified_gmt":"2024-06-19T19:26:23","slug":"asamblea-en-el-hospital-rawson","status":"publish","type":"post","link":"https:\/\/atecordoba.org\/?p=44182","title":{"rendered":"Asamblea en el Hospital Rawson"},"content":{"rendered":"<div class=\"wp-block-image\">\n<figure class=\"aligncenter size-large is-resized\"><img loading=\"lazy\" decoding=\"async\" width=\"1024\" height=\"771\" src=\"https:\/\/atecordoba.org\/wp-content\/uploads\/2024\/06\/Imagen-de-WhatsApp-2024-06-19-a-las-11.54.18_7f00fe88-1024x771.jpg\" alt=\"\" class=\"wp-image-44183\" style=\"width:600px\" \/><\/figure>\n<\/div>\n\n\n<p>Esta ma\u00f1ana se llev\u00f3 a cabo una asamblea de las y los trabajadores del Hospital Rawson, en el marco de las convocatorias conjuntas que viene realizando la Mesa de Gremios Estatales que integran UEPC Capital, ATE y UTS. <\/p>\n\n\n\n<p>En la ocasi\u00f3n estuvieron presentes la secretaria de Formaci\u00f3n de ATE C\u00f3rdoba, Irina Silberman, junto a su par Gremial, Jorge Chalup, en el lugar cumpliendo con la premisa que las y los dirigentes de ATE deben recorrer todos lo sectores de trabajo. Se destac\u00f3 la alta participaci\u00f3n del personal del centro de salud.<\/p>\n\n\n\n<p>Al t\u00e9rmino de la asamblea, Irina Silberman se\u00f1al\u00f3 que &#8220;se debati\u00f3 sobre la Ley Bases y c\u00f3mo perjudica a la clase trabajadora. Se expuso el<a href=\"https:\/\/atecordoba.org\/?p=44097\"> informe de OTES<\/a>, valor\u00e1ndolo como una herramienta fundamental a la hora de discutir las paritarias&#8221;.<\/p>\n\n\n<div class=\"wp-block-image\">\n<figure class=\"aligncenter size-large is-resized\"><img loading=\"lazy\" decoding=\"async\" width=\"1024\" height=\"771\" src=\"https:\/\/atecordoba.org\/wp-content\/uploads\/2024\/06\/Imagen-de-WhatsApp-2024-06-19-a-las-11.54.19_710e2cb1-1-1024x771.jpg\" alt=\"\" class=\"wp-image-44185\" style=\"width:600px\" srcset=\"https:\/\/atecordoba.org\/wp-content\/uploads\/2024\/06\/Imagen-de-WhatsApp-2024-06-19-a-las-11.54.19_710e2cb1-1-1024x771.jpg 1024w, https:\/\/atecordoba.org\/wp-content\/uploads\/2024\/06\/Imagen-de-WhatsApp-2024-06-19-a-las-11.54.19_710e2cb1-1-300x226.jpg 300w, https:\/\/atecordoba.org\/wp-content\/uploads\/2024\/06\/Imagen-de-WhatsApp-2024-06-19-a-las-11.54.19_710e2cb1-1-768x578.jpg 768w, https:\/\/atecordoba.org\/wp-content\/uploads\/2024\/06\/Imagen-de-WhatsApp-2024-06-19-a-las-11.54.19_710e2cb1-1-1536x1156.jpg 1536w, https:\/\/atecordoba.org\/wp-content\/uploads\/2024\/06\/Imagen-de-WhatsApp-2024-06-19-a-las-11.54.19_710e2cb1-1-750x564.jpg 750w, https:\/\/atecordoba.org\/wp-content\/uploads\/2024\/06\/Imagen-de-WhatsApp-2024-06-19-a-las-11.54.19_710e2cb1-1-1140x858.jpg 1140w, https:\/\/atecordoba.org\/wp-content\/uploads\/2024\/06\/Imagen-de-WhatsApp-2024-06-19-a-las-11.54.19_710e2cb1-1.jpg 1600w\" sizes=\"auto, (max-width: 1024px) 100vw, 1024px\" \/><\/figure>\n<\/div>\n\n\n<p>Las y los compa\u00f1eros evaluaron positivamente la construcci\u00f3n de la Mesa de Gremios Estatales, con UTS y UEPC Capital, algo que se ven\u00eda reclamando hace tiempo, y manifestaron la necesidad de articular con otros hospitales y sindicatos para diagramar un plan de lucha construido de abajo hacia arriba.<\/p>\n\n\n\n<p>&#8220;La asamblea inform\u00f3 que se est\u00e1n vendiendo rifas como parte de un fondo de huelga, cuyo sorteo se rifar\u00e1 el martes pr\u00f3ximo, junto a una semaforeada en la Bajada Pucar\u00e1, organizada con el fin de dar a conocer a la comunidad la grave situaci\u00f3n que atraviesan los hospitales provinciales&#8221;, concluy\u00f3 la dirigente.<\/p>\n\n\n\n<p>El pr\u00f3ximo martes se realizar\u00e1 una nueva asamblea en el hospital.<\/p>\n\n\n\n<p> <\/p>\n\n\n\n<p><\/p>\n","protected":false},"excerpt":{"rendered":"<p>Esta ma\u00f1ana se llev\u00f3 a cabo una asamblea de las y los trabajadores del Hospital Rawson, en el marco de las convocatorias conjuntas que viene realizando la Mesa de Gremios Estatales que integran UEPC Capital, ATE y UTS. En la ocasi\u00f3n estuvieron presentes la secretaria de Formaci\u00f3n de ATE C\u00f3rdoba, Irina Silberman, junto a su [&hellip;]<\/p>\n","protected":false},"author":7,"featured_media":44183,"comment_status":"open","ping_status":"open","sticky":false,"template":"","format":"standard","meta":{"_exactmetrics_skip_tracking":false,"_exactmetrics_sitenote_active":false,"_exactmetrics_sitenote_note":"","_exactmetrics_sitenote_category":0,"jnews-multi-image_gallery":[],"jnews_single_post":{"subtitle":"Las y los compa\u00f1eros evaluaron positivamente la construcci\u00f3n de la Mesa de Gremios Estatales, con UTS y UEPC Capital, algo que se ven\u00eda reclamando hace tiempo, y manifestaron la necesidad de articular con otros hospitales y sindicatos para diagramar un plan de lucha construido de abajo hacia arriba.","format":"standard","video":"","gallery":"","source_name":"","source_url":"","via_name":"","via_url":"","override_template":"0","override":[{"template":"1","single_blog_custom":"","parallax":"1","fullscreen":"1","layout":"no-sidebar-narrow","sidebar":"default-sidebar","second_sidebar":"default-sidebar","sticky_sidebar":"1","share_position":"bottom","share_float_style":"share-monocrhome","show_share_counter":"1","show_view_counter":"1","show_featured":"0","show_post_meta":"1","show_post_author":"0","show_post_author_image":"1","show_post_date":"1","post_date_format":"default","post_date_format_custom":"Y\/m\/d","show_post_category":"1","show_post_reading_time":"0","post_reading_time_wpm":"300","show_zoom_button":"0","zoom_button_out_step":"2","zoom_button_in_step":"3","show_post_tag":"1","show_prev_next_post":"0","show_popup_post":"0","number_popup_post":"1","show_author_box":"0","show_post_related":"1","show_inline_post_related":"0"}],"override_image_size":"0","image_override":[{"single_post_thumbnail_size":"crop-500","single_post_gallery_size":"crop-500"}],"trending_post":"0","trending_post_position":"meta","trending_post_label":"Trending","sponsored_post":"0","sponsored_post_label":"Sponsored by","sponsored_post_name":"","sponsored_post_url":"","sponsored_post_logo_enable":"0","sponsored_post_logo":"","sponsored_post_desc":"","disable_ad":"0"},"jnews_primary_category":{"id":"","hide":""},"jnews_social_meta":{"fb_title":"","fb_description":"","fb_image":"","twitter_title":"","twitter_description":"","twitter_image":""},"jnews_review":[],"enable_review":"0","type":"percentage","name":"","summary":"","brand":"","sku":"","good":[{"good_text":""}],"bad":[{"bad_text":""}],"score_override":"0","override_value":"","rating":[{"rating_text":"","rating_number":"10"}],"price":[{"shop":"","price":"","link":"","icon":""}],"jnews_override_counter":{"override_view_counter":"0","view_counter_number":"0","override_share_counter":"0","share_counter_number":"0","override_like_counter":"0","like_counter_number":"0","override_dislike_counter":"0","dislike_counter_number":"0"},"jnews_post_split":{"enable_post_split":"0","post_split":[{"template":"1","tag":"h2","numbering":"asc","mode":"normal","first":"0","enable_toc":"0","toc_type":"normal"}]},"footnotes":""},"categories":[8],"tags":[],"class_list":["post-44182","post","type-post","status-publish","format-standard","has-post-thumbnail","hentry","category-provinciales"],"jetpack_featured_media_url":"https:\/\/atecordoba.org\/wp-content\/uploads\/2024\/06\/Imagen-de-WhatsApp-2024-06-19-a-las-11.54.18_7f00fe88-e1718825173285.jpg","_links":{"self":[{"href":"https:\/\/atecordoba.org\/index.php?rest_route=\/wp\/v2\/posts\/44182","targetHints":{"allow":["GET"]}}],"collection":[{"href":"https:\/\/atecordoba.org\/index.php?rest_route=\/wp\/v2\/posts"}],"about":[{"href":"https:\/\/atecordoba.org\/index.php?rest_route=\/wp\/v2\/types\/post"}],"author":[{"embeddable":true,"href":"https:\/\/atecordoba.org\/index.php?rest_route=\/wp\/v2\/users\/7"}],"replies":[{"embeddable":true,"href":"https:\/\/atecordoba.org\/index.php?rest_route=%2Fwp%2Fv2%2Fcomments&post=44182"}],"version-history":[{"count":2,"href":"https:\/\/atecordoba.org\/index.php?rest_route=\/wp\/v2\/posts\/44182\/revisions"}],"predecessor-version":[{"id":44187,"href":"https:\/\/atecordoba.org\/index.php?rest_route=\/wp\/v2\/posts\/44182\/revisions\/44187"}],"wp:featuredmedia":[{"embeddable":true,"href":"https:\/\/atecordoba.org\/index.php?rest_route=\/wp\/v2\/media\/44183"}],"wp:attachment":[{"href":"https:\/\/atecordoba.org\/index.php?rest_route=%2Fwp%2Fv2%2Fmedia&parent=44182"}],"wp:term":[{"taxonomy":"category","embeddable":true,"href":"https:\/\/atecordoba.org\/index.php?rest_route=%2Fwp%2Fv2%2Fcategories&post=44182"},{"taxonomy":"post_tag","embeddable":true,"href":"https:\/\/atecordoba.org\/index.php?rest_route=%2Fwp%2Fv2%2Ftags&post=44182"}],"curies":[{"name":"wp","href":"https:\/\/api.w.org\/{rel}","templated":true}]}}