{"id":44170,"date":"2024-06-19T13:36:24","date_gmt":"2024-06-19T16:36:24","guid":{"rendered":"https:\/\/atecordoba.org\/?p=44170"},"modified":"2024-06-19T13:38:14","modified_gmt":"2024-06-19T16:38:14","slug":"mision-cubana-en-cordoba-la-salud-como-derecho-de-los-pueblos","status":"publish","type":"post","link":"https:\/\/atecordoba.org\/?p=44170","title":{"rendered":"Misi\u00f3n cubana en C\u00f3rdoba: La Salud Como Derecho de los Pueblos"},"content":{"rendered":"<div class=\"wp-block-image\">\n<figure class=\"aligncenter size-large is-resized\"><img loading=\"lazy\" decoding=\"async\" width=\"724\" height=\"1024\" src=\"https:\/\/atecordoba.org\/wp-content\/uploads\/2024\/06\/cuba-724x1024.jpg\" alt=\"\" class=\"wp-image-44171\" style=\"width:600px\" srcset=\"https:\/\/atecordoba.org\/wp-content\/uploads\/2024\/06\/cuba-724x1024.jpg 724w, https:\/\/atecordoba.org\/wp-content\/uploads\/2024\/06\/cuba-212x300.jpg 212w, https:\/\/atecordoba.org\/wp-content\/uploads\/2024\/06\/cuba-768x1086.jpg 768w, https:\/\/atecordoba.org\/wp-content\/uploads\/2024\/06\/cuba-1086x1536.jpg 1086w, https:\/\/atecordoba.org\/wp-content\/uploads\/2024\/06\/cuba-750x1061.jpg 750w, https:\/\/atecordoba.org\/wp-content\/uploads\/2024\/06\/cuba.jpg 1131w\" sizes=\"auto, (max-width: 724px) 100vw, 724px\" \/><\/figure>\n<\/div>\n\n\n<p>El Jueves 27 de Junio se realizara el conversatorio &#8220;La Salud Como Derecho de los Pueblos&#8221; organizado por el Centro Oftalmol\u00f3gico Che Guevara.<\/p>\n\n\n\n<p>La actividad se realizar\u00e1 a las 17:30hs en el aula A-8 Baterias &#8220;A&#8221;, en Ciudad Universitaria, UNC.<\/p>\n\n\n\n<p>En el mes de nacimiento del Dr. Ernesto &#8220;Che&#8221; Guevara&#8221;, que da nombre al Centro M\u00e9dico es fundamental poner en debate la perspectiva sanitaria que rige la pr\u00e1ctica. En un mundo convulsionado y cada vez m\u00e1s desigual, donde la salud parece un privilegio, recuperamos una mirada que tiene la salud como un derecho fundamental de los pueblos.<\/p>\n","protected":false},"excerpt":{"rendered":"<p>El Jueves 27 de Junio se realizara el conversatorio &#8220;La Salud Como Derecho de los Pueblos&#8221; organizado por el Centro Oftalmol\u00f3gico Che Guevara. La actividad se realizar\u00e1 a las 17:30hs en el aula A-8 Baterias &#8220;A&#8221;, en Ciudad Universitaria, UNC. En el mes de nacimiento del Dr. Ernesto &#8220;Che&#8221; Guevara&#8221;, que da nombre al Centro [&hellip;]<\/p>\n","protected":false},"author":7,"featured_media":44176,"comment_status":"open","ping_status":"open","sticky":false,"template":"","format":"standard","meta":{"_exactmetrics_skip_tracking":false,"_exactmetrics_sitenote_active":false,"_exactmetrics_sitenote_note":"","_exactmetrics_sitenote_category":0,"jnews-multi-image_gallery":[],"jnews_single_post":{"subtitle":"En el mes de nacimiento del Dr. Ernesto \"Che\" Guevara\", que da nombre al Centro M\u00e9dico es fundamental poner en debate la perspectiva sanitaria que rige  un derecho fundamental de los pueblos.","format":"standard","video":"","gallery":"","source_name":"","source_url":"","via_name":"","via_url":"","override_template":"0","override":[{"template":"1","single_blog_custom":"","parallax":"1","fullscreen":"1","layout":"no-sidebar-narrow","sidebar":"default-sidebar","second_sidebar":"default-sidebar","sticky_sidebar":"1","share_position":"bottom","share_float_style":"share-monocrhome","show_share_counter":"1","show_view_counter":"1","show_featured":"0","show_post_meta":"1","show_post_author":"0","show_post_author_image":"1","show_post_date":"1","post_date_format":"default","post_date_format_custom":"Y\/m\/d","show_post_category":"1","show_post_reading_time":"0","post_reading_time_wpm":"300","show_zoom_button":"0","zoom_button_out_step":"2","zoom_button_in_step":"3","show_post_tag":"1","show_prev_next_post":"0","show_popup_post":"0","number_popup_post":"1","show_author_box":"0","show_post_related":"1","show_inline_post_related":"0"}],"override_image_size":"0","image_override":[{"single_post_thumbnail_size":"crop-500","single_post_gallery_size":"crop-500"}],"trending_post":"0","trending_post_position":"meta","trending_post_label":"Trending","sponsored_post":"0","sponsored_post_label":"Sponsored by","sponsored_post_name":"","sponsored_post_url":"","sponsored_post_logo_enable":"0","sponsored_post_logo":"","sponsored_post_desc":"","disable_ad":"0"},"jnews_primary_category":{"id":"","hide":""},"jnews_social_meta":{"fb_title":"","fb_description":"","fb_image":"","twitter_title":"","twitter_description":"","twitter_image":""},"jnews_review":[],"enable_review":"0","type":"percentage","name":"","summary":"","brand":"","sku":"","good":[{"good_text":""}],"bad":[{"bad_text":""}],"score_override":"0","override_value":"","rating":[{"rating_text":"","rating_number":"10"}],"price":[{"shop":"","price":"","link":"","icon":""}],"jnews_override_counter":{"override_view_counter":"0","view_counter_number":"0","override_share_counter":"0","share_counter_number":"0","override_like_counter":"0","like_counter_number":"0","override_dislike_counter":"0","dislike_counter_number":"0"},"jnews_post_split":{"enable_post_split":"0","post_split":[{"template":"1","tag":"h2","numbering":"asc","mode":"normal","first":"0","enable_toc":"0","toc_type":"normal"}]},"footnotes":""},"categories":[10],"tags":[],"class_list":["post-44170","post","type-post","status-publish","format-standard","has-post-thumbnail","hentry","category-accion-politica"],"jetpack_featured_media_url":"https:\/\/atecordoba.org\/wp-content\/uploads\/2024\/06\/cubaportada-1.jpg","_links":{"self":[{"href":"https:\/\/atecordoba.org\/index.php?rest_route=\/wp\/v2\/posts\/44170","targetHints":{"allow":["GET"]}}],"collection":[{"href":"https:\/\/atecordoba.org\/index.php?rest_route=\/wp\/v2\/posts"}],"about":[{"href":"https:\/\/atecordoba.org\/index.php?rest_route=\/wp\/v2\/types\/post"}],"author":[{"embeddable":true,"href":"https:\/\/atecordoba.org\/index.php?rest_route=\/wp\/v2\/users\/7"}],"replies":[{"embeddable":true,"href":"https:\/\/atecordoba.org\/index.php?rest_route=%2Fwp%2Fv2%2Fcomments&post=44170"}],"version-history":[{"count":2,"href":"https:\/\/atecordoba.org\/index.php?rest_route=\/wp\/v2\/posts\/44170\/revisions"}],"predecessor-version":[{"id":44175,"href":"https:\/\/atecordoba.org\/index.php?rest_route=\/wp\/v2\/posts\/44170\/revisions\/44175"}],"wp:featuredmedia":[{"embeddable":true,"href":"https:\/\/atecordoba.org\/index.php?rest_route=\/wp\/v2\/media\/44176"}],"wp:attachment":[{"href":"https:\/\/atecordoba.org\/index.php?rest_route=%2Fwp%2Fv2%2Fmedia&parent=44170"}],"wp:term":[{"taxonomy":"category","embeddable":true,"href":"https:\/\/atecordoba.org\/index.php?rest_route=%2Fwp%2Fv2%2Fcategories&post=44170"},{"taxonomy":"post_tag","embeddable":true,"href":"https:\/\/atecordoba.org\/index.php?rest_route=%2Fwp%2Fv2%2Ftags&post=44170"}],"curies":[{"name":"wp","href":"https:\/\/api.w.org\/{rel}","templated":true}]}}