{"id":4417,"date":"2014-08-21T19:58:31","date_gmt":"2014-08-21T22:58:31","guid":{"rendered":"http:\/\/www.atecordoba.org\/?p=4417"},"modified":"2014-08-21T19:58:31","modified_gmt":"2014-08-21T22:58:31","slug":"un-nuevo-paso-mas-en-la-formacion-para-lucha-por-nuestros-derechos","status":"publish","type":"post","link":"https:\/\/atecordoba.org\/?p=4417","title":{"rendered":"Un nuevo paso m\u00e1s en la Formaci\u00f3n para lucha por nuestros derechos"},"content":{"rendered":"<p><em>El 31 de Julio pasado se realiz\u00f3 en las instalaciones del CISPREN\u00a0 un \u00a0nuevo curso para delegados recientemente electos. Participaron alrededor de veinte compa\u00f1eras y compa\u00f1eros de distintas reparticiones del estado nacional y provincial.<\/em><\/p>\n<p><a href=\"http:\/\/www.atecordoba.org\/wp-content\/uploads\/2014\/08\/formacion-30-7.png\"><img loading=\"lazy\" decoding=\"async\" class=\"aligncenter  wp-image-4419\" src=\"http:\/\/www.atecordoba.org\/wp-content\/uploads\/2014\/08\/formacion-30-7.png\" alt=\"formacion 30-7\" width=\"579\" height=\"325\" \/><\/a><\/p>\n<p>Este es el \u00a0tercer curso organizado por la secretar\u00eda de formaci\u00f3n de nuestro CDP en lo que va del a\u00f1o y este \u00a0tuvo por objetivo abordar herramientas pr\u00e1cticas y conceptuales de la representaci\u00f3n gremial y del conflicto gremial, abordando caracter\u00edsticas y desaf\u00edos de los delegados de ATE.<\/p>\n<p>Durante el desarrollo del curso nos acompa\u00f1\u00f3 el compa\u00f1ero Diego Guerra secretario gremial de Nuestro CDP.<\/p>\n<p>Debemos reconocer como equipo de formaci\u00f3n la alta demanda y participaci\u00f3n de los compa\u00f1eros delegados que reci\u00e9n se inician en estas funciones \u00a0que ponen a nuestra ATE en la vanguardia de la lucha por derechos de los trabajadores.<\/p>\n","protected":false},"excerpt":{"rendered":"<p>El 31 de Julio pasado se realiz\u00f3 en las instalaciones del CISPREN\u00a0 un \u00a0nuevo curso para delegados recientemente electos. Participaron alrededor de veinte compa\u00f1eras y compa\u00f1eros de distintas reparticiones del estado nacional y provincial. Este es el \u00a0tercer curso organizado por la secretar\u00eda de formaci\u00f3n de nuestro CDP en lo que va del a\u00f1o y [&hellip;]<\/p>\n","protected":false},"author":1,"featured_media":19220,"comment_status":"open","ping_status":"open","sticky":false,"template":"","format":"standard","meta":{"_exactmetrics_skip_tracking":false,"_exactmetrics_sitenote_active":false,"_exactmetrics_sitenote_note":"","_exactmetrics_sitenote_category":0,"jnews-multi-image_gallery":[],"jnews_single_post":[],"jnews_primary_category":[],"jnews_social_meta":[],"jnews_review":[],"enable_review":"","type":"","name":"","summary":"","brand":"","sku":"","good":[],"bad":[],"score_override":"","override_value":"","rating":[],"price":[],"jnews_override_counter":[],"jnews_post_split":[],"footnotes":""},"categories":[88],"tags":[],"class_list":["post-4417","post","type-post","status-publish","format-standard","has-post-thumbnail","hentry","category-formacion"],"jetpack_featured_media_url":"https:\/\/atecordoba.org\/wp-content\/uploads\/2020\/05\/logo-nuevochico-e1561581322808.png","_links":{"self":[{"href":"https:\/\/atecordoba.org\/index.php?rest_route=\/wp\/v2\/posts\/4417","targetHints":{"allow":["GET"]}}],"collection":[{"href":"https:\/\/atecordoba.org\/index.php?rest_route=\/wp\/v2\/posts"}],"about":[{"href":"https:\/\/atecordoba.org\/index.php?rest_route=\/wp\/v2\/types\/post"}],"author":[{"embeddable":true,"href":"https:\/\/atecordoba.org\/index.php?rest_route=\/wp\/v2\/users\/1"}],"replies":[{"embeddable":true,"href":"https:\/\/atecordoba.org\/index.php?rest_route=%2Fwp%2Fv2%2Fcomments&post=4417"}],"version-history":[{"count":0,"href":"https:\/\/atecordoba.org\/index.php?rest_route=\/wp\/v2\/posts\/4417\/revisions"}],"wp:featuredmedia":[{"embeddable":true,"href":"https:\/\/atecordoba.org\/index.php?rest_route=\/wp\/v2\/media\/19220"}],"wp:attachment":[{"href":"https:\/\/atecordoba.org\/index.php?rest_route=%2Fwp%2Fv2%2Fmedia&parent=4417"}],"wp:term":[{"taxonomy":"category","embeddable":true,"href":"https:\/\/atecordoba.org\/index.php?rest_route=%2Fwp%2Fv2%2Fcategories&post=4417"},{"taxonomy":"post_tag","embeddable":true,"href":"https:\/\/atecordoba.org\/index.php?rest_route=%2Fwp%2Fv2%2Ftags&post=4417"}],"curies":[{"name":"wp","href":"https:\/\/api.w.org\/{rel}","templated":true}]}}