{"id":44155,"date":"2024-06-19T09:45:30","date_gmt":"2024-06-19T12:45:30","guid":{"rendered":"https:\/\/atecordoba.org\/?p=44155"},"modified":"2024-06-19T09:45:30","modified_gmt":"2024-06-19T12:45:30","slug":"por-la-reapertura-y-por-paritarias-libres-la-lucha-por-salario-es-de-todos-los-estatales","status":"publish","type":"post","link":"https:\/\/atecordoba.org\/?p=44155","title":{"rendered":"Por la reapertura y por paritarias libres: &#8220;La lucha por salario es de todos los estatales&#8221;"},"content":{"rendered":"<div class=\"wp-block-image\">\n<figure class=\"aligncenter size-large is-resized\"><img loading=\"lazy\" decoding=\"async\" width=\"1024\" height=\"683\" src=\"https:\/\/atecordoba.org\/wp-content\/uploads\/2024\/06\/IMG-20240607-WA0045-1-1024x683.jpg\" alt=\"\" class=\"wp-image-43982\" style=\"width:600px\" srcset=\"https:\/\/atecordoba.org\/wp-content\/uploads\/2024\/06\/IMG-20240607-WA0045-1-1024x683.jpg 1024w, https:\/\/atecordoba.org\/wp-content\/uploads\/2024\/06\/IMG-20240607-WA0045-1-300x200.jpg 300w, https:\/\/atecordoba.org\/wp-content\/uploads\/2024\/06\/IMG-20240607-WA0045-1-768x512.jpg 768w, https:\/\/atecordoba.org\/wp-content\/uploads\/2024\/06\/IMG-20240607-WA0045-1-750x500.jpg 750w, https:\/\/atecordoba.org\/wp-content\/uploads\/2024\/06\/IMG-20240607-WA0045-1-1140x760.jpg 1140w, https:\/\/atecordoba.org\/wp-content\/uploads\/2024\/06\/IMG-20240607-WA0045-1.jpg 1500w\" sizes=\"auto, (max-width: 1024px) 100vw, 1024px\" \/><\/figure>\n<\/div>\n\n\n<p>El gobierno ha realizado su propuesta a la docencia provincial contemplando el pago del 100% del IPC a mes vencido y una suma no remunerativa absolutamente exigua, que no recupera la pronunciada p\u00e9rdida salarial que han sufrido los educadores en el \u00faltimo per\u00edodo. Con esta propuesta, el gobierno pretende consolidar ese recorte salarial y por eso la propuesta ha sido rechazada por la docencia que ya est\u00e1 discutiendo en asambleas el plan de lucha que llevar\u00e1 adelante. Este escenario abre una perspectiva para el conjunto de los estatales en la provincia.<\/p>\n\n\n\n<p>La paritaria estatal que se firm\u00f3 hasta junio fracas\u00f3 apenas rubricada. La entrega del 50% del IPC y el condicionamiento de una mejora de la pauta a la recaudaci\u00f3n generan una p\u00e9rdida salarial que no pueden tolerar los salarios de los estatales en los niveles en que est\u00e1n. Por eso, estos lineamientos fueron cuestionados unas semanas despu\u00e9s. Ahora que la inflaci\u00f3n baj\u00f3, el gobierno reconoce a los docentes que la actualizaci\u00f3n de junio deber\u00e1 cubrir el 100% del IPC de mayo. Pero la generalizada y creciente pobreza de los salarios de docentes y estatales exige una recuperaci\u00f3n urgente y considerable que permita sacar a los trabajadores de esta situaci\u00f3n.<\/p>\n\n\n\n<p>Con la discusi\u00f3n salarial docente se debe reabrir la paritaria para todos los estatales. Ya han comenzado las asambleas en hospitales y reparticiones p\u00fablicas y se va preparando el estado de movilizaci\u00f3n para intervenir en la paritaria. Los trabajadores de salud reclaman tambi\u00e9n por la falta de personal y la reglamentaci\u00f3n inmediata de la ley del equipo de salud .<\/p>\n\n\n\n<p>El gobierno negocia con la burocracia para evitar ese proceso, dejarlo afuera de la negociaci\u00f3n y darle la espalda a los reclamos. Por eso, los sindicatos y organizaciones que lo promueven, como ATE y UTS, deben ser parte de la mesa paritaria.<\/p>\n\n\n\n<p>Los gremios estatales que firmaron la paritaria y ahora la cuestionan por insuficiente, tienen que mejorar la propuesta con la lucha, como est\u00e1n haciendo los hospitales y la docencia. No hay otro camino para salir de la indigencia.<\/p>\n\n\n\n<p>Vamos por el paro provincial y el plan de lucha conjunto para derrotar el ajuste del gobierno provincial contra trabajadores estatales.<\/p>\n\n\n\n<p>Exigimos<\/p>\n\n\n\n<p>&#8211; Reapertura de la paritaria salarial. Participaci\u00f3n de todos los sindicatos del sector.<\/p>\n\n\n\n<p>&#8211; Recomposici\u00f3n salarial que saque a docentes y estatales de la pobreza. Devoluci\u00f3n retroactiva como compensaci\u00f3n por p\u00e9rdida salarial.<\/p>\n\n\n\n<p>&#8211; Derogaci\u00f3n de la 10694. Por el 82% m\u00f3vil sin ninguna quita ni diferimiento. No a los descuentos extraordinarios como aporte solidario para la Caja. Basta de robarnos el salario.<\/p>\n\n\n\n<p>&#8211; Control de Apross por parte de los trabajadores. Eliminaci\u00f3n de coseguros y copagos. Ampliaci\u00f3n de cobertura y reducci\u00f3n de aportes y cuota. Eliminaci\u00f3n del aporte FOSAET y devoluci\u00f3n de lo descontado de m\u00e1s en el FEC.<\/p>\n\n\n\n<p class=\"has-text-align-center\">UEPC CAPITAL &#8211; ATE C\u00f3rdoba &#8211; UTS<\/p>\n","protected":false},"excerpt":{"rendered":"<p>El gobierno ha realizado su propuesta a la docencia provincial contemplando el pago del 100% del IPC a mes vencido y una suma no remunerativa absolutamente exigua, que no recupera la pronunciada p\u00e9rdida salarial que han sufrido los educadores en el \u00faltimo per\u00edodo. Con esta propuesta, el gobierno pretende consolidar ese recorte salarial y por [&hellip;]<\/p>\n","protected":false},"author":7,"featured_media":43981,"comment_status":"open","ping_status":"open","sticky":false,"template":"","format":"standard","meta":{"_exactmetrics_skip_tracking":false,"_exactmetrics_sitenote_active":false,"_exactmetrics_sitenote_note":"","_exactmetrics_sitenote_category":0,"jnews-multi-image_gallery":[],"jnews_single_post":{"subtitle":"Por una recuperaci\u00f3n de haberes para sacar a docentes y estatales de la pobreza. Preparemos el paro provincial.","format":"standard","video":"","gallery":"","source_name":"","source_url":"","via_name":"","via_url":"","override_template":"0","override":[{"template":"1","single_blog_custom":"","parallax":"1","fullscreen":"1","layout":"no-sidebar-narrow","sidebar":"default-sidebar","second_sidebar":"default-sidebar","sticky_sidebar":"1","share_position":"bottom","share_float_style":"share-monocrhome","show_share_counter":"1","show_view_counter":"1","show_featured":"0","show_post_meta":"1","show_post_author":"0","show_post_author_image":"1","show_post_date":"1","post_date_format":"default","post_date_format_custom":"Y\/m\/d","show_post_category":"1","show_post_reading_time":"0","post_reading_time_wpm":"300","show_zoom_button":"0","zoom_button_out_step":"2","zoom_button_in_step":"3","show_post_tag":"1","show_prev_next_post":"0","show_popup_post":"0","number_popup_post":"1","show_author_box":"0","show_post_related":"1","show_inline_post_related":"0"}],"override_image_size":"0","image_override":[{"single_post_thumbnail_size":"crop-500","single_post_gallery_size":"crop-500"}],"trending_post":"0","trending_post_position":"meta","trending_post_label":"Trending","sponsored_post":"0","sponsored_post_label":"Sponsored by","sponsored_post_name":"","sponsored_post_url":"","sponsored_post_logo_enable":"0","sponsored_post_logo":"","sponsored_post_desc":"","disable_ad":"0"},"jnews_primary_category":{"id":"","hide":""},"jnews_social_meta":{"fb_title":"","fb_description":"","fb_image":"","twitter_title":"","twitter_description":"","twitter_image":""},"jnews_review":[],"enable_review":"0","type":"percentage","name":"","summary":"","brand":"","sku":"","good":[{"good_text":""}],"bad":[{"bad_text":""}],"score_override":"0","override_value":"","rating":[{"rating_text":"","rating_number":"10"}],"price":[{"shop":"","price":"","link":"","icon":""}],"jnews_override_counter":{"override_view_counter":"0","view_counter_number":"0","override_share_counter":"0","share_counter_number":"0","override_like_counter":"0","like_counter_number":"0","override_dislike_counter":"0","dislike_counter_number":"0"},"jnews_post_split":{"enable_post_split":"0","post_split":[{"template":"1","tag":"h2","numbering":"asc","mode":"normal","first":"0","enable_toc":"0","toc_type":"normal"}]},"footnotes":""},"categories":[8],"tags":[],"class_list":["post-44155","post","type-post","status-publish","format-standard","has-post-thumbnail","hentry","category-provinciales"],"jetpack_featured_media_url":"https:\/\/atecordoba.org\/wp-content\/uploads\/2024\/06\/IMG-20240607-WA0045-e1717784097585.jpg","_links":{"self":[{"href":"https:\/\/atecordoba.org\/index.php?rest_route=\/wp\/v2\/posts\/44155","targetHints":{"allow":["GET"]}}],"collection":[{"href":"https:\/\/atecordoba.org\/index.php?rest_route=\/wp\/v2\/posts"}],"about":[{"href":"https:\/\/atecordoba.org\/index.php?rest_route=\/wp\/v2\/types\/post"}],"author":[{"embeddable":true,"href":"https:\/\/atecordoba.org\/index.php?rest_route=\/wp\/v2\/users\/7"}],"replies":[{"embeddable":true,"href":"https:\/\/atecordoba.org\/index.php?rest_route=%2Fwp%2Fv2%2Fcomments&post=44155"}],"version-history":[{"count":1,"href":"https:\/\/atecordoba.org\/index.php?rest_route=\/wp\/v2\/posts\/44155\/revisions"}],"predecessor-version":[{"id":44156,"href":"https:\/\/atecordoba.org\/index.php?rest_route=\/wp\/v2\/posts\/44155\/revisions\/44156"}],"wp:featuredmedia":[{"embeddable":true,"href":"https:\/\/atecordoba.org\/index.php?rest_route=\/wp\/v2\/media\/43981"}],"wp:attachment":[{"href":"https:\/\/atecordoba.org\/index.php?rest_route=%2Fwp%2Fv2%2Fmedia&parent=44155"}],"wp:term":[{"taxonomy":"category","embeddable":true,"href":"https:\/\/atecordoba.org\/index.php?rest_route=%2Fwp%2Fv2%2Fcategories&post=44155"},{"taxonomy":"post_tag","embeddable":true,"href":"https:\/\/atecordoba.org\/index.php?rest_route=%2Fwp%2Fv2%2Ftags&post=44155"}],"curies":[{"name":"wp","href":"https:\/\/api.w.org\/{rel}","templated":true}]}}