{"id":44143,"date":"2024-06-18T15:30:28","date_gmt":"2024-06-18T18:30:28","guid":{"rendered":"https:\/\/atecordoba.org\/?p=44143"},"modified":"2024-06-18T15:30:28","modified_gmt":"2024-06-18T18:30:28","slug":"ate-en-el-hospital-de-ninos","status":"publish","type":"post","link":"https:\/\/atecordoba.org\/?p=44143","title":{"rendered":"ATE, en el Hospital de Ni\u00f1os"},"content":{"rendered":"<div class=\"wp-block-image\">\n<figure class=\"aligncenter size-large is-resized\"><img loading=\"lazy\" decoding=\"async\" width=\"576\" height=\"1024\" src=\"https:\/\/atecordoba.org\/wp-content\/uploads\/2024\/06\/IMG-20240618-WA0032-1-576x1024.jpg\" alt=\"\" class=\"wp-image-44145\" style=\"width:600px\" srcset=\"https:\/\/atecordoba.org\/wp-content\/uploads\/2024\/06\/IMG-20240618-WA0032-1-576x1024.jpg 576w, https:\/\/atecordoba.org\/wp-content\/uploads\/2024\/06\/IMG-20240618-WA0032-1-169x300.jpg 169w, https:\/\/atecordoba.org\/wp-content\/uploads\/2024\/06\/IMG-20240618-WA0032-1-768x1365.jpg 768w, https:\/\/atecordoba.org\/wp-content\/uploads\/2024\/06\/IMG-20240618-WA0032-1-864x1536.jpg 864w, https:\/\/atecordoba.org\/wp-content\/uploads\/2024\/06\/IMG-20240618-WA0032-1-750x1333.jpg 750w, https:\/\/atecordoba.org\/wp-content\/uploads\/2024\/06\/IMG-20240618-WA0032-1.jpg 900w\" sizes=\"auto, (max-width: 576px) 100vw, 576px\" \/><\/figure>\n<\/div>\n\n\n<p>Esta ma\u00f1ana se realiz\u00f3 una recorrida y volanteada en el Hospital de Ni\u00f1os Sant\u00edsima Trinidad, como parte de la campa\u00f1a de organizaci\u00f3n del sector p\u00fablico provincial, informando a las y los compa\u00f1eros sobre la p\u00e9rdida de poder adquisitivo de los salarios durante el gobierno de Javier Milei y su correlato bajo la gesti\u00f3n del Gobernador Mart\u00edn Llaryora. <\/p>\n\n\n\n<p>Estuvieron presentes los dirigentes de ATE C\u00f3rdoba, Jorge Chalup, secretario Gremial, Javier Bracamonte, de Organizaci\u00f3n, y Diego Chavez, de Interior. <\/p>\n\n\n\n<p>Se trat\u00f3 de una oportunidad para entrar en contacto con las y los compa\u00f1eros del sector, difundiendo <a href=\"https:\/\/atecordoba.org\/?p=44097\">un informe del observatorio OTES<\/a>, que detall\u00f3 la p\u00e9rdida de poder de compra de los salarios provinciales, en base al estudio de distintos sectores del Estado cordob\u00e9s. <\/p>\n\n\n\n<figure class=\"wp-block-gallery has-nested-images columns-default is-cropped wp-block-gallery-1 is-layout-flex wp-block-gallery-is-layout-flex\">\n<figure class=\"wp-block-image size-large\"><a href=\"https:\/\/atecordoba.org\/wp-content\/uploads\/2024\/06\/IMG-20240618-WA0027.jpg\" target=\"_blank\" rel=\"noopener\"><img loading=\"lazy\" decoding=\"async\" width=\"576\" height=\"1024\" data-id=\"44146\" src=\"https:\/\/atecordoba.org\/wp-content\/uploads\/2024\/06\/IMG-20240618-WA0027-576x1024.jpg\" alt=\"\" class=\"wp-image-44146\" srcset=\"https:\/\/atecordoba.org\/wp-content\/uploads\/2024\/06\/IMG-20240618-WA0027-576x1024.jpg 576w, https:\/\/atecordoba.org\/wp-content\/uploads\/2024\/06\/IMG-20240618-WA0027-169x300.jpg 169w, https:\/\/atecordoba.org\/wp-content\/uploads\/2024\/06\/IMG-20240618-WA0027-768x1365.jpg 768w, https:\/\/atecordoba.org\/wp-content\/uploads\/2024\/06\/IMG-20240618-WA0027-864x1536.jpg 864w, https:\/\/atecordoba.org\/wp-content\/uploads\/2024\/06\/IMG-20240618-WA0027-750x1333.jpg 750w, https:\/\/atecordoba.org\/wp-content\/uploads\/2024\/06\/IMG-20240618-WA0027.jpg 900w\" sizes=\"auto, (max-width: 576px) 100vw, 576px\" \/><\/a><\/figure>\n\n\n\n<figure class=\"wp-block-image size-large\"><a href=\"https:\/\/atecordoba.org\/wp-content\/uploads\/2024\/06\/IMG-20240618-WA0029.jpg\" target=\"_blank\" rel=\"noopener\"><img loading=\"lazy\" decoding=\"async\" width=\"576\" height=\"1024\" data-id=\"44147\" src=\"https:\/\/atecordoba.org\/wp-content\/uploads\/2024\/06\/IMG-20240618-WA0029-576x1024.jpg\" alt=\"\" class=\"wp-image-44147\" srcset=\"https:\/\/atecordoba.org\/wp-content\/uploads\/2024\/06\/IMG-20240618-WA0029-576x1024.jpg 576w, https:\/\/atecordoba.org\/wp-content\/uploads\/2024\/06\/IMG-20240618-WA0029-169x300.jpg 169w, https:\/\/atecordoba.org\/wp-content\/uploads\/2024\/06\/IMG-20240618-WA0029-768x1365.jpg 768w, https:\/\/atecordoba.org\/wp-content\/uploads\/2024\/06\/IMG-20240618-WA0029-864x1536.jpg 864w, https:\/\/atecordoba.org\/wp-content\/uploads\/2024\/06\/IMG-20240618-WA0029-750x1333.jpg 750w, https:\/\/atecordoba.org\/wp-content\/uploads\/2024\/06\/IMG-20240618-WA0029.jpg 900w\" sizes=\"auto, (max-width: 576px) 100vw, 576px\" \/><\/a><\/figure>\n\n\n\n<figure class=\"wp-block-image size-large\"><a href=\"https:\/\/atecordoba.org\/wp-content\/uploads\/2024\/06\/IMG-20240618-WA0030.jpg\" target=\"_blank\" rel=\"noopener\"><img loading=\"lazy\" decoding=\"async\" width=\"576\" height=\"1024\" data-id=\"44148\" src=\"https:\/\/atecordoba.org\/wp-content\/uploads\/2024\/06\/IMG-20240618-WA0030-576x1024.jpg\" alt=\"\" class=\"wp-image-44148\" srcset=\"https:\/\/atecordoba.org\/wp-content\/uploads\/2024\/06\/IMG-20240618-WA0030-576x1024.jpg 576w, https:\/\/atecordoba.org\/wp-content\/uploads\/2024\/06\/IMG-20240618-WA0030-169x300.jpg 169w, https:\/\/atecordoba.org\/wp-content\/uploads\/2024\/06\/IMG-20240618-WA0030-768x1365.jpg 768w, https:\/\/atecordoba.org\/wp-content\/uploads\/2024\/06\/IMG-20240618-WA0030-864x1536.jpg 864w, https:\/\/atecordoba.org\/wp-content\/uploads\/2024\/06\/IMG-20240618-WA0030-750x1333.jpg 750w, https:\/\/atecordoba.org\/wp-content\/uploads\/2024\/06\/IMG-20240618-WA0030.jpg 900w\" sizes=\"auto, (max-width: 576px) 100vw, 576px\" \/><\/a><\/figure>\n<\/figure>\n\n\n\n<p>En tal sentido, Diego Ch\u00e1vez, trabajador del Hospital Neonatal, explic\u00f3 que el agrupamiento de la 7233 solo alcanza a cubrir en promedio el 77% de la Canasta B\u00e1sica Total, mientras que  Administraci\u00f3n y Servicios Generales apenas logra cubrir el 75%&#8221;.  <\/p>\n\n\n\n<p>&#8220;A esto se suma los aumentos en los aportes que realizamos las y los trabajadores en concepto de APROSS y la Caja de Jubilaciones que impuso el gobierno de Mart\u00edn Llaryora, que profundiza la p\u00e9rdida de la ca\u00edda de nuestros ingresos&#8221;, lament\u00f3 el dirigente.<\/p>\n\n\n\n<p>Seg\u00fan expresa el personal, adem\u00e1s del brutal problema salarial que enfrentamos, en los hospitales hay carencia de nombramientos que se traduce en la falta de trabajadores para cubrir los servicios. &#8220;El gobierno manda monotributos, compa\u00f1eras y compa\u00f1eros precariados con trabajo a plazo por tres meses. Tambi\u00e9n se producen traslados de personal entre servicios sin consultar e imponiendo persecuci\u00f3n antisindical a personal que goza de tutela sindical&#8221;, complet\u00f3 Ch\u00e1vez.<\/p>\n\n\n\n<figure class=\"wp-block-gallery has-nested-images columns-default is-cropped wp-block-gallery-2 is-layout-flex wp-block-gallery-is-layout-flex\">\n<figure class=\"wp-block-image size-large\"><img loading=\"lazy\" decoding=\"async\" width=\"576\" height=\"1024\" data-id=\"44149\" src=\"https:\/\/atecordoba.org\/wp-content\/uploads\/2024\/06\/IMG-20240618-WA0031-576x1024.jpg\" alt=\"\" class=\"wp-image-44149\" srcset=\"https:\/\/atecordoba.org\/wp-content\/uploads\/2024\/06\/IMG-20240618-WA0031-576x1024.jpg 576w, https:\/\/atecordoba.org\/wp-content\/uploads\/2024\/06\/IMG-20240618-WA0031-169x300.jpg 169w, https:\/\/atecordoba.org\/wp-content\/uploads\/2024\/06\/IMG-20240618-WA0031-768x1365.jpg 768w, https:\/\/atecordoba.org\/wp-content\/uploads\/2024\/06\/IMG-20240618-WA0031-864x1536.jpg 864w, https:\/\/atecordoba.org\/wp-content\/uploads\/2024\/06\/IMG-20240618-WA0031-750x1333.jpg 750w, https:\/\/atecordoba.org\/wp-content\/uploads\/2024\/06\/IMG-20240618-WA0031.jpg 900w\" sizes=\"auto, (max-width: 576px) 100vw, 576px\" \/><\/figure>\n\n\n\n<figure class=\"wp-block-image size-large\"><img loading=\"lazy\" decoding=\"async\" width=\"576\" height=\"1024\" data-id=\"44151\" src=\"https:\/\/atecordoba.org\/wp-content\/uploads\/2024\/06\/IMG-20240618-WA0025-576x1024.jpg\" alt=\"\" class=\"wp-image-44151\" srcset=\"https:\/\/atecordoba.org\/wp-content\/uploads\/2024\/06\/IMG-20240618-WA0025-576x1024.jpg 576w, https:\/\/atecordoba.org\/wp-content\/uploads\/2024\/06\/IMG-20240618-WA0025-169x300.jpg 169w, https:\/\/atecordoba.org\/wp-content\/uploads\/2024\/06\/IMG-20240618-WA0025-768x1365.jpg 768w, https:\/\/atecordoba.org\/wp-content\/uploads\/2024\/06\/IMG-20240618-WA0025-864x1536.jpg 864w, https:\/\/atecordoba.org\/wp-content\/uploads\/2024\/06\/IMG-20240618-WA0025-750x1333.jpg 750w, https:\/\/atecordoba.org\/wp-content\/uploads\/2024\/06\/IMG-20240618-WA0025.jpg 900w\" sizes=\"auto, (max-width: 576px) 100vw, 576px\" \/><\/figure>\n\n\n\n<figure class=\"wp-block-image size-large\"><img loading=\"lazy\" decoding=\"async\" width=\"576\" height=\"1024\" data-id=\"44150\" src=\"https:\/\/atecordoba.org\/wp-content\/uploads\/2024\/06\/IMG-20240618-WA0026-576x1024.jpg\" alt=\"\" class=\"wp-image-44150\" srcset=\"https:\/\/atecordoba.org\/wp-content\/uploads\/2024\/06\/IMG-20240618-WA0026-576x1024.jpg 576w, https:\/\/atecordoba.org\/wp-content\/uploads\/2024\/06\/IMG-20240618-WA0026-169x300.jpg 169w, https:\/\/atecordoba.org\/wp-content\/uploads\/2024\/06\/IMG-20240618-WA0026-768x1365.jpg 768w, https:\/\/atecordoba.org\/wp-content\/uploads\/2024\/06\/IMG-20240618-WA0026-864x1536.jpg 864w, https:\/\/atecordoba.org\/wp-content\/uploads\/2024\/06\/IMG-20240618-WA0026-750x1333.jpg 750w, https:\/\/atecordoba.org\/wp-content\/uploads\/2024\/06\/IMG-20240618-WA0026.jpg 900w\" sizes=\"auto, (max-width: 576px) 100vw, 576px\" \/><\/figure>\n<\/figure>\n","protected":false},"excerpt":{"rendered":"<p>Esta ma\u00f1ana se realiz\u00f3 una recorrida y volanteada en el Hospital de Ni\u00f1os Sant\u00edsima Trinidad, como parte de la campa\u00f1a de organizaci\u00f3n del sector p\u00fablico provincial, informando a las y los compa\u00f1eros sobre la p\u00e9rdida de poder adquisitivo de los salarios durante el gobierno de Javier Milei y su correlato bajo la gesti\u00f3n del Gobernador [&hellip;]<\/p>\n","protected":false},"author":7,"featured_media":44152,"comment_status":"open","ping_status":"open","sticky":false,"template":"","format":"standard","meta":{"_exactmetrics_skip_tracking":false,"_exactmetrics_sitenote_active":false,"_exactmetrics_sitenote_note":"","_exactmetrics_sitenote_category":0,"jnews-multi-image_gallery":[],"jnews_single_post":{"subtitle":"Se trat\u00f3 de una oportunidad para entrar en contacto con las y los compa\u00f1eros del sector, difundiendo un informe del observatorio OTES, que detall\u00f3 la p\u00e9rdida de poder de compra de los salarios provinciales, en base al estudio de distintos sectores del Estado cordob\u00e9s.","format":"standard","video":"","gallery":"","source_name":"","source_url":"","via_name":"","via_url":"","override_template":"0","override":[{"template":"1","single_blog_custom":"","parallax":"1","fullscreen":"1","layout":"no-sidebar-narrow","sidebar":"default-sidebar","second_sidebar":"default-sidebar","sticky_sidebar":"1","share_position":"bottom","share_float_style":"share-monocrhome","show_share_counter":"1","show_view_counter":"1","show_featured":"0","show_post_meta":"1","show_post_author":"0","show_post_author_image":"1","show_post_date":"1","post_date_format":"default","post_date_format_custom":"Y\/m\/d","show_post_category":"1","show_post_reading_time":"0","post_reading_time_wpm":"300","show_zoom_button":"0","zoom_button_out_step":"2","zoom_button_in_step":"3","show_post_tag":"1","show_prev_next_post":"0","show_popup_post":"0","number_popup_post":"1","show_author_box":"0","show_post_related":"1","show_inline_post_related":"0"}],"override_image_size":"0","image_override":[{"single_post_thumbnail_size":"crop-500","single_post_gallery_size":"crop-500"}],"trending_post":"0","trending_post_position":"meta","trending_post_label":"Trending","sponsored_post":"0","sponsored_post_label":"Sponsored by","sponsored_post_name":"","sponsored_post_url":"","sponsored_post_logo_enable":"0","sponsored_post_logo":"","sponsored_post_desc":"","disable_ad":"0"},"jnews_primary_category":{"id":"","hide":""},"jnews_social_meta":{"fb_title":"","fb_description":"","fb_image":"","twitter_title":"","twitter_description":"","twitter_image":""},"jnews_review":[],"enable_review":"0","type":"percentage","name":"","summary":"","brand":"","sku":"","good":[{"good_text":""}],"bad":[{"bad_text":""}],"score_override":"0","override_value":"","rating":[{"rating_text":"","rating_number":"10"}],"price":[{"shop":"","price":"","link":"","icon":""}],"jnews_override_counter":{"override_view_counter":"0","view_counter_number":"0","override_share_counter":"0","share_counter_number":"0","override_like_counter":"0","like_counter_number":"0","override_dislike_counter":"0","dislike_counter_number":"0"},"jnews_post_split":{"enable_post_split":"0","post_split":[{"template":"1","tag":"h2","numbering":"asc","mode":"normal","first":"0","enable_toc":"0","toc_type":"normal"}]},"footnotes":""},"categories":[8],"tags":[],"class_list":["post-44143","post","type-post","status-publish","format-standard","has-post-thumbnail","hentry","category-provinciales"],"jetpack_featured_media_url":"https:\/\/atecordoba.org\/wp-content\/uploads\/2024\/06\/portada-1.jpg","_links":{"self":[{"href":"https:\/\/atecordoba.org\/index.php?rest_route=\/wp\/v2\/posts\/44143","targetHints":{"allow":["GET"]}}],"collection":[{"href":"https:\/\/atecordoba.org\/index.php?rest_route=\/wp\/v2\/posts"}],"about":[{"href":"https:\/\/atecordoba.org\/index.php?rest_route=\/wp\/v2\/types\/post"}],"author":[{"embeddable":true,"href":"https:\/\/atecordoba.org\/index.php?rest_route=\/wp\/v2\/users\/7"}],"replies":[{"embeddable":true,"href":"https:\/\/atecordoba.org\/index.php?rest_route=%2Fwp%2Fv2%2Fcomments&post=44143"}],"version-history":[{"count":1,"href":"https:\/\/atecordoba.org\/index.php?rest_route=\/wp\/v2\/posts\/44143\/revisions"}],"predecessor-version":[{"id":44153,"href":"https:\/\/atecordoba.org\/index.php?rest_route=\/wp\/v2\/posts\/44143\/revisions\/44153"}],"wp:featuredmedia":[{"embeddable":true,"href":"https:\/\/atecordoba.org\/index.php?rest_route=\/wp\/v2\/media\/44152"}],"wp:attachment":[{"href":"https:\/\/atecordoba.org\/index.php?rest_route=%2Fwp%2Fv2%2Fmedia&parent=44143"}],"wp:term":[{"taxonomy":"category","embeddable":true,"href":"https:\/\/atecordoba.org\/index.php?rest_route=%2Fwp%2Fv2%2Fcategories&post=44143"},{"taxonomy":"post_tag","embeddable":true,"href":"https:\/\/atecordoba.org\/index.php?rest_route=%2Fwp%2Fv2%2Ftags&post=44143"}],"curies":[{"name":"wp","href":"https:\/\/api.w.org\/{rel}","templated":true}]}}