{"id":4413,"date":"2014-08-21T18:46:10","date_gmt":"2014-08-21T21:46:10","guid":{"rendered":"http:\/\/www.atecordoba.org\/?p=4413"},"modified":"2014-08-21T18:46:10","modified_gmt":"2014-08-21T21:46:10","slug":"cuerpo-de-delegados-de-los-hospitales-provinciales-repudio-apriete-al-periodista-de-los-srt","status":"publish","type":"post","link":"https:\/\/atecordoba.org\/?p=4413","title":{"rendered":"Cuerpo de delegados de los hospitales provinciales repudio apriete al periodista de los SRT"},"content":{"rendered":"<div>\n<p><em>El plenario general de delegados de los hospitales provinciales de ATE expres\u00f3 por unanimidad hoy el repudio al accionar del actual jefe de\u00a0polic\u00eda\u00a0de la provincia de C\u00f3rdoba comisario general Julio C\u00e9sar Su\u00e1rez, que amenaz\u00f3 al compa\u00f1ero\u00a0trabajador de prensa Dante Leguizamon, se\u00f1alando el apoyo irrestricto a la libre\u00a0expresi\u00f3n y al derecho de la comunidad a contar con informaci\u00f3n veraz sobre hecho p\u00fablicos que afectan a los trabajadores, como lo fue la represi\u00f3n de los vecinos del barrio Los Cortaderos, v\u00edctimas del &#8216;gatillo f\u00e1cil&#8217;\u00a0y de la polic\u00eda brava que asola la provincia.<\/em><\/p>\n<\/div>\n<div>\n<p><span style=\"font-size: large;\"><a href=\"http:\/\/www.atecordoba.org\/wp-content\/uploads\/2013\/12\/6.png\"><img loading=\"lazy\" decoding=\"async\" class=\"aligncenter  wp-image-3749\" src=\"http:\/\/www.atecordoba.org\/wp-content\/uploads\/2013\/12\/6.png\" alt=\"6\" width=\"606\" height=\"461\" \/><\/a><\/span><\/p>\n<p>A la vez, el Plenario alert\u00f3 que este tipo de acciones son comunes a la \u00e9poca de la \u00faltima dictadura c\u00edvico militar, momentos a los cuales no deber\u00edamos volver los cordobeses. Es llamativo que en la gesti\u00f3n del mismo gobierno \u00a0se procese a trabajadores como la compa\u00f1era Mar\u00eda Ines Palacio, del hospital Rawson, sin pruebas suficientes, o se sancione a la compa\u00f1era Sandra Romero, del hospital Materno Neonatal, por el s\u00f3lo hecho de reclamar mayor seguridad en su lugar de trabajo, llegando a realizar detenciones desmedidas en los lugares de trabajo, ante los compa\u00f1eros y con un accionar de trato hacia las nombradas como si fuesen delincuentes<\/p>\n<p>En consecuencia solicitamos al gobernador de la Provincia, Jos\u00e9 Manuel de la Sota, que \u00a0arbitre los medios necesarios y tome las medidas oportunas para garantizar a todos los ciudadanos de C\u00f3rdoba, y a los trabajadores en particular, el normal desenvolvimiento de sus actividades, sin sentirse amedrentados ni perseguidos por quienes deber\u00edan garantizar su seguridad.<\/p>\n<p>&nbsp;<\/p>\n<p style=\"text-align: right;\">Cuerpo de delegados de Hospitales Provinciales<\/p>\n<p style=\"text-align: right;\">\n<\/div>\n","protected":false},"excerpt":{"rendered":"<p>El plenario general de delegados de los hospitales provinciales de ATE expres\u00f3 por unanimidad hoy el repudio al accionar del actual jefe de\u00a0polic\u00eda\u00a0de la provincia de C\u00f3rdoba comisario general Julio C\u00e9sar Su\u00e1rez, que amenaz\u00f3 al compa\u00f1ero\u00a0trabajador de prensa Dante Leguizamon, se\u00f1alando el apoyo irrestricto a la libre\u00a0expresi\u00f3n y al derecho de la comunidad a contar [&hellip;]<\/p>\n","protected":false},"author":1,"featured_media":19220,"comment_status":"open","ping_status":"open","sticky":false,"template":"","format":"standard","meta":{"_exactmetrics_skip_tracking":false,"_exactmetrics_sitenote_active":false,"_exactmetrics_sitenote_note":"","_exactmetrics_sitenote_category":0,"jnews-multi-image_gallery":[],"jnews_single_post":[],"jnews_primary_category":[],"jnews_social_meta":[],"jnews_review":[],"enable_review":"","type":"","name":"","summary":"","brand":"","sku":"","good":[],"bad":[],"score_override":"","override_value":"","rating":[],"price":[],"jnews_override_counter":[],"jnews_post_split":[],"footnotes":""},"categories":[7,8],"tags":[],"class_list":["post-4413","post","type-post","status-publish","format-standard","has-post-thumbnail","hentry","category-hospitales","category-provinciales"],"jetpack_featured_media_url":"https:\/\/atecordoba.org\/wp-content\/uploads\/2020\/05\/logo-nuevochico-e1561581322808.png","_links":{"self":[{"href":"https:\/\/atecordoba.org\/index.php?rest_route=\/wp\/v2\/posts\/4413","targetHints":{"allow":["GET"]}}],"collection":[{"href":"https:\/\/atecordoba.org\/index.php?rest_route=\/wp\/v2\/posts"}],"about":[{"href":"https:\/\/atecordoba.org\/index.php?rest_route=\/wp\/v2\/types\/post"}],"author":[{"embeddable":true,"href":"https:\/\/atecordoba.org\/index.php?rest_route=\/wp\/v2\/users\/1"}],"replies":[{"embeddable":true,"href":"https:\/\/atecordoba.org\/index.php?rest_route=%2Fwp%2Fv2%2Fcomments&post=4413"}],"version-history":[{"count":0,"href":"https:\/\/atecordoba.org\/index.php?rest_route=\/wp\/v2\/posts\/4413\/revisions"}],"wp:featuredmedia":[{"embeddable":true,"href":"https:\/\/atecordoba.org\/index.php?rest_route=\/wp\/v2\/media\/19220"}],"wp:attachment":[{"href":"https:\/\/atecordoba.org\/index.php?rest_route=%2Fwp%2Fv2%2Fmedia&parent=4413"}],"wp:term":[{"taxonomy":"category","embeddable":true,"href":"https:\/\/atecordoba.org\/index.php?rest_route=%2Fwp%2Fv2%2Fcategories&post=4413"},{"taxonomy":"post_tag","embeddable":true,"href":"https:\/\/atecordoba.org\/index.php?rest_route=%2Fwp%2Fv2%2Ftags&post=4413"}],"curies":[{"name":"wp","href":"https:\/\/api.w.org\/{rel}","templated":true}]}}