{"id":44114,"date":"2024-06-14T12:43:18","date_gmt":"2024-06-14T15:43:18","guid":{"rendered":"https:\/\/atecordoba.org\/?p=44114"},"modified":"2024-06-14T12:43:27","modified_gmt":"2024-06-14T15:43:27","slug":"segunda-reunion-del-frente-de-gremios-estatales-definio-asambleas-para-la-semana-que-viene","status":"publish","type":"post","link":"https:\/\/atecordoba.org\/?p=44114","title":{"rendered":"Segunda reuni\u00f3n del Frente de Gremios Estatales defini\u00f3 asambleas para la semana que viene"},"content":{"rendered":"<div class=\"wp-block-image\">\n<figure class=\"aligncenter size-large is-resized\"><img loading=\"lazy\" decoding=\"async\" width=\"1024\" height=\"461\" src=\"https:\/\/atecordoba.org\/wp-content\/uploads\/2024\/06\/WhatsApp-Image-2024-06-14-at-11.49.07-1024x461.jpeg\" alt=\"\" class=\"wp-image-44115\" style=\"width:600px\" \/><\/figure>\n<\/div>\n\n\n<p>Hoy a medida ma\u00f1ana se llev\u00f3 adelante una reuni\u00f3n de representantes de la mesa de sindicatos estatales provinciales construyendo unidad. En la ocasi\u00f3n participaron el secretario Gremial de ATE C\u00f3rdoba, Jorge Chalup, el secretario General de la UEPC Capital, Franco Boczkowski, junto a la secretaria Adjunta, Graciela Martha G\u00fcell, y el secretario General de UTS, Gast\u00f3n Vacchiani.<\/p>\n\n\n\n<p>Durante la reuni\u00f3n se analiz\u00f3 la <a href=\"https:\/\/atecordoba.org\/?p=44097\">situaci\u00f3n salarial de estatales provinciales<\/a> por debajo de la l\u00ednea de pobreza e indigencia, las medidas y acciones en conjunto y la exigencia de participaci\u00f3n en la discusi\u00f3n paritaria con el gobierno provincial. <\/p>\n\n\n\n<p>En esa l\u00ednea, los dirigentes estatales planificaron la realizaci\u00f3n de dos asambleas la semana pr\u00f3xima: en Hospital de Ni\u00f1os el martes 18 de junio a las 12 horas y el mi\u00e9rcoles 19 de junio en el Hospital Rawson, con horario a definir.<\/p>\n\n\n\n<p><\/p>\n","protected":false},"excerpt":{"rendered":"<p>Hoy a medida ma\u00f1ana se llev\u00f3 adelante una reuni\u00f3n de representantes de la mesa de sindicatos estatales provinciales construyendo unidad. En la ocasi\u00f3n participaron el secretario Gremial de ATE C\u00f3rdoba, Jorge Chalup, el secretario General de la UEPC Capital, Franco Boczkowski, junto a la secretaria Adjunta, Graciela Martha G\u00fcell, y el secretario General de UTS, [&hellip;]<\/p>\n","protected":false},"author":7,"featured_media":44115,"comment_status":"open","ping_status":"open","sticky":false,"template":"","format":"standard","meta":{"_exactmetrics_skip_tracking":false,"_exactmetrics_sitenote_active":false,"_exactmetrics_sitenote_note":"","_exactmetrics_sitenote_category":0,"jnews-multi-image_gallery":[],"jnews_single_post":{"subtitle":"Durante la reuni\u00f3n los dirigentes estatales planificaron la realizaci\u00f3n de dos asambleas la semana pr\u00f3xima: en Hospital de Ni\u00f1os el martes 18 de junio y el mi\u00e9rcoles 19 de junio en el Hospital Rawson.","format":"standard","video":"","gallery":"","source_name":"","source_url":"","via_name":"","via_url":"","override_template":"0","override":[{"template":"1","single_blog_custom":"","parallax":"1","fullscreen":"1","layout":"no-sidebar-narrow","sidebar":"default-sidebar","second_sidebar":"default-sidebar","sticky_sidebar":"1","share_position":"bottom","share_float_style":"share-monocrhome","show_share_counter":"1","show_view_counter":"1","show_featured":"0","show_post_meta":"1","show_post_author":"0","show_post_author_image":"1","show_post_date":"1","post_date_format":"default","post_date_format_custom":"Y\/m\/d","show_post_category":"1","show_post_reading_time":"0","post_reading_time_wpm":"300","show_zoom_button":"0","zoom_button_out_step":"2","zoom_button_in_step":"3","show_post_tag":"1","show_prev_next_post":"0","show_popup_post":"0","number_popup_post":"1","show_author_box":"0","show_post_related":"1","show_inline_post_related":"0"}],"override_image_size":"0","image_override":[{"single_post_thumbnail_size":"crop-500","single_post_gallery_size":"crop-500"}],"trending_post":"0","trending_post_position":"meta","trending_post_label":"Trending","sponsored_post":"0","sponsored_post_label":"Sponsored by","sponsored_post_name":"","sponsored_post_url":"","sponsored_post_logo_enable":"0","sponsored_post_logo":"","sponsored_post_desc":"","disable_ad":"0"},"jnews_primary_category":{"id":"","hide":""},"jnews_social_meta":{"fb_title":"","fb_description":"","fb_image":"","twitter_title":"","twitter_description":"","twitter_image":""},"jnews_review":[],"enable_review":"0","type":"percentage","name":"","summary":"","brand":"","sku":"","good":[{"good_text":""}],"bad":[{"bad_text":""}],"score_override":"0","override_value":"","rating":[{"rating_text":"","rating_number":"10"}],"price":[{"shop":"","price":"","link":"","icon":""}],"jnews_override_counter":{"override_view_counter":"0","view_counter_number":"0","override_share_counter":"0","share_counter_number":"0","override_like_counter":"0","like_counter_number":"0","override_dislike_counter":"0","dislike_counter_number":"0"},"jnews_post_split":{"enable_post_split":"0","post_split":[{"template":"1","tag":"h2","numbering":"asc","mode":"normal","first":"0","enable_toc":"0","toc_type":"normal"}]},"footnotes":""},"categories":[8],"tags":[],"class_list":["post-44114","post","type-post","status-publish","format-standard","has-post-thumbnail","hentry","category-provinciales"],"jetpack_featured_media_url":"https:\/\/atecordoba.org\/wp-content\/uploads\/2024\/06\/WhatsApp-Image-2024-06-14-at-11.49.07-e1718379792446.jpeg","_links":{"self":[{"href":"https:\/\/atecordoba.org\/index.php?rest_route=\/wp\/v2\/posts\/44114","targetHints":{"allow":["GET"]}}],"collection":[{"href":"https:\/\/atecordoba.org\/index.php?rest_route=\/wp\/v2\/posts"}],"about":[{"href":"https:\/\/atecordoba.org\/index.php?rest_route=\/wp\/v2\/types\/post"}],"author":[{"embeddable":true,"href":"https:\/\/atecordoba.org\/index.php?rest_route=\/wp\/v2\/users\/7"}],"replies":[{"embeddable":true,"href":"https:\/\/atecordoba.org\/index.php?rest_route=%2Fwp%2Fv2%2Fcomments&post=44114"}],"version-history":[{"count":1,"href":"https:\/\/atecordoba.org\/index.php?rest_route=\/wp\/v2\/posts\/44114\/revisions"}],"predecessor-version":[{"id":44116,"href":"https:\/\/atecordoba.org\/index.php?rest_route=\/wp\/v2\/posts\/44114\/revisions\/44116"}],"wp:featuredmedia":[{"embeddable":true,"href":"https:\/\/atecordoba.org\/index.php?rest_route=\/wp\/v2\/media\/44115"}],"wp:attachment":[{"href":"https:\/\/atecordoba.org\/index.php?rest_route=%2Fwp%2Fv2%2Fmedia&parent=44114"}],"wp:term":[{"taxonomy":"category","embeddable":true,"href":"https:\/\/atecordoba.org\/index.php?rest_route=%2Fwp%2Fv2%2Fcategories&post=44114"},{"taxonomy":"post_tag","embeddable":true,"href":"https:\/\/atecordoba.org\/index.php?rest_route=%2Fwp%2Fv2%2Ftags&post=44114"}],"curies":[{"name":"wp","href":"https:\/\/api.w.org\/{rel}","templated":true}]}}