{"id":44093,"date":"2024-06-13T12:44:44","date_gmt":"2024-06-13T15:44:44","guid":{"rendered":"https:\/\/atecordoba.org\/?p=44093"},"modified":"2024-06-13T12:44:45","modified_gmt":"2024-06-13T15:44:45","slug":"construyendo-el-paro-provincial-asamblea-conjunta-de-ate-uepc-capital-y-uts-en-el-polo-sanitario","status":"publish","type":"post","link":"https:\/\/atecordoba.org\/?p=44093","title":{"rendered":"Construyendo el paro provincial: asamblea conjunta de ATE, UEPC Capital y UTS en el Polo Sanitario"},"content":{"rendered":"<div class=\"wp-block-image\">\n<figure class=\"aligncenter size-full is-resized\"><img loading=\"lazy\" decoding=\"async\" width=\"958\" height=\"725\" src=\"https:\/\/atecordoba.org\/wp-content\/uploads\/2024\/06\/WhatsApp-Image-2024-06-13-at-12.25.01-1.jpeg\" alt=\"\" class=\"wp-image-44094\" style=\"width:600px\" srcset=\"https:\/\/atecordoba.org\/wp-content\/uploads\/2024\/06\/WhatsApp-Image-2024-06-13-at-12.25.01-1.jpeg 958w, https:\/\/atecordoba.org\/wp-content\/uploads\/2024\/06\/WhatsApp-Image-2024-06-13-at-12.25.01-1-300x227.jpeg 300w, https:\/\/atecordoba.org\/wp-content\/uploads\/2024\/06\/WhatsApp-Image-2024-06-13-at-12.25.01-1-768x581.jpeg 768w, https:\/\/atecordoba.org\/wp-content\/uploads\/2024\/06\/WhatsApp-Image-2024-06-13-at-12.25.01-1-750x568.jpeg 750w\" sizes=\"auto, (max-width: 958px) 100vw, 958px\" \/><\/figure>\n<\/div>\n\n\n<p>En el marco de la conformaci\u00f3n del <a href=\"https:\/\/atecordoba.org\/?p=43980\">Frente de Gremios Estatales de C\u00f3rdoba<\/a>, esta ma\u00f1ana se realiz\u00f3 una asamblea de trabajadoras y trabajadores de los hospitales que conforman el Polo Sanitario provincial, en la Bajada Pucar\u00e1.<\/p>\n\n\n\n<p>La convocatoria fue conjunta de ATE, la UEPC Capital y la UTS, entidades representativas de la conflictividad en la administraci\u00f3n p\u00fablica, la educaci\u00f3n y el sector salud, sectores donde los bajos salarios y las condiciones de precarizaci\u00f3n son moneda corriente.<\/p>\n\n\n<div class=\"wp-block-image\">\n<figure class=\"aligncenter size-large is-resized\"><img loading=\"lazy\" decoding=\"async\" width=\"1024\" height=\"577\" src=\"https:\/\/atecordoba.org\/wp-content\/uploads\/2024\/06\/WhatsApp-Image-2024-06-13-at-12.25.01-1024x577.jpeg\" alt=\"\" class=\"wp-image-44095\" style=\"width:600px\" srcset=\"https:\/\/atecordoba.org\/wp-content\/uploads\/2024\/06\/WhatsApp-Image-2024-06-13-at-12.25.01-1024x577.jpeg 1024w, https:\/\/atecordoba.org\/wp-content\/uploads\/2024\/06\/WhatsApp-Image-2024-06-13-at-12.25.01-300x169.jpeg 300w, https:\/\/atecordoba.org\/wp-content\/uploads\/2024\/06\/WhatsApp-Image-2024-06-13-at-12.25.01-768x432.jpeg 768w, https:\/\/atecordoba.org\/wp-content\/uploads\/2024\/06\/WhatsApp-Image-2024-06-13-at-12.25.01-1536x865.jpeg 1536w, https:\/\/atecordoba.org\/wp-content\/uploads\/2024\/06\/WhatsApp-Image-2024-06-13-at-12.25.01-750x422.jpeg 750w, https:\/\/atecordoba.org\/wp-content\/uploads\/2024\/06\/WhatsApp-Image-2024-06-13-at-12.25.01-1140x642.jpeg 1140w, https:\/\/atecordoba.org\/wp-content\/uploads\/2024\/06\/WhatsApp-Image-2024-06-13-at-12.25.01.jpeg 1600w\" sizes=\"auto, (max-width: 1024px) 100vw, 1024px\" \/><\/figure>\n<\/div>\n\n\n<p>\u201cFrente a un panorama donde las y los trabajadores cobran salarios que hoy no llegan a cubrir la Canasta Familiar, que el INDEC fija por encima de los 800 mil pesos, estamos recorriendo sectores en v\u00edas a construir un paro provincial que le arranque al Gobernador Mart\u00edn Llaryora salarios dignos\u201d, explic\u00f3 el secretario Gremial de ATE C\u00f3rdoba, Jorge Chalup.<\/p>\n\n\n\n<p>Se esperan nuevas asambleas los pr\u00f3ximos d\u00edas que cimienten la medida de fuerza que devuelva los sueldos que requieren las y los trabajadores del sector p\u00fablico provincial. En la oportunidad, estuvieron participando de la asamblea el secretario General de la UTS, Gast\u00f3n Vacchiani, y su par de UPEC Capital, \u00a0Franco Boczkowski.<\/p>\n","protected":false},"excerpt":{"rendered":"<p>En el marco de la conformaci\u00f3n del Frente de Gremios Estatales de C\u00f3rdoba, esta ma\u00f1ana se realiz\u00f3 una asamblea de trabajadoras y trabajadores de los hospitales que conforman el Polo Sanitario provincial, en la Bajada Pucar\u00e1. La convocatoria fue conjunta de ATE, la UEPC Capital y la UTS, entidades representativas de la conflictividad en la [&hellip;]<\/p>\n","protected":false},"author":7,"featured_media":44094,"comment_status":"open","ping_status":"open","sticky":false,"template":"","format":"standard","meta":{"_exactmetrics_skip_tracking":false,"_exactmetrics_sitenote_active":false,"_exactmetrics_sitenote_note":"","_exactmetrics_sitenote_category":0,"jnews-multi-image_gallery":[],"jnews_single_post":{"subtitle":"\u201cFrente a un panorama donde las y los trabajadores cobran salarios que hoy no llegan a cubrir la Canasta Familiar, que el INDEC fija por encima de los 800 mil pesos, estamos recorriendo sectores en v\u00edas a construir un paro provincial que le arranque al Gobernador Mart\u00edn Llaryora salarios dignos\u201d, explic\u00f3 el secretario Gremial de ATE C\u00f3rdoba, Jorge Chalup.","format":"standard","video":"","gallery":"","source_name":"","source_url":"","via_name":"","via_url":"","override_template":"0","override":[{"template":"1","single_blog_custom":"","parallax":"1","fullscreen":"1","layout":"no-sidebar-narrow","sidebar":"default-sidebar","second_sidebar":"default-sidebar","sticky_sidebar":"1","share_position":"bottom","share_float_style":"share-monocrhome","show_share_counter":"1","show_view_counter":"1","show_featured":"0","show_post_meta":"1","show_post_author":"0","show_post_author_image":"1","show_post_date":"1","post_date_format":"default","post_date_format_custom":"Y\/m\/d","show_post_category":"1","show_post_reading_time":"0","post_reading_time_wpm":"300","show_zoom_button":"0","zoom_button_out_step":"2","zoom_button_in_step":"3","show_post_tag":"1","show_prev_next_post":"0","show_popup_post":"0","number_popup_post":"1","show_author_box":"0","show_post_related":"1","show_inline_post_related":"0"}],"override_image_size":"0","image_override":[{"single_post_thumbnail_size":"crop-500","single_post_gallery_size":"crop-500"}],"trending_post":"0","trending_post_position":"meta","trending_post_label":"Trending","sponsored_post":"0","sponsored_post_label":"Sponsored by","sponsored_post_name":"","sponsored_post_url":"","sponsored_post_logo_enable":"0","sponsored_post_logo":"","sponsored_post_desc":"","disable_ad":"0"},"jnews_primary_category":{"id":"","hide":""},"jnews_social_meta":{"fb_title":"","fb_description":"","fb_image":"","twitter_title":"","twitter_description":"","twitter_image":""},"jnews_review":[],"enable_review":"0","type":"percentage","name":"","summary":"","brand":"","sku":"","good":[{"good_text":""}],"bad":[{"bad_text":""}],"score_override":"0","override_value":"","rating":[{"rating_text":"","rating_number":"10"}],"price":[{"shop":"","price":"","link":"","icon":""}],"jnews_override_counter":{"override_view_counter":"0","view_counter_number":"0","override_share_counter":"0","share_counter_number":"0","override_like_counter":"0","like_counter_number":"0","override_dislike_counter":"0","dislike_counter_number":"0"},"jnews_post_split":{"enable_post_split":"0","post_split":[{"template":"1","tag":"h2","numbering":"asc","mode":"normal","first":"0","enable_toc":"0","toc_type":"normal"}]},"footnotes":""},"categories":[8],"tags":[],"class_list":["post-44093","post","type-post","status-publish","format-standard","has-post-thumbnail","hentry","category-provinciales"],"jetpack_featured_media_url":"https:\/\/atecordoba.org\/wp-content\/uploads\/2024\/06\/WhatsApp-Image-2024-06-13-at-12.25.01-1.jpeg","_links":{"self":[{"href":"https:\/\/atecordoba.org\/index.php?rest_route=\/wp\/v2\/posts\/44093","targetHints":{"allow":["GET"]}}],"collection":[{"href":"https:\/\/atecordoba.org\/index.php?rest_route=\/wp\/v2\/posts"}],"about":[{"href":"https:\/\/atecordoba.org\/index.php?rest_route=\/wp\/v2\/types\/post"}],"author":[{"embeddable":true,"href":"https:\/\/atecordoba.org\/index.php?rest_route=\/wp\/v2\/users\/7"}],"replies":[{"embeddable":true,"href":"https:\/\/atecordoba.org\/index.php?rest_route=%2Fwp%2Fv2%2Fcomments&post=44093"}],"version-history":[{"count":1,"href":"https:\/\/atecordoba.org\/index.php?rest_route=\/wp\/v2\/posts\/44093\/revisions"}],"predecessor-version":[{"id":44096,"href":"https:\/\/atecordoba.org\/index.php?rest_route=\/wp\/v2\/posts\/44093\/revisions\/44096"}],"wp:featuredmedia":[{"embeddable":true,"href":"https:\/\/atecordoba.org\/index.php?rest_route=\/wp\/v2\/media\/44094"}],"wp:attachment":[{"href":"https:\/\/atecordoba.org\/index.php?rest_route=%2Fwp%2Fv2%2Fmedia&parent=44093"}],"wp:term":[{"taxonomy":"category","embeddable":true,"href":"https:\/\/atecordoba.org\/index.php?rest_route=%2Fwp%2Fv2%2Fcategories&post=44093"},{"taxonomy":"post_tag","embeddable":true,"href":"https:\/\/atecordoba.org\/index.php?rest_route=%2Fwp%2Fv2%2Ftags&post=44093"}],"curies":[{"name":"wp","href":"https:\/\/api.w.org\/{rel}","templated":true}]}}