{"id":44085,"date":"2024-06-13T11:54:26","date_gmt":"2024-06-13T14:54:26","guid":{"rendered":"https:\/\/atecordoba.org\/?p=44085"},"modified":"2024-06-13T11:57:10","modified_gmt":"2024-06-13T14:57:10","slug":"la-aprobacion-de-la-ley-bases-provoca-un-dano-irreparable-a-la-argentina","status":"publish","type":"post","link":"https:\/\/atecordoba.org\/?p=44085","title":{"rendered":"La aprobaci\u00f3n de la Ley Bases \u201cprovoca un da\u00f1o irreparable a la Argentina\u201d"},"content":{"rendered":"<div class=\"wp-block-image\">\n<figure class=\"aligncenter size-large is-resized\"><img loading=\"lazy\" decoding=\"async\" width=\"1024\" height=\"681\" src=\"https:\/\/atecordoba.org\/wp-content\/uploads\/2024\/06\/portadamarchacongreso12-6-1-1024x681.webp\" alt=\"\" class=\"wp-image-44087\" style=\"width:600px\" srcset=\"https:\/\/atecordoba.org\/wp-content\/uploads\/2024\/06\/portadamarchacongreso12-6-1-1024x681.webp 1024w, https:\/\/atecordoba.org\/wp-content\/uploads\/2024\/06\/portadamarchacongreso12-6-1-300x200.webp 300w, https:\/\/atecordoba.org\/wp-content\/uploads\/2024\/06\/portadamarchacongreso12-6-1-768x511.webp 768w, https:\/\/atecordoba.org\/wp-content\/uploads\/2024\/06\/portadamarchacongreso12-6-1-750x499.webp 750w, https:\/\/atecordoba.org\/wp-content\/uploads\/2024\/06\/portadamarchacongreso12-6-1-1140x759.webp 1140w, https:\/\/atecordoba.org\/wp-content\/uploads\/2024\/06\/portadamarchacongreso12-6-1.webp 1536w\" sizes=\"auto, (max-width: 1024px) 100vw, 1024px\" \/><\/figure>\n<\/div>\n\n\n<p>En el marco de una contundente movilizaci\u00f3n frente al Congreso, la Asociaci\u00f3n Trabajadores del Estado (ATE) repudi\u00f3 la aprobaci\u00f3n de la Ley Bases en el Senado. \u00abSe legaliza el fraude laboral m\u00e1s grande de la historia de nuestro pa\u00eds. Se trata de una reforma laboral absolutamente regresiva que una vez instalada, ser\u00e1 muy dif\u00edcil revertirla. Ni un solo art\u00edculo supone un derecho o beneficio para las personas que trabajan\u00bb, asegur\u00f3 Rodolfo Aguiar, Secretario General del sindicato.<\/p>\n\n\n\n<p>A pesar de los apartados que fueron retirados del proyecto final, como la privatizaci\u00f3n de Aerol\u00edneas Argentinas y el cap\u00edtulo previsional, Aguiar sostuvo que \u201cno se aminora el poder de da\u00f1o que tiene la norma\u201d. \u201cCon ley o sin ley, la extrema derecha no va a cesar en su intento de quitarnos todos nuestros derechos y someternos a los poderosos\u201d, agreg\u00f3.<\/p>\n\n\n\n<p>&#8220;La Organizaci\u00f3n Internacional del Trabajo (OIT) en el 2015 ya estudi\u00f3 63 pa\u00edses que impulsaron legislaciones similares y en ning\u00fan caso crearon empleo, ni mejoraron los indicadores sociales y econ\u00f3micos. Cuando hay crisis de empleo y de salarios como ahora, debe legislarse una mayor protecci\u00f3n del trabajo y no debilitarla&#8221;, indic\u00f3 el referente estatal.<\/p>\n\n\n<div class=\"wp-block-image\">\n<figure class=\"aligncenter is-resized\"><img decoding=\"async\" src=\"https:\/\/i0.wp.com\/ate.org.ar\/wp-content\/uploads\/2024\/06\/002-6.jpg?resize=580%2C385&amp;ssl=1\" alt=\"\" class=\"wp-image-226574\" style=\"width:600px\" \/><\/figure>\n<\/div>\n\n\n<p>Entre los principales aspectos que atacan los derechos de los trabajadores, se encuentra la extensi\u00f3n del periodo de prueba, la implementaci\u00f3n del fondo de cese laboral en lugar de las indemnizaciones y, en caso del sector p\u00fablico, el desguace del Estado y la posibilidad de poner en disponibilidad incluso a los trabajadores de la planta permanente del Estado.<\/p>\n\n\n\n<p>&#8220;Por este camino, en el corto plazo la informalidad laboral superar\u00e1 el 70% en todo el pa\u00eds. Es que la rotaci\u00f3n de trabajadores ser\u00e1 alt\u00edsima, habr\u00e1 m\u00e1s precariedad y mayor sumisi\u00f3n para lograr estabilidad en un puesto. A esto hay que sumar que ya se degrad\u00f3 el Ministerio de Trabajo a Secretar\u00eda, para restar potestades de control estatal y beneficiar a los empresarios&#8221;, evalu\u00f3 el referente de ATE. Seg\u00fan el \u00faltimo dato del INDEC, actualmente la informalidad en la Argentina alcanza al 45,3% del total de trabajadores.<\/p>\n\n\n\n<p>En esta l\u00ednea, Aguiar afirm\u00f3: &#8220;Con esta ley todas nuestras riquezas ser\u00e1n arrasadas. El Gobierno actual ha decidido poner el Estado al servicio de las corporaciones extranjeras. No caben dudas que est\u00e1n convirtiendo a la Argentina en un laboratorio mundial del liberalismo, promoviendo la utop\u00eda del mercado autorregulado. Nosotros desde ATE seguimos defendiendo un contrato social basado en una sociedad con pleno empleo y salarios dignos, con derechos sociales y libertad sindical. No podemos naturalizar que en la Argentina coexistan la riqueza extrema, con la m\u00e1s absoluta pobreza&#8221;.<\/p>\n\n\n<div class=\"wp-block-image\">\n<figure class=\"aligncenter\"><img decoding=\"async\" src=\"https:\/\/i0.wp.com\/ate.org.ar\/wp-content\/uploads\/2024\/06\/003-6.jpg?resize=580%2C385&amp;ssl=1\" alt=\"\" class=\"wp-image-226575\" \/><\/figure>\n<\/div>\n\n\n<p>Adem\u00e1s, el Secretario General de ATE apunt\u00f3 contra el operativo de seguridad: \u201cEl despliegue de seguridad fue ilegal y completamente desproporcionado. El pa\u00eds que ellos piensan s\u00f3lo se puede lograr con represi\u00f3n\u201d. La Polic\u00eda reprimi\u00f3 a los manifestantes con balas de goma, gas pimienta y con camiones hidrantes. Tambi\u00e9n cercaron la carpa blanca instalada por los jubilados. Adem\u00e1s, ATE repudi\u00f3 la presencia de infiltrados que generaron disturbios en medio de una manifestaci\u00f3n totalmente pac\u00edfica.<\/p>\n\n\n\n<p>Por su parte, la Secretaria Adjunta, Mercedes Cabezas, qui\u00e9n encabez\u00f3 la movilizaci\u00f3n del sindicato, asegur\u00f3: &#8220;Hoy ATE moviliz\u00f3 masivamente y han venido compa\u00f1eras y compa\u00f1eros de distintos puntos del pa\u00eds tambi\u00e9n, en funci\u00f3n de evitar que se desguace el Estado, de evitar que se terminen las pol\u00edticas p\u00fablicas, sobre todo en un pa\u00eds donde la desigualdad creciente y la pobreza amenazan permanentemente la situaci\u00f3n de cientos de miles de argentinos y argentinas que intentan sobrellevar esta crisis y que por supuesto intentan que el ajuste no se cierna sobre sus cabezas&#8221;.<\/p>\n\n\n\n<p>En tanto, la Presidenta del Centro Nacional de Jubilados y Pensionados de ATE, Noelia Guzm\u00e1n, indic\u00f3: &#8220;Como siempre estamos ac\u00e1 resistiendo. No nos queda otra. M\u00e1s da\u00f1o del que ya nos han hecho, no nos pueden hacer. Hemos puesto el 33% para que este Gobierno llegue con el d\u00e9ficit fiscal a cero y ahora nos quieren aumentar la edad de la jubilaci\u00f3n a las compa\u00f1eras, siempre las mujeres que fuimos las m\u00e1s castigadas, ahora si se aprueba esta ley y bajan la moratoria van a tener que esperar cinco a\u00f1os m\u00e1s para jubilarse&#8221;.<\/p>\n\n\n<div class=\"wp-block-image\">\n<figure class=\"aligncenter\"><img decoding=\"async\" src=\"https:\/\/i0.wp.com\/ate.org.ar\/wp-content\/uploads\/2024\/06\/004-5.jpg?resize=580%2C386&amp;ssl=1\" alt=\"\" class=\"wp-image-226576\" \/><\/figure>\n<\/div>\n\n\n<p>El sindicato convocar\u00e1 a todas sus instancias org\u00e1nicas para definir la continuidad del plan de lucha.<\/p>\n\n\n\n<h6 class=\"wp-block-heading\"><\/h6>\n","protected":false},"excerpt":{"rendered":"<p>En el marco de una contundente movilizaci\u00f3n frente al Congreso, la Asociaci\u00f3n Trabajadores del Estado (ATE) repudi\u00f3 la aprobaci\u00f3n de la Ley Bases en el Senado. \u00abSe legaliza el fraude laboral m\u00e1s grande de la historia de nuestro pa\u00eds. Se trata de una reforma laboral absolutamente regresiva que una vez instalada, ser\u00e1 muy dif\u00edcil revertirla. [&hellip;]<\/p>\n","protected":false},"author":7,"featured_media":44088,"comment_status":"open","ping_status":"open","sticky":false,"template":"","format":"standard","meta":{"_exactmetrics_skip_tracking":false,"_exactmetrics_sitenote_active":false,"_exactmetrics_sitenote_note":"","_exactmetrics_sitenote_category":0,"jnews-multi-image_gallery":[],"jnews_single_post":{"subtitle":"Los principales dirigentes nacionales repudiaron el avance de la norma en el Senado. \u201cSe legaliza el fraude laboral m\u00e1s grande de la historia. Se trata de una reforma laboral absolutamente regresiva que una vez instalada, ser\u00e1 muy dif\u00edcil revertir. Con ley o sin ley, la extrema derecha no va a cesar en su intento de quitarnos todos nuestros derechos y someternos a los poderosos\u201d, se\u00f1al\u00f3 el secretario General de ATE Nacional, Rodolfo Aguiar.","format":"standard","video":"","gallery":"","source_name":"","source_url":"","via_name":"","via_url":"","override_template":"0","override":[{"template":"1","single_blog_custom":"","parallax":"1","fullscreen":"1","layout":"no-sidebar-narrow","sidebar":"default-sidebar","second_sidebar":"default-sidebar","sticky_sidebar":"1","share_position":"bottom","share_float_style":"share-monocrhome","show_share_counter":"1","show_view_counter":"1","show_featured":"0","show_post_meta":"1","show_post_author":"0","show_post_author_image":"1","show_post_date":"1","post_date_format":"default","post_date_format_custom":"Y\/m\/d","show_post_category":"1","show_post_reading_time":"0","post_reading_time_wpm":"300","show_zoom_button":"0","zoom_button_out_step":"2","zoom_button_in_step":"3","show_post_tag":"1","show_prev_next_post":"0","show_popup_post":"0","number_popup_post":"1","show_author_box":"0","show_post_related":"1","show_inline_post_related":"0"}],"override_image_size":"0","image_override":[{"single_post_thumbnail_size":"crop-500","single_post_gallery_size":"crop-500"}],"trending_post":"0","trending_post_position":"meta","trending_post_label":"Trending","sponsored_post":"0","sponsored_post_label":"Sponsored by","sponsored_post_name":"","sponsored_post_url":"","sponsored_post_logo_enable":"0","sponsored_post_logo":"","sponsored_post_desc":"","disable_ad":"0"},"jnews_primary_category":{"id":"","hide":""},"jnews_social_meta":{"fb_title":"","fb_description":"","fb_image":"","twitter_title":"","twitter_description":"","twitter_image":""},"jnews_review":[],"enable_review":"0","type":"percentage","name":"","summary":"","brand":"","sku":"","good":[{"good_text":""}],"bad":[{"bad_text":""}],"score_override":"0","override_value":"","rating":[{"rating_text":"","rating_number":"10"}],"price":[{"shop":"","price":"","link":"","icon":""}],"jnews_override_counter":{"override_view_counter":"0","view_counter_number":"0","override_share_counter":"0","share_counter_number":"0","override_like_counter":"0","like_counter_number":"0","override_dislike_counter":"0","dislike_counter_number":"0"},"jnews_post_split":{"enable_post_split":"0","post_split":[{"template":"1","tag":"h2","numbering":"asc","mode":"normal","first":"0","enable_toc":"0","toc_type":"normal"}]},"footnotes":""},"categories":[756],"tags":[],"class_list":["post-44085","post","type-post","status-publish","format-standard","has-post-thumbnail","hentry","category-consejo-directivo-nacional-cdn"],"jetpack_featured_media_url":"https:\/\/atecordoba.org\/wp-content\/uploads\/2024\/06\/juliamarcha.webp","_links":{"self":[{"href":"https:\/\/atecordoba.org\/index.php?rest_route=\/wp\/v2\/posts\/44085","targetHints":{"allow":["GET"]}}],"collection":[{"href":"https:\/\/atecordoba.org\/index.php?rest_route=\/wp\/v2\/posts"}],"about":[{"href":"https:\/\/atecordoba.org\/index.php?rest_route=\/wp\/v2\/types\/post"}],"author":[{"embeddable":true,"href":"https:\/\/atecordoba.org\/index.php?rest_route=\/wp\/v2\/users\/7"}],"replies":[{"embeddable":true,"href":"https:\/\/atecordoba.org\/index.php?rest_route=%2Fwp%2Fv2%2Fcomments&post=44085"}],"version-history":[{"count":2,"href":"https:\/\/atecordoba.org\/index.php?rest_route=\/wp\/v2\/posts\/44085\/revisions"}],"predecessor-version":[{"id":44091,"href":"https:\/\/atecordoba.org\/index.php?rest_route=\/wp\/v2\/posts\/44085\/revisions\/44091"}],"wp:featuredmedia":[{"embeddable":true,"href":"https:\/\/atecordoba.org\/index.php?rest_route=\/wp\/v2\/media\/44088"}],"wp:attachment":[{"href":"https:\/\/atecordoba.org\/index.php?rest_route=%2Fwp%2Fv2%2Fmedia&parent=44085"}],"wp:term":[{"taxonomy":"category","embeddable":true,"href":"https:\/\/atecordoba.org\/index.php?rest_route=%2Fwp%2Fv2%2Fcategories&post=44085"},{"taxonomy":"post_tag","embeddable":true,"href":"https:\/\/atecordoba.org\/index.php?rest_route=%2Fwp%2Fv2%2Ftags&post=44085"}],"curies":[{"name":"wp","href":"https:\/\/api.w.org\/{rel}","templated":true}]}}