{"id":44053,"date":"2024-06-12T18:18:18","date_gmt":"2024-06-12T21:18:18","guid":{"rendered":"https:\/\/atecordoba.org\/?p=44053"},"modified":"2024-06-12T22:03:33","modified_gmt":"2024-06-13T01:03:33","slug":"senaf-provincial-reincorporacion-de-7-nuevos-despidos-ya","status":"publish","type":"post","link":"https:\/\/atecordoba.org\/?p=44053","title":{"rendered":"SENAF provincial: reincorporaci\u00f3n de 7 nuevos despidos ya"},"content":{"rendered":"<div class=\"wp-block-image\">\n<figure class=\"aligncenter size-full is-resized\"><img loading=\"lazy\" decoding=\"async\" width=\"750\" height=\"423\" src=\"https:\/\/atecordoba.org\/wp-content\/uploads\/2024\/06\/senaf-provincial.jpg\" alt=\"\" class=\"wp-image-44056\" style=\"width:600px\" srcset=\"https:\/\/atecordoba.org\/wp-content\/uploads\/2024\/06\/senaf-provincial.jpg 750w, https:\/\/atecordoba.org\/wp-content\/uploads\/2024\/06\/senaf-provincial-300x169.jpg 300w\" sizes=\"auto, (max-width: 750px) 100vw, 750px\" \/><figcaption class=\"wp-element-caption\">Algunas de las trabajadoras de la SENAF provincial en conflicto. <\/figcaption><\/figure>\n<\/div>\n\n\n<p>El Gobierno de C\u00f3rdoba viene aplicando pol\u00edticas de ajuste que afectan a las mujeres trabajadoras estatales, en sinton\u00eda al desguace estatal que Javier Milei impone en orden a sus pol\u00edticas nacionales. A la degradaci\u00f3n del Ministerio de la Mujer se suma el vaciamiento de la Secretar\u00eda de Ni\u00f1ez, Adolescencia y Familia (SENAF), que despidi\u00f3 a siete trabajadoras, de un conjunto de nueve compa\u00f1eras que ya hab\u00eda sido despedidas en diciembre y reincorporadas en enero, dando cuenta del manoseo al que el gobierno provincial somete al plantel profesional de la SENAF. Todas las despedidas son cabeza de hogar.<\/p>\n\n\n\n<p>En un comunicado emitido recientemente, ATE describi\u00f3 la situaci\u00f3n de estas compa\u00f1eras: &#8220;en enero se realiz\u00f3 un acuerdo a trav\u00e9s del secretario general Federico Giuliani, como resultado de este acuerdo fuimos notificados a trav\u00e9s del ciudadano digital inform\u00e1ndonos que prestar\u00edamos servicios a la Secretar\u00eda General de la Gobernaci\u00f3n por el periodo de un a\u00f1o finalizando el 31 de marzo de 2025. El equipo de profesionales desde su conocimiento y experiencia, gest\u00f3 un proyecto que fue puesto a disposici\u00f3n el 15 de abril, durante estos meses solo se percibi\u00f3 dos salarios, enero y febrero&#8221;. <\/p>\n\n\n\n<p>Y agregan que el gobierno cerr\u00f3 los canales de comunicaci\u00f3n &#8220;dejando a los siete profesionales presos de esta situaci\u00f3n en plena crisis econ\u00f3mica, todos jefes de hogar, sost\u00e9n de familia, la mayor\u00eda mujeres&#8221;. <\/p>\n\n\n\n<p>Por eso, las trabajadoras solicitan &#8220;que el Dr. Consalvi introduzca este equipo a trabajar en el proyecto &#8216;Re construyendo lazos desde pr\u00e1cticas restaurativas-prevenci\u00f3n desde lo pedag\u00f3gico&#8217;, presentado a vuestra secretaria con finalidad preventiva al delito. Nuestro equipo est\u00e1 conformado por profesionales instruidos y capacitados en el abordaje del delito con ni\u00f1os y j\u00f3venes. Consideramos que con el proyecto elaborado en estos meses se generar\u00e1 alto impacto social, permiti\u00e9ndonos abordar la problem\u00e1tica y previniendo la inserci\u00f3n de ni\u00f1os y j\u00f3venes al sistema penal. Exigimos se nos abonen los meses de marzo, abril y mayo, a la brevedad y de la misma manera reconsidere nuevamente la reincorporaci\u00f3n de estos profesionales que poseen una herramienta valiosa para aportar a la provincia con intervenciones de calidad en un contexto que lo est\u00e1 necesitando&#8221;.<\/p>\n","protected":false},"excerpt":{"rendered":"<p>El Gobierno de C\u00f3rdoba viene aplicando pol\u00edticas de ajuste que afectan a las mujeres trabajadoras estatales, en sinton\u00eda al desguace estatal que Javier Milei impone en orden a sus pol\u00edticas nacionales. A la degradaci\u00f3n del Ministerio de la Mujer se suma el vaciamiento de la Secretar\u00eda de Ni\u00f1ez, Adolescencia y Familia (SENAF), que despidi\u00f3 a [&hellip;]<\/p>\n","protected":false},"author":7,"featured_media":0,"comment_status":"open","ping_status":"open","sticky":false,"template":"","format":"standard","meta":{"_exactmetrics_skip_tracking":false,"_exactmetrics_sitenote_active":false,"_exactmetrics_sitenote_note":"","_exactmetrics_sitenote_category":0,"jnews-multi-image_gallery":[],"jnews_single_post":{"subtitle":"Son compa\u00f1eras provinciales que habian sido despedidas en diciembre, reincorporadas en enero y nuevamente vuelto a despedir.","format":"standard","video":"","gallery":"","source_name":"","source_url":"","via_name":"","via_url":"","override_template":"0","override":[{"template":"1","single_blog_custom":"","parallax":"1","fullscreen":"1","layout":"no-sidebar-narrow","sidebar":"default-sidebar","second_sidebar":"default-sidebar","sticky_sidebar":"1","share_position":"bottom","share_float_style":"share-monocrhome","show_share_counter":"1","show_view_counter":"1","show_featured":"0","show_post_meta":"1","show_post_author":"0","show_post_author_image":"1","show_post_date":"1","post_date_format":"default","post_date_format_custom":"Y\/m\/d","show_post_category":"1","show_post_reading_time":"0","post_reading_time_wpm":"300","show_zoom_button":"0","zoom_button_out_step":"2","zoom_button_in_step":"3","show_post_tag":"1","show_prev_next_post":"0","show_popup_post":"0","number_popup_post":"1","show_author_box":"0","show_post_related":"1","show_inline_post_related":"0"}],"override_image_size":"0","image_override":[{"single_post_thumbnail_size":"crop-500","single_post_gallery_size":"crop-500"}],"trending_post":"0","trending_post_position":"meta","trending_post_label":"Trending","sponsored_post":"0","sponsored_post_label":"Sponsored by","sponsored_post_name":"","sponsored_post_url":"","sponsored_post_logo_enable":"0","sponsored_post_logo":"","sponsored_post_desc":"","disable_ad":"0"},"jnews_primary_category":{"id":"","hide":""},"jnews_social_meta":{"fb_title":"","fb_description":"","fb_image":"","twitter_title":"","twitter_description":"","twitter_image":""},"jnews_review":[],"enable_review":"0","type":"percentage","name":"","summary":"","brand":"","sku":"","good":[{"good_text":""}],"bad":[{"bad_text":""}],"score_override":"0","override_value":"","rating":[{"rating_text":"","rating_number":"10"}],"price":[{"shop":"","price":"","link":"","icon":""}],"jnews_override_counter":{"override_view_counter":"0","view_counter_number":"0","override_share_counter":"0","share_counter_number":"0","override_like_counter":"0","like_counter_number":"0","override_dislike_counter":"0","dislike_counter_number":"0"},"jnews_post_split":{"enable_post_split":"0","post_split":[{"template":"1","tag":"h2","numbering":"asc","mode":"normal","first":"0","enable_toc":"0","toc_type":"normal"}]},"footnotes":""},"categories":[1],"tags":[],"class_list":["post-44053","post","type-post","status-publish","format-standard","hentry","category-sin-categoria"],"jetpack_featured_media_url":"","_links":{"self":[{"href":"https:\/\/atecordoba.org\/index.php?rest_route=\/wp\/v2\/posts\/44053","targetHints":{"allow":["GET"]}}],"collection":[{"href":"https:\/\/atecordoba.org\/index.php?rest_route=\/wp\/v2\/posts"}],"about":[{"href":"https:\/\/atecordoba.org\/index.php?rest_route=\/wp\/v2\/types\/post"}],"author":[{"embeddable":true,"href":"https:\/\/atecordoba.org\/index.php?rest_route=\/wp\/v2\/users\/7"}],"replies":[{"embeddable":true,"href":"https:\/\/atecordoba.org\/index.php?rest_route=%2Fwp%2Fv2%2Fcomments&post=44053"}],"version-history":[{"count":1,"href":"https:\/\/atecordoba.org\/index.php?rest_route=\/wp\/v2\/posts\/44053\/revisions"}],"predecessor-version":[{"id":44057,"href":"https:\/\/atecordoba.org\/index.php?rest_route=\/wp\/v2\/posts\/44053\/revisions\/44057"}],"wp:attachment":[{"href":"https:\/\/atecordoba.org\/index.php?rest_route=%2Fwp%2Fv2%2Fmedia&parent=44053"}],"wp:term":[{"taxonomy":"category","embeddable":true,"href":"https:\/\/atecordoba.org\/index.php?rest_route=%2Fwp%2Fv2%2Fcategories&post=44053"},{"taxonomy":"post_tag","embeddable":true,"href":"https:\/\/atecordoba.org\/index.php?rest_route=%2Fwp%2Fv2%2Ftags&post=44053"}],"curies":[{"name":"wp","href":"https:\/\/api.w.org\/{rel}","templated":true}]}}