{"id":4403,"date":"2014-08-19T15:49:58","date_gmt":"2014-08-19T18:49:58","guid":{"rendered":"http:\/\/www.atecordoba.org\/?p=4403"},"modified":"2014-08-19T15:49:58","modified_gmt":"2014-08-19T18:49:58","slug":"encuentro-nacional-de-trabajadores-de-la-salud-unificar-y-nacionalizar-la-lucha","status":"publish","type":"post","link":"https:\/\/atecordoba.org\/?p=4403","title":{"rendered":"Encuentro Nacional de Trabajadores de la Salud: unificar y nacionalizar la lucha"},"content":{"rendered":"<p><em><span style=\"color: #777777;\">Delegados del sector de todo el pa\u00eds, representando a m\u00e1s de 200 establecimientos, resolvieron construir una marcha nacional en defensa de la Salud p\u00fablica y avanzar en la concreci\u00f3n de una paritaria nacional. Durante las dos jornadas los compa\u00f1eros compartieron problem\u00e1ticas de cada uno de los lugares de trabajo y las experiencias de lucha y organizaci\u00f3n.<\/span><\/em><\/p>\n<figure id=\"attachment_4404\" aria-describedby=\"caption-attachment-4404\" style=\"width: 620px\" class=\"wp-caption aligncenter\"><a href=\"http:\/\/www.atecordoba.org\/wp-content\/uploads\/2014\/08\/encuentro-nacional-de-salud.jpg\"><img loading=\"lazy\" decoding=\"async\" class=\"wp-image-4404 size-full\" src=\"http:\/\/www.atecordoba.org\/wp-content\/uploads\/2014\/08\/encuentro-nacional-de-salud.jpg\" alt=\"encuentro nacional de salud\" width=\"620\" height=\"411\" \/><\/a><figcaption id=\"caption-attachment-4404\" class=\"wp-caption-text\">El encuentro se realiz\u00f3 en el auditorio de ATE nacional<\/figcaption><\/figure>\n<p><span style=\"font-style: inherit; font-weight: inherit;\"><span style=\"font-style: inherit; font-weight: inherit;\">\u201cUnificar y nacionalizar la lucha es una decisi\u00f3n de fondo y trascendental, y ha surgido de este encuentro\u201d, se\u00f1al\u00f3 Julio Fuentes. A la vez, el Secretario Nacional de ATE asegur\u00f3: \u201cHay que construir una marcha nacional de trabajadores de la Salud, y tenemos que hacerla este a\u00f1o\u201d.<\/span><\/span><\/p>\n<p><span style=\"font-style: inherit; font-weight: inherit;\"><span style=\"font-style: inherit; font-weight: inherit;\">Al cierre del Encuentro, Silvia Le\u00f3n, Secretaria de Organizaci\u00f3n, tambi\u00e9n puso \u00e9nfasis en la realizaci\u00f3n de una marcha nacional del sector. Al respecto, la dirigente explic\u00f3 que \u201cno vamos a poder construirla si no hacemos asambleas, si no debatimos con los compa\u00f1eros y no los convencemos de la importancia de la medida, sino se tratar\u00eda de una marcha de dirigentes, y no es lo que necesitamos\u201d.<\/span><\/span><\/p>\n<p><span style=\"font-style: inherit; font-weight: inherit;\"><span style=\"font-style: inherit; font-weight: inherit;\">El Encuentro Nacional de Trabajadores de la Salud es un paso m\u00e1s en la pol\u00edtica de ATE de construir un sistema p\u00fablico hospitalario \u00fanico en la Argentina, revirtiendo as\u00ed el proceso de fragmentaci\u00f3n impulsado por el neoliberalismo en los \u201990, cuando dividi\u00f3 la Salud p\u00fablica en un m\u00ednimo de 24 sistemas, uno por provincia. Las consecuencias de esta descentralizaci\u00f3n son evidentes: ineficacia en la atenci\u00f3n del pueblo y carencia de pol\u00edticas nacionales.<\/span><\/span><\/p>\n<p><span style=\"font-style: inherit; font-weight: inherit;\"><span style=\"font-style: inherit; font-weight: inherit;\">Durante las dos jornadas los compa\u00f1eros compartieron sus experiencias de organizaci\u00f3n y las realidades que viven en sus lugares de trabajo. <a href=\"http:\/\/www.atecordoba.org\/wp-content\/uploads\/2014\/08\/encuentro-nacional-de-salud-2.jpg\"><img loading=\"lazy\" decoding=\"async\" class=\"aligncenter size-full wp-image-4405\" src=\"http:\/\/www.atecordoba.org\/wp-content\/uploads\/2014\/08\/encuentro-nacional-de-salud-2.jpg\" alt=\"encuentro nacional de salud 2\" width=\"620\" height=\"363\" \/><\/a>Estuvieron presentes representantes de 21 provincias, adem\u00e1s de dirigentes de otras organizaciones gremiales como el presidente de FESPROSA (Federaci\u00f3n Sindical de Profesionales de la Salud), Jorge Yabcowski.<\/span><\/span><\/p>\n<p><span style=\"font-style: inherit; font-weight: inherit;\"><span style=\"font-style: inherit; font-weight: inherit;\">\u201cNosotros hemos ensayado, en otros momentos hist\u00f3ricos del sindicato, respuestas organizativas para el sector Salud. Ahora este Consejo Directivo Nacional ha tomado la decisi\u00f3n de no juntar mas delegados de todo el pa\u00eds para que se junten solos, hagan catarsis y despu\u00e9s no haya qui\u00e9n se haga cargo. La instrumentaci\u00f3n de las cosas que se resuelven, la tiene que hacer la Conducci\u00f3n del sindicato. Por eso, y como ocurri\u00f3 en el Plenario Nacional de Municipales del a\u00f1o pasado, ac\u00e1 est\u00e1 la Conducci\u00f3n Nacional, que est\u00e1 integrada no s\u00f3lo por el Secretariado Nacional sino tambi\u00e9n por los Secretarios General de los CDPs\u201d, afirm\u00f3 Fuentes.<\/span><\/span><\/p>\n<p><span style=\"font-style: inherit; font-weight: inherit;\"><span style=\"font-style: inherit; font-weight: inherit;\">En el mismo sentido, y apuntando a llevar a la pr\u00e1ctica el mandato de los compa\u00f1eros, el Secretario General de ATE explic\u00f3: \u201cTenemos que hacer una campa\u00f1a nacional de difusi\u00f3n de las resoluciones que tomemos. El primer objetivo es llegar a los 1100 establecimientos hospitalarios y a los 6000 centros de Salud que hay en la Rep\u00fablica Argentina. Luego, el trabajo ser\u00e1 el de conmover a la opini\u00f3n p\u00fablica de todo el pa\u00eds, hacerles conocer todas las problem\u00e1ticas que viven los trabajadores de la Salud y los usuarios del sistema, que a fin de cuentas somos todos los argentinos\u201d.<\/span><\/span><\/p>\n<p><span style=\"font-style: inherit; font-weight: inherit;\"><span style=\"font-style: inherit; font-weight: inherit;\">\u201cTenemos que luchar por la unificaci\u00f3n salarial\u201d, afirm\u00f3 el titular de ATE. Esta ser\u00eda una de las resoluciones mas importantes surgida de este Encuentro. \u201cY no hay que subestimarnos, compa\u00f1eros: desde la d\u00e9cada del 90\u00b4, bajo salario en Argentina no significa peor organizaci\u00f3n. Es mentira que en una provincia se gana m\u00e1s porque se lucha mas, o viceversa. El \u201cpoder\u201d es quien decide eso, si no recuerden cuando el innombrable Ministro de Econom\u00eda hablaba de provincias viables y no viables. Tiene que ver con el dinero que la Naci\u00f3n baja a cada una de las provincias, y esa fragmentaci\u00f3n ha sido decidida por el \u201cpoder\u201d. Por esto, es clave la lucha una paritaria nacional que fije un piso salarial. Y hay que ponerle valor a ese piso: en la CTA acordamos que debe ser de 9000 pesos ese m\u00ednimo. Y con ese concepto un enfermero, con toda la formaci\u00f3n que implica, deber\u00eda estar rondando por lo menos los 12000 pesos. Estamos lejos en muchos lugares, y en otros un poco m\u00e1s cerca\u201d, asever\u00f3.<\/span><\/span><\/p>\n","protected":false},"excerpt":{"rendered":"<p>Delegados del sector de todo el pa\u00eds, representando a m\u00e1s de 200 establecimientos, resolvieron construir una marcha nacional en defensa de la Salud p\u00fablica y avanzar en la concreci\u00f3n de una paritaria nacional. Durante las dos jornadas los compa\u00f1eros compartieron problem\u00e1ticas de cada uno de los lugares de trabajo y las experiencias de lucha y [&hellip;]<\/p>\n","protected":false},"author":1,"featured_media":19220,"comment_status":"open","ping_status":"open","sticky":false,"template":"","format":"standard","meta":{"_exactmetrics_skip_tracking":false,"_exactmetrics_sitenote_active":false,"_exactmetrics_sitenote_note":"","_exactmetrics_sitenote_category":0,"jnews-multi-image_gallery":[],"jnews_single_post":[],"jnews_primary_category":[],"jnews_social_meta":[],"jnews_review":[],"enable_review":"","type":"","name":"","summary":"","brand":"","sku":"","good":[],"bad":[],"score_override":"","override_value":"","rating":[],"price":[],"jnews_override_counter":[],"jnews_post_split":[],"footnotes":""},"categories":[1],"tags":[],"class_list":["post-4403","post","type-post","status-publish","format-standard","has-post-thumbnail","hentry","category-sin-categoria"],"jetpack_featured_media_url":"https:\/\/atecordoba.org\/wp-content\/uploads\/2020\/05\/logo-nuevochico-e1561581322808.png","_links":{"self":[{"href":"https:\/\/atecordoba.org\/index.php?rest_route=\/wp\/v2\/posts\/4403","targetHints":{"allow":["GET"]}}],"collection":[{"href":"https:\/\/atecordoba.org\/index.php?rest_route=\/wp\/v2\/posts"}],"about":[{"href":"https:\/\/atecordoba.org\/index.php?rest_route=\/wp\/v2\/types\/post"}],"author":[{"embeddable":true,"href":"https:\/\/atecordoba.org\/index.php?rest_route=\/wp\/v2\/users\/1"}],"replies":[{"embeddable":true,"href":"https:\/\/atecordoba.org\/index.php?rest_route=%2Fwp%2Fv2%2Fcomments&post=4403"}],"version-history":[{"count":0,"href":"https:\/\/atecordoba.org\/index.php?rest_route=\/wp\/v2\/posts\/4403\/revisions"}],"wp:featuredmedia":[{"embeddable":true,"href":"https:\/\/atecordoba.org\/index.php?rest_route=\/wp\/v2\/media\/19220"}],"wp:attachment":[{"href":"https:\/\/atecordoba.org\/index.php?rest_route=%2Fwp%2Fv2%2Fmedia&parent=4403"}],"wp:term":[{"taxonomy":"category","embeddable":true,"href":"https:\/\/atecordoba.org\/index.php?rest_route=%2Fwp%2Fv2%2Fcategories&post=4403"},{"taxonomy":"post_tag","embeddable":true,"href":"https:\/\/atecordoba.org\/index.php?rest_route=%2Fwp%2Fv2%2Ftags&post=4403"}],"curies":[{"name":"wp","href":"https:\/\/api.w.org\/{rel}","templated":true}]}}