{"id":44006,"date":"2024-06-10T11:28:50","date_gmt":"2024-06-10T14:28:50","guid":{"rendered":"https:\/\/atecordoba.org\/?p=44006"},"modified":"2024-06-10T11:28:51","modified_gmt":"2024-06-10T14:28:51","slug":"ate-convoca-al-paro-nacional-el-miercoles-por-el-tratamiento-en-el-senado-de-la-ley-de-bases","status":"publish","type":"post","link":"https:\/\/atecordoba.org\/?p=44006","title":{"rendered":"ATE convoca al Paro Nacional el mi\u00e9rcoles por el tratamiento en el Senado de la Ley de Bases"},"content":{"rendered":"<div class=\"wp-block-image\">\n<figure class=\"aligncenter size-large is-resized\"><img loading=\"lazy\" decoding=\"async\" width=\"1024\" height=\"768\" src=\"https:\/\/atecordoba.org\/wp-content\/uploads\/2024\/06\/aguiarpalco-1024x768.jpg\" alt=\"\" class=\"wp-image-44007\" style=\"width:600px\" \/><\/figure>\n<\/div>\n\n\n<p>El Consejo Directivo Nacional de ATE convoc\u00f3 a un Paro Nacional de estatales para este pr\u00f3ximo mi\u00e9rcoles 12 de junio para repudiar el tratamiento de la Ley de Bases en el Senado de la Naci\u00f3n. <\/p>\n\n\n\n<p>La medida de fuerza abarca a las y los trabajadores del Estado nacional, provincial y municipal, con movilizaci\u00f3n al Congreso de la Naci\u00f3n, en la Capital Federal,  a partir de las 10 horas.<\/p>\n\n\n\n<p>ATE fundament\u00f3 la convocatoria debido a que &#8220;el Gobierno ataca a la ni\u00f1ez, a las y los trabajadores y a nuestros adultos mayores. Se pulverizan salarios y jubilaciones, se desmantelan \u00e1reas completas del Estado, cerrando organismos y programas esenciales para la promoci\u00f3n y protecci\u00f3n de derechos, despidiendo a trabajadoras y trabajadores sin ning\u00fan tipo de justificaci\u00f3n&#8221;. <\/p>\n\n\n\n<p>Adem\u00e1s fustig\u00f3 la pol\u00edtica de Javier Milei, ya que &#8220;embiste contra la salud, la educaci\u00f3n, la ciencia, la cultura y el bienestar humano; se destruye la producci\u00f3n y a la peque\u00f1a y mediana empresa, se eliminan pol\u00edticas de protecci\u00f3n. D\u00eda a d\u00eda vemos se entrega nuestra soberan\u00eda nacional regalando los recursos naturales y \u00e1reas estrat\u00e9gicas del Estado. Todo esto aumenta inevitablemente la pobreza y la indigencia, mientras que desde las principales esferas del Gobierno se lo celebra cruelmente. La sanci\u00f3n de la Ley Bases solo contribuir\u00eda a dar sustento a las pol\u00edticas de hambre y miseria que tanto da\u00f1o hacen a nuestra patria&#8221;.<\/p>\n\n\n\n<p>Por todo ello, el pr\u00f3ximo 12 de junio, las y los estatales saldremos a todas las calles y plazas del pa\u00eds para reclamar:<\/p>\n\n\n\n<p>\u2022 Urgente reincorporaci\u00f3n de todas las y los cesanteados y cese de los despidos.<\/p>\n\n\n\n<p>\u2022 Regularizaci\u00f3n de todos los v\u00ednculos contractuales y pase a Planta Permanente de todas las y los trabajadores.<\/p>\n\n\n\n<p>\u2022 Aumento salarial que supere la inflaci\u00f3n.<\/p>\n\n\n\n<p>\u2022 Cese de las pol\u00edticas de ajuste, miseria y hambre.<\/p>\n\n\n\n<p>\u2022 Rechazo a cualquier privatizaci\u00f3n de empresas p\u00fablicas.<\/p>\n\n\n\n<p>\u2022 Defensa del Fondo de Garant\u00eda de Sustentabilidad (FGS) y de todas las y los trabajadores jubilados.<\/p>\n\n\n\n<p>\u2022 Anulaci\u00f3n del Protocolo Anti-Movilizaciones.<\/p>\n\n\n\n<p>\u2022 Cese de las pol\u00edticas de amedrentamiento hacia las y los trabajadores estatales.<\/p>\n\n\n\n<p>\u2022 Anulaci\u00f3n del DNU 70\/23.<\/p>\n\n\n\n<p>\u2022 Rechazo a la Ley Bases.<\/p>\n","protected":false},"excerpt":{"rendered":"<p>El Consejo Directivo Nacional de ATE convoc\u00f3 a un Paro Nacional de estatales para este pr\u00f3ximo mi\u00e9rcoles 12 de junio para repudiar el tratamiento de la Ley de Bases en el Senado de la Naci\u00f3n. La medida de fuerza abarca a las y los trabajadores del Estado nacional, provincial y municipal, con movilizaci\u00f3n al Congreso [&hellip;]<\/p>\n","protected":false},"author":7,"featured_media":44007,"comment_status":"open","ping_status":"open","sticky":false,"template":"","format":"standard","meta":{"_exactmetrics_skip_tracking":false,"_exactmetrics_sitenote_active":false,"_exactmetrics_sitenote_note":"","_exactmetrics_sitenote_category":0,"jnews-multi-image_gallery":[],"jnews_single_post":{"subtitle":"El Gobierno de Javier Milei \"embiste contra la salud, la educaci\u00f3n, la ciencia, la cultura y el bienestar humano; se destruye la producci\u00f3n y a la peque\u00f1a y mediana empresa, se eliminan pol\u00edticas de protecci\u00f3n. D\u00eda a d\u00eda vemos se entrega nuestra soberan\u00eda nacional regalando los recursos naturales y \u00e1reas estrat\u00e9gicas del Estado. Todo esto aumenta inevitablemente la pobreza y la indigencia, mientras que desde las principales esferas del Gobierno se lo celebra cruelmente. La sanci\u00f3n de la Ley Bases solo contribuir\u00eda a dar sustento a las pol\u00edticas de hambre y miseria que tanto da\u00f1o hacen a nuestra patria\", fundament\u00f3 nuestra conducci\u00f3n nacional. ","format":"standard","video":"","gallery":"","source_name":"","source_url":"","via_name":"","via_url":"","override_template":"0","override":[{"template":"1","single_blog_custom":"","parallax":"1","fullscreen":"1","layout":"no-sidebar-narrow","sidebar":"default-sidebar","second_sidebar":"default-sidebar","sticky_sidebar":"1","share_position":"bottom","share_float_style":"share-monocrhome","show_share_counter":"1","show_view_counter":"1","show_featured":"0","show_post_meta":"1","show_post_author":"0","show_post_author_image":"1","show_post_date":"1","post_date_format":"default","post_date_format_custom":"Y\/m\/d","show_post_category":"1","show_post_reading_time":"0","post_reading_time_wpm":"300","show_zoom_button":"0","zoom_button_out_step":"2","zoom_button_in_step":"3","show_post_tag":"1","show_prev_next_post":"0","show_popup_post":"0","number_popup_post":"1","show_author_box":"0","show_post_related":"1","show_inline_post_related":"0"}],"override_image_size":"0","image_override":[{"single_post_thumbnail_size":"crop-500","single_post_gallery_size":"crop-500"}],"trending_post":"0","trending_post_position":"meta","trending_post_label":"Trending","sponsored_post":"0","sponsored_post_label":"Sponsored by","sponsored_post_name":"","sponsored_post_url":"","sponsored_post_logo_enable":"0","sponsored_post_logo":"","sponsored_post_desc":"","disable_ad":"0"},"jnews_primary_category":{"id":"","hide":""},"jnews_social_meta":{"fb_title":"","fb_description":"","fb_image":"","twitter_title":"","twitter_description":"","twitter_image":""},"jnews_review":[],"enable_review":"0","type":"percentage","name":"","summary":"","brand":"","sku":"","good":[{"good_text":""}],"bad":[{"bad_text":""}],"score_override":"0","override_value":"","rating":[{"rating_text":"","rating_number":"10"}],"price":[{"shop":"","price":"","link":"","icon":""}],"jnews_override_counter":{"override_view_counter":"0","view_counter_number":"0","override_share_counter":"0","share_counter_number":"0","override_like_counter":"0","like_counter_number":"0","override_dislike_counter":"0","dislike_counter_number":"0"},"jnews_post_split":{"enable_post_split":"0","post_split":[{"template":"1","tag":"h2","numbering":"asc","mode":"normal","first":"0","enable_toc":"0","toc_type":"normal"}]},"footnotes":""},"categories":[756],"tags":[],"class_list":["post-44006","post","type-post","status-publish","format-standard","has-post-thumbnail","hentry","category-consejo-directivo-nacional-cdn"],"jetpack_featured_media_url":"https:\/\/atecordoba.org\/wp-content\/uploads\/2024\/06\/aguiarpalco-e1718029718619.jpg","_links":{"self":[{"href":"https:\/\/atecordoba.org\/index.php?rest_route=\/wp\/v2\/posts\/44006","targetHints":{"allow":["GET"]}}],"collection":[{"href":"https:\/\/atecordoba.org\/index.php?rest_route=\/wp\/v2\/posts"}],"about":[{"href":"https:\/\/atecordoba.org\/index.php?rest_route=\/wp\/v2\/types\/post"}],"author":[{"embeddable":true,"href":"https:\/\/atecordoba.org\/index.php?rest_route=\/wp\/v2\/users\/7"}],"replies":[{"embeddable":true,"href":"https:\/\/atecordoba.org\/index.php?rest_route=%2Fwp%2Fv2%2Fcomments&post=44006"}],"version-history":[{"count":1,"href":"https:\/\/atecordoba.org\/index.php?rest_route=\/wp\/v2\/posts\/44006\/revisions"}],"predecessor-version":[{"id":44008,"href":"https:\/\/atecordoba.org\/index.php?rest_route=\/wp\/v2\/posts\/44006\/revisions\/44008"}],"wp:featuredmedia":[{"embeddable":true,"href":"https:\/\/atecordoba.org\/index.php?rest_route=\/wp\/v2\/media\/44007"}],"wp:attachment":[{"href":"https:\/\/atecordoba.org\/index.php?rest_route=%2Fwp%2Fv2%2Fmedia&parent=44006"}],"wp:term":[{"taxonomy":"category","embeddable":true,"href":"https:\/\/atecordoba.org\/index.php?rest_route=%2Fwp%2Fv2%2Fcategories&post=44006"},{"taxonomy":"post_tag","embeddable":true,"href":"https:\/\/atecordoba.org\/index.php?rest_route=%2Fwp%2Fv2%2Ftags&post=44006"}],"curies":[{"name":"wp","href":"https:\/\/api.w.org\/{rel}","templated":true}]}}