{"id":43999,"date":"2024-06-10T11:14:22","date_gmt":"2024-06-10T14:14:22","guid":{"rendered":"https:\/\/atecordoba.org\/?p=43999"},"modified":"2024-06-10T11:31:54","modified_gmt":"2024-06-10T14:31:54","slug":"ate-presente-en-el-consejo-social-de-la-facultad-de-ciencias-sociales-de-la-unc","status":"publish","type":"post","link":"https:\/\/atecordoba.org\/?p=43999","title":{"rendered":"ATE, presente en el Consejo Social de la Facultad de Ciencias Sociales de la UNC"},"content":{"rendered":"<div class=\"wp-block-image\">\n<figure class=\"aligncenter size-large is-resized\"><img loading=\"lazy\" decoding=\"async\" width=\"1024\" height=\"330\" src=\"https:\/\/atecordoba.org\/wp-content\/uploads\/2024\/06\/ATE-csss-1-1024x330.jpg\" alt=\"\" class=\"wp-image-44001\" style=\"width:600px\" srcset=\"https:\/\/atecordoba.org\/wp-content\/uploads\/2024\/06\/ATE-csss-1-1024x330.jpg 1024w, https:\/\/atecordoba.org\/wp-content\/uploads\/2024\/06\/ATE-csss-1-300x97.jpg 300w, https:\/\/atecordoba.org\/wp-content\/uploads\/2024\/06\/ATE-csss-1-768x248.jpg 768w, https:\/\/atecordoba.org\/wp-content\/uploads\/2024\/06\/ATE-csss-1-1536x495.jpg 1536w, https:\/\/atecordoba.org\/wp-content\/uploads\/2024\/06\/ATE-csss-1-750x242.jpg 750w, https:\/\/atecordoba.org\/wp-content\/uploads\/2024\/06\/ATE-csss-1-1140x368.jpg 1140w, https:\/\/atecordoba.org\/wp-content\/uploads\/2024\/06\/ATE-csss-1.jpg 1600w\" sizes=\"auto, (max-width: 1024px) 100vw, 1024px\" \/><\/figure>\n<\/div>\n\n\n<p>El jueves 6 de junio se realiz\u00f3 una nueva reuni\u00f3n del Consejo Social, iniciativa de la Faculta de Ciencias Sociales de la UNC, en particular de un grupo de profesores encabezado por la actual vicedecada de la instituci\u00f3n, Jashele Burijovich, a donde fue invitado ATE, junto a otras organizaciones de C\u00f3rdoba.<\/p>\n\n\n\n<p>El motivo de la convocatoria fue compartir el an\u00e1lisis de un equipo de investigadores de la casa de estudios, sobre la conclusiones de un taller que se realiz\u00f3 en 2022 tras la salida de la pandemia y a partir de impacto que esa crisis sanitaria gener\u00f3 en los sectores populares.<\/p>\n\n\n\n<p>A partir del disparador \u201chacemos pol\u00edtica y cu\u00e1l pol\u00edtica\u201d salieron conclusiones muy interesantes, con un balance muy respetuoso de las distintas opiniones, a partir de la participaci\u00f3n de distintas organizaciones en dicho taller y de escucharse entre s\u00ed.<\/p>\n\n\n\n<p>Vale se\u00f1alar la cantidad y representatividad de las organizaciones que responden a la convocatoria de este Consejo Social.<\/p>\n\n\n\n<p>En representaci\u00f3n de la Secretaria de Acci\u00f3n Pol\u00edtica de ATE C\u00f3rdoba, estuvo presente nuestro compa\u00f1ero Ricardo Hern\u00e1ndez. \u201cVimos una separaci\u00f3n de la pol\u00edtica buena que hacemos todos los d\u00edas para hacer comunidad y defender derechos y otra, la mala de los pol\u00edticos profesionales. Tenemos que ir discutiendo hacia el interior de las organizaciones c\u00f3mo damos el salto desde lo pol\u00edtico cotidiano a los pol\u00edtico institucional para acceder al Estado y gobernarlo. Todas las peque\u00f1as luchas, validas y bienvenidas, se pueden potenciar si coagulan en una gran lucha que vaya por transformar la sociedad, la forma de convivencia, la democracia y que por fin seamos gobierno a trav\u00e9s de la participaci\u00f3n\u201d, consider\u00f3 el dirigente.<\/p>\n\n\n\n<p>Hern\u00e1ndez evalu\u00f3 que la presencia de ATE en esta instancia de debate \u201ces importante porque consolida la pol\u00edtica de nuestra organizaci\u00f3n de v\u00ednculo con lo acad\u00e9mico y lo territorial. En este caso, se trata de un \u00e1mbito donde confluyen ambos escenarios. As\u00ed se promueve la articulaci\u00f3n a partir de la construcci\u00f3n de organizaci\u00f3n popular, las vinculaciones entre organizaciones afianzan esa posibilidad, a partir de limpiar puntos de acuerdo y espacio de trabajo comunes\u201d.<\/p>\n\n\n\n<p>\u201cAdem\u00e1s, esta instancia da la posibilidad de aportar a la discusi\u00f3n desde una mirada m\u00e1s abarcadora, en comparaci\u00f3n a la problem\u00e1tica diaria a resolver de manera urgente. &nbsp;Estamos dando un discusi\u00f3n sobre la disputa por el poder desde la organizaci\u00f3n popular\u201d, concluy\u00f3 el dirigente.<\/p>\n","protected":false},"excerpt":{"rendered":"<p>El jueves 6 de junio se realiz\u00f3 una nueva reuni\u00f3n del Consejo Social, iniciativa de la Faculta de Ciencias Sociales de la UNC, en particular de un grupo de profesores encabezado por la actual vicedecada de la instituci\u00f3n, Jashele Burijovich, a donde fue invitado ATE, junto a otras organizaciones de C\u00f3rdoba. El motivo de la [&hellip;]<\/p>\n","protected":false},"author":7,"featured_media":44001,"comment_status":"open","ping_status":"open","sticky":false,"template":"","format":"standard","meta":{"_exactmetrics_skip_tracking":false,"_exactmetrics_sitenote_active":false,"_exactmetrics_sitenote_note":"","_exactmetrics_sitenote_category":0,"jnews-multi-image_gallery":[],"jnews_single_post":{"subtitle":"\"La presencia de ATE en estas instancias de debate es importante porque consolida la pol\u00edtica de nuestra organizaci\u00f3n de v\u00ednculo con lo acad\u00e9mico y lo territorial. En este caso, se trata de un \u00e1mbito donde confluyen ambos escenarios. As\u00ed se promueve la articulaci\u00f3n a partir de la construcci\u00f3n de organizaci\u00f3n popular, las vinculaciones entre organizaciones afianzan esa posibilidad, a partir de limpiar puntos de acuerdo y espacio de trabajo comunes\u201d, dijo en representaci\u00f3n de nuestra organizaci\u00f3n el dirigente estatal Ricardo Hern\u00e1ndez, presente en la reuni\u00f3n como integrante de la Secretar\u00eda de Acci\u00f3n Pol\u00edtica del Consejo Directivo Provincial..","format":"standard","video":"","gallery":"","source_name":"","source_url":"","via_name":"","via_url":"","override_template":"0","override":[{"template":"1","single_blog_custom":"","parallax":"1","fullscreen":"1","layout":"no-sidebar-narrow","sidebar":"default-sidebar","second_sidebar":"default-sidebar","sticky_sidebar":"1","share_position":"bottom","share_float_style":"share-monocrhome","show_share_counter":"1","show_view_counter":"1","show_featured":"0","show_post_meta":"1","show_post_author":"0","show_post_author_image":"1","show_post_date":"1","post_date_format":"default","post_date_format_custom":"Y\/m\/d","show_post_category":"1","show_post_reading_time":"0","post_reading_time_wpm":"300","show_zoom_button":"0","zoom_button_out_step":"2","zoom_button_in_step":"3","show_post_tag":"1","show_prev_next_post":"0","show_popup_post":"0","number_popup_post":"1","show_author_box":"0","show_post_related":"1","show_inline_post_related":"0"}],"override_image_size":"0","image_override":[{"single_post_thumbnail_size":"crop-500","single_post_gallery_size":"crop-500"}],"trending_post":"0","trending_post_position":"meta","trending_post_label":"Trending","sponsored_post":"0","sponsored_post_label":"Sponsored by","sponsored_post_name":"","sponsored_post_url":"","sponsored_post_logo_enable":"0","sponsored_post_logo":"","sponsored_post_desc":"","disable_ad":"0"},"jnews_primary_category":{"id":"","hide":""},"jnews_social_meta":{"fb_title":"","fb_description":"","fb_image":"","twitter_title":"","twitter_description":"","twitter_image":""},"jnews_review":[],"enable_review":"0","type":"percentage","name":"","summary":"","brand":"","sku":"","good":[{"good_text":""}],"bad":[{"bad_text":""}],"score_override":"0","override_value":"","rating":[{"rating_text":"","rating_number":"10"}],"price":[{"shop":"","price":"","link":"","icon":""}],"jnews_override_counter":{"override_view_counter":"0","view_counter_number":"0","override_share_counter":"0","share_counter_number":"0","override_like_counter":"0","like_counter_number":"0","override_dislike_counter":"0","dislike_counter_number":"0"},"jnews_post_split":{"enable_post_split":"0","post_split":[{"template":"1","tag":"h2","numbering":"asc","mode":"normal","first":"0","enable_toc":"0","toc_type":"normal"}]},"footnotes":""},"categories":[10],"tags":[],"class_list":["post-43999","post","type-post","status-publish","format-standard","has-post-thumbnail","hentry","category-accion-politica"],"jetpack_featured_media_url":"https:\/\/atecordoba.org\/wp-content\/uploads\/2024\/06\/ATE-csss-1.jpg","_links":{"self":[{"href":"https:\/\/atecordoba.org\/index.php?rest_route=\/wp\/v2\/posts\/43999","targetHints":{"allow":["GET"]}}],"collection":[{"href":"https:\/\/atecordoba.org\/index.php?rest_route=\/wp\/v2\/posts"}],"about":[{"href":"https:\/\/atecordoba.org\/index.php?rest_route=\/wp\/v2\/types\/post"}],"author":[{"embeddable":true,"href":"https:\/\/atecordoba.org\/index.php?rest_route=\/wp\/v2\/users\/7"}],"replies":[{"embeddable":true,"href":"https:\/\/atecordoba.org\/index.php?rest_route=%2Fwp%2Fv2%2Fcomments&post=43999"}],"version-history":[{"count":2,"href":"https:\/\/atecordoba.org\/index.php?rest_route=\/wp\/v2\/posts\/43999\/revisions"}],"predecessor-version":[{"id":44011,"href":"https:\/\/atecordoba.org\/index.php?rest_route=\/wp\/v2\/posts\/43999\/revisions\/44011"}],"wp:featuredmedia":[{"embeddable":true,"href":"https:\/\/atecordoba.org\/index.php?rest_route=\/wp\/v2\/media\/44001"}],"wp:attachment":[{"href":"https:\/\/atecordoba.org\/index.php?rest_route=%2Fwp%2Fv2%2Fmedia&parent=43999"}],"wp:term":[{"taxonomy":"category","embeddable":true,"href":"https:\/\/atecordoba.org\/index.php?rest_route=%2Fwp%2Fv2%2Fcategories&post=43999"},{"taxonomy":"post_tag","embeddable":true,"href":"https:\/\/atecordoba.org\/index.php?rest_route=%2Fwp%2Fv2%2Ftags&post=43999"}],"curies":[{"name":"wp","href":"https:\/\/api.w.org\/{rel}","templated":true}]}}