{"id":43994,"date":"2024-06-10T10:02:21","date_gmt":"2024-06-10T13:02:21","guid":{"rendered":"https:\/\/atecordoba.org\/?p=43994"},"modified":"2024-06-10T10:02:22","modified_gmt":"2024-06-10T13:02:22","slug":"acoso-judicial-la-central-sindical-espanola-ccoo-se-solidarizo-con-ate-por-la-represion-del-25-de-mayo-y-los-allanamientos-en-rio-cuarto","status":"publish","type":"post","link":"https:\/\/atecordoba.org\/?p=43994","title":{"rendered":"Acoso judicial: La central sindical espa\u00f1ola CCOO se solidariz\u00f3 con ATE por la represi\u00f3n del 25 de mayo y los allanamientos en R\u00edo Cuarto"},"content":{"rendered":"<div class=\"wp-block-image\">\n<figure class=\"aligncenter size-full\"><img loading=\"lazy\" decoding=\"async\" width=\"645\" height=\"359\" src=\"https:\/\/atecordoba.org\/wp-content\/uploads\/2024\/06\/ccoo.jpeg\" alt=\"\" class=\"wp-image-43995\" srcset=\"https:\/\/atecordoba.org\/wp-content\/uploads\/2024\/06\/ccoo.jpeg 645w, https:\/\/atecordoba.org\/wp-content\/uploads\/2024\/06\/ccoo-300x167.jpeg 300w\" sizes=\"auto, (max-width: 645px) 100vw, 645px\" \/><\/figure>\n<\/div>\n\n\n<p>La central sindical Comisiones Obreras (CCOO) se <a href=\"https:\/\/www.ccoo.es\/noticia:696731--Milei_reprime_con_dureza_la_protesta_social&amp;opc_id=8d16a8710b3deb76f990d7433ce55780\">solidariz\u00f3 con ATE<\/a> por el acoso judicial que nuestra conducci\u00f3n gremial viene sufriendo en C\u00f3rdoba desde el a\u00f1o pasado, a partir de las causas penales que se acumulan contra dirigentes estatales, como es el caso del secretario General de ATE C\u00f3rdoba, Federico Giuliani, imputado por el fiscal provincial Ernesto De Arag\u00f3n, brazo judicial del cordobesismo. <\/p>\n\n\n\n<p>En ese marco, la central hermana repudi\u00f3 la represi\u00f3n que impuso la Gendarmer\u00eda y luego la Polic\u00eda de la provincia el pasado 25 de mayo, donde &#8220;m\u00e1s de quince personas heridas (entre ellas dirigentes de la ATE y periodistas) y cuatro detenidas por la brutal intervenci\u00f3n de las fuerzas policiales en la manifestaci\u00f3n que fue convocada por ATE para la defensa del empleo p\u00fablico&#8221;.<\/p>\n\n\n\n<p>CCOO denunci\u00f3 p\u00fablicamente &#8220;el allanamiento de la vivienda de diferentes dirigentes sindicales, a quienes manifestamos toda nuestra solidaridad&#8221; y consider\u00f3 que &#8220;la persecuci\u00f3n y estigmatizaci\u00f3n de sindicalistas es la \u00fanica forma que tiene el Gobierno de Milei para imponer su modelo econ\u00f3mico ultraliberal&#8221;.<\/p>\n\n\n\n<p>En tal sentido, CCOO cit\u00f3 las declaraciones del secretario General de ATE Nacional, Rodolfo Aguiar, al denunciar que &#8220;en esta Argentina no hay plata para comprar comida, no hay plata para comprar remedios, pero para lo \u00fanico que hay plata es para reprimir. Est\u00e1 quedando claro que el modelo de pa\u00eds que quieren no pasa sin represi\u00f3n. En ese pa\u00eds no entramos los trabajadores y jubilados con una vida digna\u201d.<\/p>\n\n\n\n<p>En consecuencia, CCOO expres\u00f3 su apoyo y solidaridad con el movimiento sindical argentino que, con importantes movilizaciones, &#8220;est\u00e1 enfrentando las decisiones que adopta Milei contra las organizaciones sindicales, los trabajadores y trabajadoras y los sectores m\u00e1s desfavorecidos del pueblo argentino; adem\u00e1s, rechazamos rotundamente la represi\u00f3n que ejerce el Gobierno Milei para amedrentar a quienes salen a las calles a protestar pac\u00edficamente para mejorar sus condiciones de vida&#8221;.<\/p>\n","protected":false},"excerpt":{"rendered":"<p>La central sindical Comisiones Obreras (CCOO) se solidariz\u00f3 con ATE por el acoso judicial que nuestra conducci\u00f3n gremial viene sufriendo en C\u00f3rdoba desde el a\u00f1o pasado, a partir de las causas penales que se acumulan contra dirigentes estatales, como es el caso del secretario General de ATE C\u00f3rdoba, Federico Giuliani, imputado por el fiscal provincial [&hellip;]<\/p>\n","protected":false},"author":7,"featured_media":43995,"comment_status":"open","ping_status":"open","sticky":false,"template":"","format":"standard","meta":{"_exactmetrics_skip_tracking":false,"_exactmetrics_sitenote_active":false,"_exactmetrics_sitenote_note":"","_exactmetrics_sitenote_category":0,"jnews-multi-image_gallery":[],"jnews_single_post":{"subtitle":"Comisiones Obreras repudi\u00f3 la represi\u00f3n que impuso la Gendarmer\u00eda y luego la Polic\u00eda de la provincia el pasado 25 de mayo, donde \"m\u00e1s de quince personas heridas (entre ellas dirigentes de la ATE y periodistas) y cuatro detenidas por la brutal intervenci\u00f3n de las fuerzas policiales en la manifestaci\u00f3n que fue convocada por ATE para la defensa del empleo p\u00fablico\".","format":"standard","video":"","gallery":"","source_name":"","source_url":"","via_name":"","via_url":"","override_template":"0","override":[{"template":"1","single_blog_custom":"","parallax":"1","fullscreen":"1","layout":"no-sidebar-narrow","sidebar":"default-sidebar","second_sidebar":"default-sidebar","sticky_sidebar":"1","share_position":"bottom","share_float_style":"share-monocrhome","show_share_counter":"1","show_view_counter":"1","show_featured":"0","show_post_meta":"1","show_post_author":"0","show_post_author_image":"1","show_post_date":"1","post_date_format":"default","post_date_format_custom":"Y\/m\/d","show_post_category":"1","show_post_reading_time":"0","post_reading_time_wpm":"300","show_zoom_button":"0","zoom_button_out_step":"2","zoom_button_in_step":"3","show_post_tag":"1","show_prev_next_post":"0","show_popup_post":"0","number_popup_post":"1","show_author_box":"0","show_post_related":"1","show_inline_post_related":"0"}],"override_image_size":"0","image_override":[{"single_post_thumbnail_size":"crop-500","single_post_gallery_size":"crop-500"}],"trending_post":"0","trending_post_position":"meta","trending_post_label":"Trending","sponsored_post":"0","sponsored_post_label":"Sponsored by","sponsored_post_name":"","sponsored_post_url":"","sponsored_post_logo_enable":"0","sponsored_post_logo":"","sponsored_post_desc":"","disable_ad":"0"},"jnews_primary_category":{"id":"","hide":""},"jnews_social_meta":{"fb_title":"","fb_description":"","fb_image":"","twitter_title":"","twitter_description":"","twitter_image":""},"jnews_review":[],"enable_review":"0","type":"percentage","name":"","summary":"","brand":"","sku":"","good":[{"good_text":""}],"bad":[{"bad_text":""}],"score_override":"0","override_value":"","rating":[{"rating_text":"","rating_number":"10"}],"price":[{"shop":"","price":"","link":"","icon":""}],"jnews_override_counter":{"override_view_counter":"0","view_counter_number":"0","override_share_counter":"0","share_counter_number":"0","override_like_counter":"0","like_counter_number":"0","override_dislike_counter":"0","dislike_counter_number":"0"},"jnews_post_split":{"enable_post_split":"0","post_split":[{"template":"1","tag":"h2","numbering":"asc","mode":"normal","first":"0","enable_toc":"0","toc_type":"normal"}]},"footnotes":""},"categories":[108],"tags":[],"class_list":["post-43994","post","type-post","status-publish","format-standard","has-post-thumbnail","hentry","category-internacional"],"jetpack_featured_media_url":"https:\/\/atecordoba.org\/wp-content\/uploads\/2024\/06\/ccoo.jpeg","_links":{"self":[{"href":"https:\/\/atecordoba.org\/index.php?rest_route=\/wp\/v2\/posts\/43994","targetHints":{"allow":["GET"]}}],"collection":[{"href":"https:\/\/atecordoba.org\/index.php?rest_route=\/wp\/v2\/posts"}],"about":[{"href":"https:\/\/atecordoba.org\/index.php?rest_route=\/wp\/v2\/types\/post"}],"author":[{"embeddable":true,"href":"https:\/\/atecordoba.org\/index.php?rest_route=\/wp\/v2\/users\/7"}],"replies":[{"embeddable":true,"href":"https:\/\/atecordoba.org\/index.php?rest_route=%2Fwp%2Fv2%2Fcomments&post=43994"}],"version-history":[{"count":1,"href":"https:\/\/atecordoba.org\/index.php?rest_route=\/wp\/v2\/posts\/43994\/revisions"}],"predecessor-version":[{"id":43996,"href":"https:\/\/atecordoba.org\/index.php?rest_route=\/wp\/v2\/posts\/43994\/revisions\/43996"}],"wp:featuredmedia":[{"embeddable":true,"href":"https:\/\/atecordoba.org\/index.php?rest_route=\/wp\/v2\/media\/43995"}],"wp:attachment":[{"href":"https:\/\/atecordoba.org\/index.php?rest_route=%2Fwp%2Fv2%2Fmedia&parent=43994"}],"wp:term":[{"taxonomy":"category","embeddable":true,"href":"https:\/\/atecordoba.org\/index.php?rest_route=%2Fwp%2Fv2%2Fcategories&post=43994"},{"taxonomy":"post_tag","embeddable":true,"href":"https:\/\/atecordoba.org\/index.php?rest_route=%2Fwp%2Fv2%2Ftags&post=43994"}],"curies":[{"name":"wp","href":"https:\/\/api.w.org\/{rel}","templated":true}]}}