{"id":43980,"date":"2024-06-07T15:14:02","date_gmt":"2024-06-07T18:14:02","guid":{"rendered":"https:\/\/atecordoba.org\/?p=43980"},"modified":"2024-06-07T15:15:02","modified_gmt":"2024-06-07T18:15:02","slug":"se-anuncio-en-ate-el-frente-de-gremios-estatales-para-llevar-a-la-paritaria-una-propuesta-de-recuperacion-salarial","status":"publish","type":"post","link":"https:\/\/atecordoba.org\/?p=43980","title":{"rendered":"Se anunci\u00f3 en ATE el Frente de Gremios Estatales para llevar a la paritaria una propuesta de recuperaci\u00f3n salarial"},"content":{"rendered":"<div class=\"wp-block-image\">\n<figure class=\"aligncenter size-large is-resized\"><img loading=\"lazy\" decoding=\"async\" width=\"1024\" height=\"683\" src=\"https:\/\/atecordoba.org\/wp-content\/uploads\/2024\/06\/IMG-20240607-WA0045-1-1024x683.jpg\" alt=\"\" class=\"wp-image-43982\" style=\"width:600px\" srcset=\"https:\/\/atecordoba.org\/wp-content\/uploads\/2024\/06\/IMG-20240607-WA0045-1-1024x683.jpg 1024w, https:\/\/atecordoba.org\/wp-content\/uploads\/2024\/06\/IMG-20240607-WA0045-1-300x200.jpg 300w, https:\/\/atecordoba.org\/wp-content\/uploads\/2024\/06\/IMG-20240607-WA0045-1-768x512.jpg 768w, https:\/\/atecordoba.org\/wp-content\/uploads\/2024\/06\/IMG-20240607-WA0045-1-750x500.jpg 750w, https:\/\/atecordoba.org\/wp-content\/uploads\/2024\/06\/IMG-20240607-WA0045-1-1140x760.jpg 1140w, https:\/\/atecordoba.org\/wp-content\/uploads\/2024\/06\/IMG-20240607-WA0045-1.jpg 1500w\" sizes=\"auto, (max-width: 1024px) 100vw, 1024px\" \/><\/figure>\n<\/div>\n\n\n<p>En una conferencia de prensa realizada esta ma\u00f1ana en la sede del Consejo Directivo Provincial de ATE, se anunci\u00f3 la conformaci\u00f3n del Frente de Gremios Estatales, integrando por ATE, UEPC Capital y UTS, con el objetivo declarado de llevar a la paritaria provincial una propuesta de recuperaci\u00f3n salarial frente a 10 meses consecutivos de p\u00e9rdida de capacidad adquisitiva de los haberes de activos y jubilados provinciales.<\/p>\n\n\n\n<p>En el anuncio estuvieron presentes Franco Boczkowski, secretario General docente, Gast\u00f3n Vacchiani, secretario General del gremio de la salud, y Federico Giuliani, secretario General de ATE, que hizo las veces de anfitri\u00f3n de la convocatoria. <\/p>\n\n\n<div class=\"wp-block-image\">\n<figure class=\"aligncenter size-large is-resized\"><img loading=\"lazy\" decoding=\"async\" width=\"1024\" height=\"578\" src=\"https:\/\/atecordoba.org\/wp-content\/uploads\/2024\/06\/IMG-20240607-WA0041-1024x578.jpg\" alt=\"\" class=\"wp-image-43983\" style=\"width:600px\" srcset=\"https:\/\/atecordoba.org\/wp-content\/uploads\/2024\/06\/IMG-20240607-WA0041-1024x578.jpg 1024w, https:\/\/atecordoba.org\/wp-content\/uploads\/2024\/06\/IMG-20240607-WA0041-300x169.jpg 300w, https:\/\/atecordoba.org\/wp-content\/uploads\/2024\/06\/IMG-20240607-WA0041-768x433.jpg 768w, https:\/\/atecordoba.org\/wp-content\/uploads\/2024\/06\/IMG-20240607-WA0041-1536x867.jpg 1536w, https:\/\/atecordoba.org\/wp-content\/uploads\/2024\/06\/IMG-20240607-WA0041-750x423.jpg 750w, https:\/\/atecordoba.org\/wp-content\/uploads\/2024\/06\/IMG-20240607-WA0041-1140x643.jpg 1140w, https:\/\/atecordoba.org\/wp-content\/uploads\/2024\/06\/IMG-20240607-WA0041.jpg 1600w\" sizes=\"auto, (max-width: 1024px) 100vw, 1024px\" \/><\/figure>\n<\/div>\n\n\n<p>Las organizaciones sindicales plantearon que el descalabro del poder de compra de los salarios, fruto de la combinaci\u00f3n entre la devaluaci\u00f3n del 110% en diciembre pasado, que desat\u00f3 una inflaci\u00f3n del 25% en un solo mes, sumado a la paritaria a la baja que acordaron SEP y UEPC provincia, conforma un cuadro grav\u00edsimo que condena a las y los provinciales a vivir por debajo de la l\u00ednea de la pobreza.<\/p>\n\n\n\n<p>Adem\u00e1s, los tres sindicatos anunciaron medidas de acci\u00f3n conjunto, como la convocatoria a asambleas con la participaci\u00f3n de las tres organizaciones, conformando una unidad en al acci\u00f3n que d\u00e9 fortaleza a los planteos salariales ante el gobierno provincial. <\/p>\n\n\n\n<p><strong>Giuliani<\/strong><\/p>\n\n\n\n<p>El secretario General de ATE dio la bienvenida a las y los presentes y afirm\u00f3 que &#8220;las paritarias en C\u00f3rdoba deben ser libres para que todas las representaciones sindicales est\u00e9n presentes y eso no ocurre. Hay una discusi\u00f3n asim\u00e9trica. El Estado patr\u00f3n le fija las condiciones a las burocracias del SEP y la UEPC provincia para seguir condenando a las y los trabajadores del Estado provincial a seguir estando bajo la l\u00ednea de la pobreza&#8221;.<\/p>\n\n\n<div class=\"wp-block-image\">\n<figure class=\"aligncenter size-large is-resized\"><img loading=\"lazy\" decoding=\"async\" width=\"1024\" height=\"578\" src=\"https:\/\/atecordoba.org\/wp-content\/uploads\/2024\/06\/IMG-20240607-WA0040-1-1024x578.jpg\" alt=\"\" class=\"wp-image-43985\" style=\"width:600px\" srcset=\"https:\/\/atecordoba.org\/wp-content\/uploads\/2024\/06\/IMG-20240607-WA0040-1-1024x578.jpg 1024w, https:\/\/atecordoba.org\/wp-content\/uploads\/2024\/06\/IMG-20240607-WA0040-1-300x169.jpg 300w, https:\/\/atecordoba.org\/wp-content\/uploads\/2024\/06\/IMG-20240607-WA0040-1-768x434.jpg 768w, https:\/\/atecordoba.org\/wp-content\/uploads\/2024\/06\/IMG-20240607-WA0040-1-1536x867.jpg 1536w, https:\/\/atecordoba.org\/wp-content\/uploads\/2024\/06\/IMG-20240607-WA0040-1-2048x1156.jpg 2048w, https:\/\/atecordoba.org\/wp-content\/uploads\/2024\/06\/IMG-20240607-WA0040-1-750x423.jpg 750w, https:\/\/atecordoba.org\/wp-content\/uploads\/2024\/06\/IMG-20240607-WA0040-1-1140x643.jpg 1140w\" sizes=\"auto, (max-width: 1024px) 100vw, 1024px\" \/><\/figure>\n<\/div>\n\n\n<p>El dirigente dijo que &#8220;hoy la cifra que nos marca un piso de dignidad est\u00e1 en 828 mil pesos, la canasta b\u00e1sica total. Todo lo que se discuta por debajo de eso sigue sometiendo a nuestros compa\u00f1eros y compa\u00f1eras a estar por debajo de la l\u00ednea de la pobreza&#8221;.<\/p>\n\n\n\n<p>Y destac\u00f3 que en agosto de 2023 los trabajadores de la salud estaban por encima de la l\u00ednea de la pobreza, en mayo est\u00e1n por debajo. &#8220;Por lo cual, presentamos el pedido en mesa de entrada para que el gobierno nos permita participar de la mesa de negociaci\u00f3n salarial y acordamos discutir en asambleas en com\u00fan, tanto docentes como trabajadores de la salud y de la administraci\u00f3n p\u00fablica central, para conformar un plan de lucha que lleve a la calle la discusi\u00f3n salarial para que no nos condene a estar bajo la l\u00ednea de la pobreza y de la indigencia&#8221;.<\/p>\n\n\n\n<p><strong>Boczkowski<\/strong><\/p>\n\n\n\n<p>Por su parte, el secretario General de la UEPC Capital denunci\u00f3 que &#8220;los docentes entramos a esta discusi\u00f3n salarial en una situaci\u00f3n de pobreza generalizada y de creciente indigencia. Un salario docentes est\u00e1 hoy en la provincia en 477 mil pesos. Y cuando ese docente alcanza los 30 a\u00f1os de antig\u00fcedad cobra 680 mil pesos, por debajo de la l\u00ednea de la pobreza al terminar su carrera. Por eso decimos que en esta discusi\u00f3n salarial ning\u00fan docente puede estar de la l\u00ednea de la pobreza. Ese es el norte con que intervenimos en la discusi\u00f3n paritaria&#8221;.<\/p>\n\n\n<div class=\"wp-block-image\">\n<figure class=\"aligncenter size-large is-resized\"><img loading=\"lazy\" decoding=\"async\" width=\"1024\" height=\"578\" src=\"https:\/\/atecordoba.org\/wp-content\/uploads\/2024\/06\/IMG-20240607-WA0035-1-1024x578.jpg\" alt=\"\" class=\"wp-image-43987\" style=\"width:600px\" srcset=\"https:\/\/atecordoba.org\/wp-content\/uploads\/2024\/06\/IMG-20240607-WA0035-1-1024x578.jpg 1024w, https:\/\/atecordoba.org\/wp-content\/uploads\/2024\/06\/IMG-20240607-WA0035-1-300x169.jpg 300w, https:\/\/atecordoba.org\/wp-content\/uploads\/2024\/06\/IMG-20240607-WA0035-1-768x433.jpg 768w, https:\/\/atecordoba.org\/wp-content\/uploads\/2024\/06\/IMG-20240607-WA0035-1-1536x867.jpg 1536w, https:\/\/atecordoba.org\/wp-content\/uploads\/2024\/06\/IMG-20240607-WA0035-1-750x423.jpg 750w, https:\/\/atecordoba.org\/wp-content\/uploads\/2024\/06\/IMG-20240607-WA0035-1-1140x643.jpg 1140w, https:\/\/atecordoba.org\/wp-content\/uploads\/2024\/06\/IMG-20240607-WA0035-1.jpg 1600w\" sizes=\"auto, (max-width: 1024px) 100vw, 1024px\" \/><\/figure>\n<\/div>\n\n\n<p>Boczkowski explic\u00f3 que el gremio que conduce arm\u00f3 un observatorio salarial que calcul\u00f3 que &#8220;desde agosto a esta parte hubo una p\u00e9rdida abrupta de capacidad de compra de los sueldos docentes que ronda el 35%. Hoy necesitamos entre 53 y 54% solo para recuperar el salario que ten\u00edamos en agosto. Y aun as\u00ed seguir quedando debajo de la l\u00ednea de pobreza del INDEC. Por eso es muy importante discutir la recuperaci\u00f3n del salario, sabiendo que no es ese el plan del gobierno&#8221;.<\/p>\n\n\n\n<p>Para UEPC a la recuperaci\u00f3n de la p\u00e9rdida del salario de estos meses se debe sumar \u201cla actualizaci\u00f3n por inflaci\u00f3n y proteger el poder adquisitivo. Rechazamos el condicionamiento de cualquier recuperaci\u00f3n salarial a la recaudaci\u00f3n provincial. Para lograr eso tenemos que intervenir los docentes, las escuelas y la discusi\u00f3n no puede pasar por un grupito, que encima no llama a los docentes a la discusi\u00f3n sino que espera que el gobierno haga un propuesta de ajuste para llamar una asamblea de consulta&#8221;.<\/p>\n\n\n<div class=\"wp-block-image\">\n<figure class=\"aligncenter size-large is-resized\"><img loading=\"lazy\" decoding=\"async\" width=\"1024\" height=\"578\" src=\"https:\/\/atecordoba.org\/wp-content\/uploads\/2024\/06\/IMG-20240607-WA0032-1024x578.jpg\" alt=\"\" class=\"wp-image-43990\" style=\"width:600px\" srcset=\"https:\/\/atecordoba.org\/wp-content\/uploads\/2024\/06\/IMG-20240607-WA0032-1024x578.jpg 1024w, https:\/\/atecordoba.org\/wp-content\/uploads\/2024\/06\/IMG-20240607-WA0032-300x169.jpg 300w, https:\/\/atecordoba.org\/wp-content\/uploads\/2024\/06\/IMG-20240607-WA0032-768x434.jpg 768w, https:\/\/atecordoba.org\/wp-content\/uploads\/2024\/06\/IMG-20240607-WA0032-1536x867.jpg 1536w, https:\/\/atecordoba.org\/wp-content\/uploads\/2024\/06\/IMG-20240607-WA0032-2048x1156.jpg 2048w, https:\/\/atecordoba.org\/wp-content\/uploads\/2024\/06\/IMG-20240607-WA0032-750x423.jpg 750w, https:\/\/atecordoba.org\/wp-content\/uploads\/2024\/06\/IMG-20240607-WA0032-1140x643.jpg 1140w\" sizes=\"auto, (max-width: 1024px) 100vw, 1024px\" \/><\/figure>\n<\/div>\n\n\n<p>Boczkowski adelant\u00f3 que el lunes pr\u00f3ximo &#8220;vamos a tener un plenario de delegados, donde UEPC Capital va a generar su planteo para esta paritaria. Hicimos un presentaci\u00f3n representando 55 delegados departamentales y 11 departamentos de la provincia donde hacemos un llamado a la deliberaci\u00f3n para la participaci\u00f3n de los docentes. Porque si incorporamos y discutimos los docentes, vamos a ganar esta paritaria&#8221;.<\/p>\n\n\n\n<p><strong>Vacchiani<\/strong><\/p>\n\n\n\n<p>Por \u00faltimo, habl\u00f3 en al conferencia de prensa el secretario General de UTS, Gast\u00f3n Vacchiani. En primer t\u00e9rmino, dio su solidaridad a Giuliani por el acoso judicial que viene sufriendo y &#8220;el brutal allanamiento que vivi\u00f3, en un claro intento de criminalizar la protesta social y justamente con gremios que nos hemos mantenido en la calle, y lo vamos a seguir haciendo&#8221;. &#8220;No nos vamos a callar&#8221;, advirti\u00f3.<\/p>\n\n\n\n<p>Luego abord\u00f3 su mirada de la paritaria que viene, en consonancia con lo dicho anteriormente, afirmando que &#8220;en el caso de Salud, estamos planteando la recomposici\u00f3n salarial ya que un gran porcentaje del equipo de salud por debajo de la canasta b\u00e1sica, situaci\u00f3n inadmisible porque un m\u00e9dico o enfermero cobra de b\u00e1sico 450 mil pesos y un administrativo 240 mil pesos&#8221;.<\/p>\n\n\n<div class=\"wp-block-image\">\n<figure class=\"aligncenter size-large is-resized\"><img loading=\"lazy\" decoding=\"async\" width=\"1024\" height=\"578\" src=\"https:\/\/atecordoba.org\/wp-content\/uploads\/2024\/06\/IMG-20240607-WA0037-1-1024x578.jpg\" alt=\"\" class=\"wp-image-43989\" style=\"width:600px\" srcset=\"https:\/\/atecordoba.org\/wp-content\/uploads\/2024\/06\/IMG-20240607-WA0037-1-1024x578.jpg 1024w, https:\/\/atecordoba.org\/wp-content\/uploads\/2024\/06\/IMG-20240607-WA0037-1-300x169.jpg 300w, https:\/\/atecordoba.org\/wp-content\/uploads\/2024\/06\/IMG-20240607-WA0037-1-768x434.jpg 768w, https:\/\/atecordoba.org\/wp-content\/uploads\/2024\/06\/IMG-20240607-WA0037-1-1536x867.jpg 1536w, https:\/\/atecordoba.org\/wp-content\/uploads\/2024\/06\/IMG-20240607-WA0037-1-2048x1156.jpg 2048w, https:\/\/atecordoba.org\/wp-content\/uploads\/2024\/06\/IMG-20240607-WA0037-1-750x423.jpg 750w, https:\/\/atecordoba.org\/wp-content\/uploads\/2024\/06\/IMG-20240607-WA0037-1-1140x643.jpg 1140w\" sizes=\"auto, (max-width: 1024px) 100vw, 1024px\" \/><\/figure>\n<\/div>\n\n\n<p>&#8220;Son salarios de hambre&#8221;, reclam\u00f3 y dijo: &#8220;es impostergable una recomposici\u00f3n salarial y para eso necesitamos paritarias donde estemos todos los gremios con representaci\u00f3n en Salud y en el Estado, para que esa discusi\u00f3n paritaria se baje a las reparticiones, a los hospitales y centros de salud para poder discutir democr\u00e1ticamente. Hay que abordar tambi\u00e9n las cuestiones laborales. Porque hoy los hospitales est\u00e1n colapsados por una epidemia muy grande de influenza, una situaci\u00f3n que venimos denunciando hace mucho tiempo, junto a la falta de personal que se repite lamentablemente en cada contingencia respiratoria&#8221;.<\/p>\n\n\n\n<p>El dirigente concluy\u00f3 pidiendo &#8220;la inmediata reglamentaci\u00f3n de la Ley de Equipos de Salud que el gobierno viene dilatando. Esa ley fue un triunfo de la lucha del a\u00f1o pasado y estamos exigiendo que se reglamente para poder aplicarla. Por eso vamos a seguir coordinando con ATE, con UEPC Capital y seguramente estaremos en estado de asamblea en todos los hospitales&#8221;.<\/p>\n\n\n\n<p><\/p>\n\n\n\n<p><\/p>\n","protected":false},"excerpt":{"rendered":"<p>En una conferencia de prensa realizada esta ma\u00f1ana en la sede del Consejo Directivo Provincial de ATE, se anunci\u00f3 la conformaci\u00f3n del Frente de Gremios Estatales, integrando por ATE, UEPC Capital y UTS, con el objetivo declarado de llevar a la paritaria provincial una propuesta de recuperaci\u00f3n salarial frente a 10 meses consecutivos de p\u00e9rdida [&hellip;]<\/p>\n","protected":false},"author":7,"featured_media":43981,"comment_status":"open","ping_status":"open","sticky":false,"template":"","format":"standard","meta":{"_exactmetrics_skip_tracking":false,"_exactmetrics_sitenote_active":false,"_exactmetrics_sitenote_note":"","_exactmetrics_sitenote_category":0,"jnews-multi-image_gallery":[],"jnews_single_post":{"subtitle":"En el anuncio estuvieron presentes Franco Boczkowski, secretario General docente, Gast\u00f3n Vacchiani, secretario General del gremio de la salud, y Federico Giuliani, secretario General de ATE que hizo las veces de anfitri\u00f3n de la convocatoria, bajo la consigna \"ning\u00fan trabajador de la provincia por debajo de la l\u00ednea de la pobreza\". ","format":"standard","video":"","gallery":"","source_name":"","source_url":"","via_name":"","via_url":"","override_template":"0","override":[{"template":"1","single_blog_custom":"","parallax":"1","fullscreen":"1","layout":"no-sidebar-narrow","sidebar":"default-sidebar","second_sidebar":"default-sidebar","sticky_sidebar":"1","share_position":"bottom","share_float_style":"share-monocrhome","show_share_counter":"1","show_view_counter":"1","show_featured":"0","show_post_meta":"1","show_post_author":"0","show_post_author_image":"1","show_post_date":"1","post_date_format":"default","post_date_format_custom":"Y\/m\/d","show_post_category":"1","show_post_reading_time":"0","post_reading_time_wpm":"300","show_zoom_button":"0","zoom_button_out_step":"2","zoom_button_in_step":"3","show_post_tag":"1","show_prev_next_post":"0","show_popup_post":"0","number_popup_post":"1","show_author_box":"0","show_post_related":"1","show_inline_post_related":"0"}],"override_image_size":"0","image_override":[{"single_post_thumbnail_size":"crop-500","single_post_gallery_size":"crop-500"}],"trending_post":"0","trending_post_position":"meta","trending_post_label":"Trending","sponsored_post":"0","sponsored_post_label":"Sponsored by","sponsored_post_name":"","sponsored_post_url":"","sponsored_post_logo_enable":"0","sponsored_post_logo":"","sponsored_post_desc":"","disable_ad":"0"},"jnews_primary_category":{"id":"","hide":""},"jnews_social_meta":{"fb_title":"","fb_description":"","fb_image":"","twitter_title":"","twitter_description":"","twitter_image":""},"jnews_review":[],"enable_review":"0","type":"percentage","name":"","summary":"","brand":"","sku":"","good":[{"good_text":""}],"bad":[{"bad_text":""}],"score_override":"0","override_value":"","rating":[{"rating_text":"","rating_number":"10"}],"price":[{"shop":"","price":"","link":"","icon":""}],"jnews_override_counter":{"override_view_counter":"0","view_counter_number":"0","override_share_counter":"0","share_counter_number":"0","override_like_counter":"0","like_counter_number":"0","override_dislike_counter":"0","dislike_counter_number":"0"},"jnews_post_split":{"enable_post_split":"0","post_split":[{"template":"1","tag":"h2","numbering":"asc","mode":"normal","first":"0","enable_toc":"0","toc_type":"normal"}]},"footnotes":""},"categories":[8],"tags":[],"class_list":["post-43980","post","type-post","status-publish","format-standard","has-post-thumbnail","hentry","category-provinciales"],"jetpack_featured_media_url":"https:\/\/atecordoba.org\/wp-content\/uploads\/2024\/06\/IMG-20240607-WA0045-e1717784097585.jpg","_links":{"self":[{"href":"https:\/\/atecordoba.org\/index.php?rest_route=\/wp\/v2\/posts\/43980","targetHints":{"allow":["GET"]}}],"collection":[{"href":"https:\/\/atecordoba.org\/index.php?rest_route=\/wp\/v2\/posts"}],"about":[{"href":"https:\/\/atecordoba.org\/index.php?rest_route=\/wp\/v2\/types\/post"}],"author":[{"embeddable":true,"href":"https:\/\/atecordoba.org\/index.php?rest_route=\/wp\/v2\/users\/7"}],"replies":[{"embeddable":true,"href":"https:\/\/atecordoba.org\/index.php?rest_route=%2Fwp%2Fv2%2Fcomments&post=43980"}],"version-history":[{"count":1,"href":"https:\/\/atecordoba.org\/index.php?rest_route=\/wp\/v2\/posts\/43980\/revisions"}],"predecessor-version":[{"id":43991,"href":"https:\/\/atecordoba.org\/index.php?rest_route=\/wp\/v2\/posts\/43980\/revisions\/43991"}],"wp:featuredmedia":[{"embeddable":true,"href":"https:\/\/atecordoba.org\/index.php?rest_route=\/wp\/v2\/media\/43981"}],"wp:attachment":[{"href":"https:\/\/atecordoba.org\/index.php?rest_route=%2Fwp%2Fv2%2Fmedia&parent=43980"}],"wp:term":[{"taxonomy":"category","embeddable":true,"href":"https:\/\/atecordoba.org\/index.php?rest_route=%2Fwp%2Fv2%2Fcategories&post=43980"},{"taxonomy":"post_tag","embeddable":true,"href":"https:\/\/atecordoba.org\/index.php?rest_route=%2Fwp%2Fv2%2Ftags&post=43980"}],"curies":[{"name":"wp","href":"https:\/\/api.w.org\/{rel}","templated":true}]}}