{"id":43957,"date":"2024-06-07T09:56:08","date_gmt":"2024-06-07T12:56:08","guid":{"rendered":"https:\/\/atecordoba.org\/?p=43957"},"modified":"2024-06-07T09:57:01","modified_gmt":"2024-06-07T12:57:01","slug":"aguiar-denuncio-a-milei-ante-la-oit-despues-de-que-anunciara-que-va-a-echar-a-50-000-estatales","status":"publish","type":"post","link":"https:\/\/atecordoba.org\/?p=43957","title":{"rendered":"Aguiar denunci\u00f3 a Milei ante la OIT despu\u00e9s de que anunciara que va a echar a 50.000 estatales"},"content":{"rendered":"<div class=\"wp-block-image\">\n<figure class=\"aligncenter size-full is-resized\"><img loading=\"lazy\" decoding=\"async\" width=\"879\" height=\"588\" src=\"https:\/\/atecordoba.org\/wp-content\/uploads\/2024\/06\/Captura-de-pantalla-2024-06-07-095145.jpg\" alt=\"\" class=\"wp-image-43958\" style=\"width:600px\" srcset=\"https:\/\/atecordoba.org\/wp-content\/uploads\/2024\/06\/Captura-de-pantalla-2024-06-07-095145.jpg 879w, https:\/\/atecordoba.org\/wp-content\/uploads\/2024\/06\/Captura-de-pantalla-2024-06-07-095145-300x201.jpg 300w, https:\/\/atecordoba.org\/wp-content\/uploads\/2024\/06\/Captura-de-pantalla-2024-06-07-095145-768x514.jpg 768w, https:\/\/atecordoba.org\/wp-content\/uploads\/2024\/06\/Captura-de-pantalla-2024-06-07-095145-750x502.jpg 750w\" sizes=\"auto, (max-width: 879px) 100vw, 879px\" \/><\/figure>\n<\/div>\n\n\n<p><sup>(fuente www.lanacion.com.ar)<\/sup><\/p>\n\n\n\n<p>Luego de que este mi\u00e9rcoles el presidente Javier Milei advirtiera en un foro ante empresarios que tiene entre sus planes despedir a 50.000 estatales m\u00e1s, el titular del gremio p\u00fablico ATE,&nbsp;<strong>Rodolfo Aguiar<\/strong>, denunci\u00f3 al l\u00edder libertario frente a la Organizaci\u00f3n Internacional del Trabajo (OIT), que se reuni\u00f3 en&nbsp;<strong>Ginebra, Suiza. <\/strong><\/p>\n\n\n\n<p>All\u00ed dijo que&nbsp;la democracia est\u00e1 en riesgo&nbsp;por las pol\u00edticas que implementa el Gobierno. En tanto, despu\u00e9s insisti\u00f3 con que la gesti\u00f3n actual&nbsp;no pudo encontrar \u201cun solo \u00f1oqui\u201d de su organizaci\u00f3n&nbsp;y ratific\u00f3 un&nbsp;paro general para el jueves 27 de este mes.<\/p>\n\n\n\n<p>\u201cLa eficiencia del orden democr\u00e1tico de un pa\u00eds puede medirse por la eficacia de la libertad sindical y podemos afirmar categ\u00f3ricamente que sin libertad sindical no hay democracia.&nbsp;En la Argentina es la democracia misma la que est\u00e1 en riesgo en este momento\u201d, apunt\u00f3 Aguiar desde el&nbsp;Palacio de las Naciones Unidas, donde estaban reunidos los representantes de los 187 Estados miembros de la organizaci\u00f3n internacional.<\/p>\n\n\n<div class=\"wp-block-image\">\n<figure class=\"aligncenter size-full is-resized\"><img loading=\"lazy\" decoding=\"async\" width=\"734\" height=\"489\" src=\"https:\/\/atecordoba.org\/wp-content\/uploads\/2024\/06\/Captura-de-pantalla-2024-06-07-095251.jpg\" alt=\"\" class=\"wp-image-43959\" style=\"width:600px\" srcset=\"https:\/\/atecordoba.org\/wp-content\/uploads\/2024\/06\/Captura-de-pantalla-2024-06-07-095251.jpg 734w, https:\/\/atecordoba.org\/wp-content\/uploads\/2024\/06\/Captura-de-pantalla-2024-06-07-095251-300x200.jpg 300w\" sizes=\"auto, (max-width: 734px) 100vw, 734px\" \/><\/figure>\n<\/div>\n\n\n<p>\u201cEl proceso de criminalizaci\u00f3n de la protesta en el pa\u00eds es grav\u00edsimo<strong>.\u00a0<\/strong>No podemos naturalizar que se est\u00e9n allanando domicilios de dirigentes y de sedes sindicales\u201d, sostuvo tambi\u00e9n el gremialista, luego de que referentes de las organizaciones sociales quedaran en medio de procesos judiciales, en una escalada de persecuci\u00f3n pol\u00edtico-judicial contra opositores que tambi\u00e9n alcanz\u00f3 en C\u00f3rdoba al secretario General del Consejo Directivo Provincial, Federico Giuliani.<\/p>\n\n\n\n<p>Aguiar fustig\u00f3 la gesti\u00f3n de Milei y dijo que fue hasta Suiza para denunciar tanto al Gobierno como al Presidente. \u201cDesde el mismo 10 de diciembre los estatales estamos siendo atacados, agraviados, insultados.<strong>&nbsp;<\/strong>Nos quitan derechos, destruyen nuestros puestos de empleo y demuelen nuestros salarios\u201d, enumer\u00f3.<\/p>\n\n\n\n<p>Convencido de que las medidas econ\u00f3micas aplicadas por esta administraci\u00f3n fueron \u201clapidarias\u201d, Aguiar dijo en el Palacio de las Naciones Unidas que en cinco meses \u201caument\u00f3 dr\u00e1sticamente la pobreza y se duplic\u00f3 la indigencia\u201d, como as\u00ed tambi\u00e9n que hay \u201cun fen\u00f3meno de empobrecimiento de los pobres en el pa\u00eds\u201d.<\/p>\n\n\n<div class=\"wp-block-image\">\n<figure class=\"aligncenter size-full is-resized\"><img loading=\"lazy\" decoding=\"async\" width=\"731\" height=\"490\" src=\"https:\/\/atecordoba.org\/wp-content\/uploads\/2024\/06\/Captura-de-pantalla-2024-06-07-095316.jpg\" alt=\"\" class=\"wp-image-43960\" style=\"width:600px\" srcset=\"https:\/\/atecordoba.org\/wp-content\/uploads\/2024\/06\/Captura-de-pantalla-2024-06-07-095316.jpg 731w, https:\/\/atecordoba.org\/wp-content\/uploads\/2024\/06\/Captura-de-pantalla-2024-06-07-095316-300x201.jpg 300w\" sizes=\"auto, (max-width: 731px) 100vw, 731px\" \/><\/figure>\n<\/div>\n\n\n<p>Siempre bajo la misma postura, el sindicalista sostuvo: \u201cNo podemos aceptar que la respuesta a esta crisis profunda que generaron sea la Ley Bases, una ley que incorpora una<strong>&nbsp;<\/strong>reforma laboral absolutamente regresiva<strong>.&nbsp;<\/strong>En 2015, la OIT estudi\u00f3 63 pa\u00edses que impulsaron en el mundo legislaciones similares y todas fracasaron. Para terminar con la emergencia de empleo y salario que existe hay que hacer todo lo contrario a lo que est\u00e1 haciendo este gobierno\u201d.<\/p>\n\n\n\n<p>Adem\u00e1s, seguro de que el oficialismo quiere \u201centregar a las potencias extranjeras todas las riquezas\u201d, Aguiar alent\u00f3: \u201cEs con la unidad del movimiento obrero y un pueblo que se niega a firmar su propio certificado de defunci\u00f3n que&nbsp;lo vamos a derrotar\u201d.<\/p>\n\n\n\n<p>El mi\u00e9rcoles, cuando particip\u00f3 en el<a href=\"https:\/\/www.lanacion.com.ar\/politica\/habla-milei-en-el-latam-economic-forum-2024-nid05062024\/\">&nbsp;<\/a>Latam Economic Forum 2024 -un espacio de empresarios, dirigentes de transnacionales, especuladores financieros, analistas pol\u00edticos de rancia identificaci\u00f3n con la derecha reaccionaria, entre otros- el Presidente otra vez carg\u00f3 contra los trabajadores p\u00fablicos y se vanaglori\u00f3 de que habr\u00e1 m\u00e1s despidos. \u201cMi frase m\u00e1s conocida es<strong>&nbsp;<\/strong>\u2018afuera\u2019.&nbsp;Y est\u00e1n haciendo campa\u00f1a en todo el mundo con el \u2018afuera\u2019. Signific\u00f3 llevar los ministerios a la mitad. Eso fue reducir el Estado a la mitad.&nbsp;Vamos a terminar echando a 75.000 personas\u2033, amenaz\u00f3 el l\u00edder libertario frente a empresarios.<\/p>\n","protected":false},"excerpt":{"rendered":"<p>(fuente www.lanacion.com.ar) Luego de que este mi\u00e9rcoles el presidente Javier Milei advirtiera en un foro ante empresarios que tiene entre sus planes despedir a 50.000 estatales m\u00e1s, el titular del gremio p\u00fablico ATE,&nbsp;Rodolfo Aguiar, denunci\u00f3 al l\u00edder libertario frente a la Organizaci\u00f3n Internacional del Trabajo (OIT), que se reuni\u00f3 en&nbsp;Ginebra, Suiza. All\u00ed dijo que&nbsp;la democracia [&hellip;]<\/p>\n","protected":false},"author":7,"featured_media":43959,"comment_status":"open","ping_status":"open","sticky":false,"template":"","format":"standard","meta":{"_exactmetrics_skip_tracking":false,"_exactmetrics_sitenote_active":false,"_exactmetrics_sitenote_note":"","_exactmetrics_sitenote_category":0,"jnews-multi-image_gallery":[],"jnews_single_post":{"subtitle":"El secretario General Nacional de ATE dijo que la democracia est\u00e1 en riesgo en la Argentina desde que gobierna el l\u00edder libertario; asegur\u00f3 que los trabajadores de su gremio son atacados y agraviados.","format":"standard","video":"","gallery":"","source_name":"","source_url":"","via_name":"","via_url":"","override_template":"0","override":[{"template":"1","single_blog_custom":"","parallax":"1","fullscreen":"1","layout":"no-sidebar-narrow","sidebar":"default-sidebar","second_sidebar":"default-sidebar","sticky_sidebar":"1","share_position":"bottom","share_float_style":"share-monocrhome","show_share_counter":"1","show_view_counter":"1","show_featured":"0","show_post_meta":"1","show_post_author":"0","show_post_author_image":"1","show_post_date":"1","post_date_format":"default","post_date_format_custom":"Y\/m\/d","show_post_category":"1","show_post_reading_time":"0","post_reading_time_wpm":"300","show_zoom_button":"0","zoom_button_out_step":"2","zoom_button_in_step":"3","show_post_tag":"1","show_prev_next_post":"0","show_popup_post":"0","number_popup_post":"1","show_author_box":"0","show_post_related":"1","show_inline_post_related":"0"}],"override_image_size":"0","image_override":[{"single_post_thumbnail_size":"crop-500","single_post_gallery_size":"crop-500"}],"trending_post":"0","trending_post_position":"meta","trending_post_label":"Trending","sponsored_post":"0","sponsored_post_label":"Sponsored by","sponsored_post_name":"","sponsored_post_url":"","sponsored_post_logo_enable":"0","sponsored_post_logo":"","sponsored_post_desc":"","disable_ad":"0"},"jnews_primary_category":{"id":"","hide":""},"jnews_social_meta":{"fb_title":"","fb_description":"","fb_image":"","twitter_title":"","twitter_description":"","twitter_image":""},"jnews_review":[],"enable_review":"0","type":"percentage","name":"","summary":"","brand":"","sku":"","good":[{"good_text":""}],"bad":[{"bad_text":""}],"score_override":"0","override_value":"","rating":[{"rating_text":"","rating_number":"10"}],"price":[{"shop":"","price":"","link":"","icon":""}],"jnews_override_counter":{"override_view_counter":"0","view_counter_number":"0","override_share_counter":"0","share_counter_number":"0","override_like_counter":"0","like_counter_number":"0","override_dislike_counter":"0","dislike_counter_number":"0"},"jnews_post_split":{"enable_post_split":"0","post_split":[{"template":"1","tag":"h2","numbering":"asc","mode":"normal","first":"0","enable_toc":"0","toc_type":"normal"}]},"footnotes":""},"categories":[756],"tags":[],"class_list":["post-43957","post","type-post","status-publish","format-standard","has-post-thumbnail","hentry","category-consejo-directivo-nacional-cdn"],"jetpack_featured_media_url":"https:\/\/atecordoba.org\/wp-content\/uploads\/2024\/06\/Captura-de-pantalla-2024-06-07-095251.jpg","_links":{"self":[{"href":"https:\/\/atecordoba.org\/index.php?rest_route=\/wp\/v2\/posts\/43957","targetHints":{"allow":["GET"]}}],"collection":[{"href":"https:\/\/atecordoba.org\/index.php?rest_route=\/wp\/v2\/posts"}],"about":[{"href":"https:\/\/atecordoba.org\/index.php?rest_route=\/wp\/v2\/types\/post"}],"author":[{"embeddable":true,"href":"https:\/\/atecordoba.org\/index.php?rest_route=\/wp\/v2\/users\/7"}],"replies":[{"embeddable":true,"href":"https:\/\/atecordoba.org\/index.php?rest_route=%2Fwp%2Fv2%2Fcomments&post=43957"}],"version-history":[{"count":2,"href":"https:\/\/atecordoba.org\/index.php?rest_route=\/wp\/v2\/posts\/43957\/revisions"}],"predecessor-version":[{"id":43964,"href":"https:\/\/atecordoba.org\/index.php?rest_route=\/wp\/v2\/posts\/43957\/revisions\/43964"}],"wp:featuredmedia":[{"embeddable":true,"href":"https:\/\/atecordoba.org\/index.php?rest_route=\/wp\/v2\/media\/43959"}],"wp:attachment":[{"href":"https:\/\/atecordoba.org\/index.php?rest_route=%2Fwp%2Fv2%2Fmedia&parent=43957"}],"wp:term":[{"taxonomy":"category","embeddable":true,"href":"https:\/\/atecordoba.org\/index.php?rest_route=%2Fwp%2Fv2%2Fcategories&post=43957"},{"taxonomy":"post_tag","embeddable":true,"href":"https:\/\/atecordoba.org\/index.php?rest_route=%2Fwp%2Fv2%2Ftags&post=43957"}],"curies":[{"name":"wp","href":"https:\/\/api.w.org\/{rel}","templated":true}]}}