{"id":43905,"date":"2024-06-06T09:43:08","date_gmt":"2024-06-06T12:43:08","guid":{"rendered":"https:\/\/atecordoba.org\/?p=43905"},"modified":"2024-06-06T09:43:48","modified_gmt":"2024-06-06T12:43:48","slug":"ate-planteo-su-preocupacion-al-gobierno-de-cordoba-y-a-la-municipalidad-por-una-perdida-del-boleto-sanitario","status":"publish","type":"post","link":"https:\/\/atecordoba.org\/?p=43905","title":{"rendered":"ATE plante\u00f3 su preocupaci\u00f3n al gobierno de C\u00f3rdoba y a la Municipalidad ante una p\u00e9rdida del Boleto Sanitario"},"content":{"rendered":"<div class=\"wp-block-image\">\n<figure class=\"aligncenter size-full is-resized\"><img loading=\"lazy\" decoding=\"async\" width=\"729\" height=\"485\" src=\"https:\/\/atecordoba.org\/wp-content\/uploads\/2024\/06\/urbano.jpg\" alt=\"\" class=\"wp-image-43906\" style=\"width:600px\" srcset=\"https:\/\/atecordoba.org\/wp-content\/uploads\/2024\/06\/urbano.jpg 729w, https:\/\/atecordoba.org\/wp-content\/uploads\/2024\/06\/urbano-300x200.jpg 300w\" sizes=\"auto, (max-width: 729px) 100vw, 729px\" \/><\/figure>\n<\/div>\n\n\n<p>En sendas notas dirigidas al Gobernador de C\u00f3rdoba, Mart\u00edn Llaryora, y al intendente de la Capital provincial, Daniel Passerini, ATE solicit\u00f3 que se sostenga y agilice la renovaci\u00f3n del Boleto Sanitario para el transporte p\u00fablico urbano e interurbano, habida cuenta del feroz incremento de los costos del transporte en los \u00faltimos 6 meses, tanto en la provincia como en la ciudad de C\u00f3rdoba.<\/p>\n\n\n\n<p>Con la firma de Federico Giuliani, secretario General del Consejo Directivo Provincial (CDP), ATE pidi\u00f3 que la medida tenga car\u00e1cter urgente y cubra el universo de las y los trabajadores comprendidos en las leyes 7233 y 7625.<\/p>\n\n\n\n<p>Cabe se\u00f1alar que en los \u00faltimos d\u00edas, el intendente Passerini afirm\u00f3 que el pasaje urbano, que actualmente cuesta 700 pesos en su tarifa diurna y 805 pesos en la nocturna, deber\u00eda costar 1400, en el marco del reclamo que el mandatario llev\u00f3 al Congreso con intendentes de otras ciudad del pa\u00eds que reclaman la devoluci\u00f3n de los subsidios al transporte que dio de baja, para el interior del pa\u00eds, el Gobierno de Javier Milei.<\/p>\n\n\n\n<p>Por otro lado, el transporte interurbano acumula un incremento del 320% en los apenas cinco meses que van de este 2024, cuyo \u00faltimo aumento se inform\u00f3 el mes pasado del 11%.<\/p>\n\n\n<div class=\"wp-block-image\">\n<figure class=\"alignright size-full is-resized\"><img loading=\"lazy\" decoding=\"async\" width=\"764\" height=\"505\" src=\"https:\/\/atecordoba.org\/wp-content\/uploads\/2024\/06\/interurbano.jpg\" alt=\"\" class=\"wp-image-43907\" style=\"width:600px\" srcset=\"https:\/\/atecordoba.org\/wp-content\/uploads\/2024\/06\/interurbano.jpg 764w, https:\/\/atecordoba.org\/wp-content\/uploads\/2024\/06\/interurbano-300x198.jpg 300w, https:\/\/atecordoba.org\/wp-content\/uploads\/2024\/06\/interurbano-750x496.jpg 750w\" sizes=\"auto, (max-width: 764px) 100vw, 764px\" \/><\/figure>\n<\/div>\n\n\n<p>Ante este cuadro, la p\u00e9rdida del Boleto Sanitario ser\u00eda un golpe brutal para el bolsillo de las y los trabajadores provinciales del sector salud, ya muy castigados por la insuficiencia de las recomposiciones salariales suscriptas hasta el momento, que se suma a los aumentos en los aportes a la APROSS que se ejecutar\u00e1n este mes, seg\u00fan anunci\u00f3 el Gobierno Provincial.<\/p>\n\n\n\n<p>No se puede permitir que el personal dependiente de la provincia contin\u00fae perdiendo poder adquisitivo, frente a estad\u00edsticas que hablan de una ca\u00edda de capacidad de compra para el sector p\u00fablico del 24%, durante el 2024.<\/p>\n\n\n\n<p>En ese marco, ATE destac\u00f3 que las y los trabajadores del sector salud provincial \u201cson los que sostienen el sistema sanitario con el trabajo denodado a destajo en los l\u00edmites f\u00edsicos y humanos que les toca enfrentar en esta cruda realidad\u201d.<\/p>\n\n\n\n<p>Y resalt\u00f3 la necesidad de mantener \u201cel car\u00e1cter alimentario\u201d de los salarios, ya que las y los trabajadores de la salud \u201cson la primera l\u00ednea de batalla de las epidemias que les toquen enfrentar con el profesionalismo y compromiso social que las y los caracterizan\u201d.<\/p>\n","protected":false},"excerpt":{"rendered":"<p>En sendas notas dirigidas al Gobernador de C\u00f3rdoba, Mart\u00edn Llaryora, y al intendente de la Capital provincial, Daniel Passerini, ATE solicit\u00f3 que se sostenga y agilice la renovaci\u00f3n del Boleto Sanitario para el transporte p\u00fablico urbano e interurbano, habida cuenta del feroz incremento de los costos del transporte en los \u00faltimos 6 meses, tanto en [&hellip;]<\/p>\n","protected":false},"author":7,"featured_media":43907,"comment_status":"open","ping_status":"open","sticky":false,"template":"","format":"standard","meta":{"_exactmetrics_skip_tracking":false,"_exactmetrics_sitenote_active":false,"_exactmetrics_sitenote_note":"","_exactmetrics_sitenote_category":0,"jnews-multi-image_gallery":[],"jnews_single_post":{"subtitle":"Con la firma de Federico Giuliani, secretario General del Consejo Directivo Provincial (CDP), ATE pidi\u00f3 que sostenga y agilice la renovaci\u00f3n del Boleto Sanitario de manera urgente y cubra el universo de las y los trabajadores comprendidos en las leyes 7233 y 7625.","format":"standard","video":"","gallery":"","source_name":"","source_url":"","via_name":"","via_url":"","override_template":"0","override":[{"template":"1","single_blog_custom":"","parallax":"1","fullscreen":"1","layout":"no-sidebar-narrow","sidebar":"default-sidebar","second_sidebar":"default-sidebar","sticky_sidebar":"1","share_position":"bottom","share_float_style":"share-monocrhome","show_share_counter":"1","show_view_counter":"1","show_featured":"0","show_post_meta":"1","show_post_author":"0","show_post_author_image":"1","show_post_date":"1","post_date_format":"default","post_date_format_custom":"Y\/m\/d","show_post_category":"1","show_post_reading_time":"0","post_reading_time_wpm":"300","show_zoom_button":"0","zoom_button_out_step":"2","zoom_button_in_step":"3","show_post_tag":"1","show_prev_next_post":"0","show_popup_post":"0","number_popup_post":"1","show_author_box":"0","show_post_related":"1","show_inline_post_related":"0"}],"override_image_size":"0","image_override":[{"single_post_thumbnail_size":"crop-500","single_post_gallery_size":"crop-500"}],"trending_post":"0","trending_post_position":"meta","trending_post_label":"Trending","sponsored_post":"0","sponsored_post_label":"Sponsored by","sponsored_post_name":"","sponsored_post_url":"","sponsored_post_logo_enable":"0","sponsored_post_logo":"","sponsored_post_desc":"","disable_ad":"0"},"jnews_primary_category":{"id":"","hide":""},"jnews_social_meta":{"fb_title":"","fb_description":"","fb_image":"","twitter_title":"","twitter_description":"","twitter_image":""},"jnews_review":[],"enable_review":"0","type":"percentage","name":"","summary":"","brand":"","sku":"","good":[{"good_text":""}],"bad":[{"bad_text":""}],"score_override":"0","override_value":"","rating":[{"rating_text":"","rating_number":"10"}],"price":[{"shop":"","price":"","link":"","icon":""}],"jnews_override_counter":{"override_view_counter":"0","view_counter_number":"0","override_share_counter":"0","share_counter_number":"0","override_like_counter":"0","like_counter_number":"0","override_dislike_counter":"0","dislike_counter_number":"0"},"jnews_post_split":{"enable_post_split":"0","post_split":[{"template":"1","tag":"h2","numbering":"asc","mode":"normal","first":"0","enable_toc":"0","toc_type":"normal"}]},"footnotes":""},"categories":[8],"tags":[],"class_list":["post-43905","post","type-post","status-publish","format-standard","has-post-thumbnail","hentry","category-provinciales"],"jetpack_featured_media_url":"https:\/\/atecordoba.org\/wp-content\/uploads\/2024\/06\/interurbano.jpg","_links":{"self":[{"href":"https:\/\/atecordoba.org\/index.php?rest_route=\/wp\/v2\/posts\/43905","targetHints":{"allow":["GET"]}}],"collection":[{"href":"https:\/\/atecordoba.org\/index.php?rest_route=\/wp\/v2\/posts"}],"about":[{"href":"https:\/\/atecordoba.org\/index.php?rest_route=\/wp\/v2\/types\/post"}],"author":[{"embeddable":true,"href":"https:\/\/atecordoba.org\/index.php?rest_route=\/wp\/v2\/users\/7"}],"replies":[{"embeddable":true,"href":"https:\/\/atecordoba.org\/index.php?rest_route=%2Fwp%2Fv2%2Fcomments&post=43905"}],"version-history":[{"count":2,"href":"https:\/\/atecordoba.org\/index.php?rest_route=\/wp\/v2\/posts\/43905\/revisions"}],"predecessor-version":[{"id":43910,"href":"https:\/\/atecordoba.org\/index.php?rest_route=\/wp\/v2\/posts\/43905\/revisions\/43910"}],"wp:featuredmedia":[{"embeddable":true,"href":"https:\/\/atecordoba.org\/index.php?rest_route=\/wp\/v2\/media\/43907"}],"wp:attachment":[{"href":"https:\/\/atecordoba.org\/index.php?rest_route=%2Fwp%2Fv2%2Fmedia&parent=43905"}],"wp:term":[{"taxonomy":"category","embeddable":true,"href":"https:\/\/atecordoba.org\/index.php?rest_route=%2Fwp%2Fv2%2Fcategories&post=43905"},{"taxonomy":"post_tag","embeddable":true,"href":"https:\/\/atecordoba.org\/index.php?rest_route=%2Fwp%2Fv2%2Ftags&post=43905"}],"curies":[{"name":"wp","href":"https:\/\/api.w.org\/{rel}","templated":true}]}}