{"id":4388,"date":"2014-08-08T15:18:23","date_gmt":"2014-08-08T18:18:23","guid":{"rendered":"http:\/\/www.atecordoba.org\/?p=4388"},"modified":"2014-08-08T15:18:23","modified_gmt":"2014-08-08T18:18:23","slug":"el-intendente-de-unquillo-recibio-el-proyecto-de-smvym-para-los-municipales","status":"publish","type":"post","link":"https:\/\/atecordoba.org\/?p=4388","title":{"rendered":"El intendente de Unquillo recibi\u00f3 el proyecto de SMVyM para los municipales"},"content":{"rendered":"<p><em>En el marco de la jornada de protesta realizada ayer, el cuerpo de delegados de la municipalidad de Unquillo entreg\u00f3 el proyecto de ley, para garantizar un salario m\u00ednimo, vital y m\u00f3vil para todos los trabajadores municipales, al jefe comunal German Jalil.<\/em><\/p>\n<figure id=\"attachment_4389\" aria-describedby=\"caption-attachment-4389\" style=\"width: 548px\" class=\"wp-caption aligncenter\"><a href=\"http:\/\/www.atecordoba.org\/wp-content\/uploads\/2014\/08\/WP_20140807_002.jpg\"><img loading=\"lazy\" decoding=\"async\" alt=\"WP_20140807_002\" height=\"308\" src=\"http:\/\/www.atecordoba.org\/wp-content\/uploads\/2014\/08\/WP_20140807_002.jpg\" width=\"548\" class=\" wp-image-4389\"><\/a><figcaption id=\"caption-attachment-4389\" class=\"wp-caption-text\">Jalil (derecha) recibe el proyecto de parte del compa\u00f1ero Lescano<\/figcaption><\/figure>\n<p>En representaci\u00f3n de ATE el delegado municipal Juan Lescano entreg\u00f3 a Jalil el proyecto, que impulsa nuestro gremio en todo el pa\u00eds. El encuentro se produjo en el marco de la jornada nacional de lucha realizada ayer. Jalil se comprometi\u00f3 a estudiar la iniciativa. Los compa\u00f1eros entregaron otra copia al presidente alterno del Concejo Deliberante (CD).<\/p>\n<p>Si bien los compa\u00f1eros resaltaron que en Unquillo los haberes de los municipales ya superan el l\u00edmite del M\u00ednimo, Vital y M\u00f3vil, consideraron un avance que el CD eval\u00fae aprobar la iniciativa ya que son muchos lo municipales de otras comunas colindantes que sufren salarios de miseria y es intensi\u00f3n de ATE extender el proceso organizativo a otras localidades de las sierras chicas.<\/p>\n<p>En Argentina los trabajadores del Estado de municipales y provinciales no tienen garantizado el acceso al Salario M\u00ednimo, Vital y M\u00f3vil que establece el art\u00edculo 14 bis de la Constituci\u00f3n Nacional. Esto genera una situaci\u00f3n de discriminaci\u00f3n de los trabajadores del sector p\u00fablico&nbsp; respecto a los del sector privado, que s\u00ed gozan de este derecho legal en cualquier parte del pa\u00eds. Lo que permite a los intendentes y gobernadores ignorar este derecho de los trabajadores del Estado es el vac\u00edo legal que existe en torno al tema.<\/p>\n<p>Sucede que la Ley 24.013 que crea el Consejo Nacional del Empleo, la Productividad y el Salario M\u00ednimo Vital y M\u00f3vil, dej\u00f3 fuera de su \u00e1mbito al empleo p\u00fablico municipal y provincial. De este modo y con la excusa de la autonom\u00eda, cientos de miles de trabajadores estatales municipales y provinciales cobran salarios muy inferiores al salario m\u00ednimo que se fija a nivel nacional. Otro panorama similar de desolador sucede con los convenios colectivos de trabajo en el pa\u00eds.<\/p>\n<p>El Estado Nacional tiene CCT pero la inmensa mayor\u00eda de los trabajadores provinciales y municipales de la Argentina, no tienen leyes que les permitan discutir condiciones de trabajo, salarios, carrera y dem\u00e1s derechos y obligaciones laborales.<\/p>\n<p>Est\u00e1 previsto parta la semana que viene comprometer a otros intendentes con esta iniciativa, as\u00ed como presentarlo en la Legislatura Provincial.&nbsp;<\/p>\n","protected":false},"excerpt":{"rendered":"<p>En el marco de la jornada de protesta realizada ayer, el cuerpo de delegados de la municipalidad de Unquillo entreg\u00f3 el proyecto de ley, para garantizar un salario m\u00ednimo, vital y m\u00f3vil para todos los trabajadores municipales, al jefe comunal German Jalil. En representaci\u00f3n de ATE el delegado municipal Juan Lescano entreg\u00f3 a Jalil el [&hellip;]<\/p>\n","protected":false},"author":1,"featured_media":19220,"comment_status":"open","ping_status":"open","sticky":false,"template":"","format":"standard","meta":{"_exactmetrics_skip_tracking":false,"_exactmetrics_sitenote_active":false,"_exactmetrics_sitenote_note":"","_exactmetrics_sitenote_category":0,"jnews-multi-image_gallery":[],"jnews_single_post":[],"jnews_primary_category":[],"jnews_social_meta":[],"jnews_review":[],"enable_review":"","type":"","name":"","summary":"","brand":"","sku":"","good":[],"bad":[],"score_override":"","override_value":"","rating":[],"price":[],"jnews_override_counter":[],"jnews_post_split":[],"footnotes":""},"categories":[20],"tags":[],"class_list":["post-4388","post","type-post","status-publish","format-standard","has-post-thumbnail","hentry","category-municipales"],"jetpack_featured_media_url":"https:\/\/atecordoba.org\/wp-content\/uploads\/2020\/05\/logo-nuevochico-e1561581322808.png","_links":{"self":[{"href":"https:\/\/atecordoba.org\/index.php?rest_route=\/wp\/v2\/posts\/4388","targetHints":{"allow":["GET"]}}],"collection":[{"href":"https:\/\/atecordoba.org\/index.php?rest_route=\/wp\/v2\/posts"}],"about":[{"href":"https:\/\/atecordoba.org\/index.php?rest_route=\/wp\/v2\/types\/post"}],"author":[{"embeddable":true,"href":"https:\/\/atecordoba.org\/index.php?rest_route=\/wp\/v2\/users\/1"}],"replies":[{"embeddable":true,"href":"https:\/\/atecordoba.org\/index.php?rest_route=%2Fwp%2Fv2%2Fcomments&post=4388"}],"version-history":[{"count":0,"href":"https:\/\/atecordoba.org\/index.php?rest_route=\/wp\/v2\/posts\/4388\/revisions"}],"wp:featuredmedia":[{"embeddable":true,"href":"https:\/\/atecordoba.org\/index.php?rest_route=\/wp\/v2\/media\/19220"}],"wp:attachment":[{"href":"https:\/\/atecordoba.org\/index.php?rest_route=%2Fwp%2Fv2%2Fmedia&parent=4388"}],"wp:term":[{"taxonomy":"category","embeddable":true,"href":"https:\/\/atecordoba.org\/index.php?rest_route=%2Fwp%2Fv2%2Fcategories&post=4388"},{"taxonomy":"post_tag","embeddable":true,"href":"https:\/\/atecordoba.org\/index.php?rest_route=%2Fwp%2Fv2%2Ftags&post=4388"}],"curies":[{"name":"wp","href":"https:\/\/api.w.org\/{rel}","templated":true}]}}