{"id":43867,"date":"2024-06-05T15:11:06","date_gmt":"2024-06-05T18:11:06","guid":{"rendered":"https:\/\/atecordoba.org\/?p=43867"},"modified":"2024-06-05T16:22:04","modified_gmt":"2024-06-05T19:22:04","slug":"la-ley-de-bases-y-el-colectivo-de-las-diversidades-profundiza-nuestra-pobreza-estructural","status":"publish","type":"post","link":"https:\/\/atecordoba.org\/?p=43867","title":{"rendered":"La ley de Bases y el colectivo de las diversidades: &#8220;este gobierno est\u00e1 destruyendo una reparaci\u00f3n hist\u00f3rica y profundiza nuestra pobreza estructural&#8221;"},"content":{"rendered":"<div class=\"wp-block-image\">\n<figure class=\"aligncenter size-large is-resized\"><img loading=\"lazy\" decoding=\"async\" width=\"768\" height=\"1024\" src=\"https:\/\/atecordoba.org\/wp-content\/uploads\/2024\/06\/WhatsApp-Image-2024-06-05-at-11.54.44-1-768x1024.jpeg\" alt=\"\" class=\"wp-image-43868\" style=\"width:600px\" srcset=\"https:\/\/atecordoba.org\/wp-content\/uploads\/2024\/06\/WhatsApp-Image-2024-06-05-at-11.54.44-1-768x1024.jpeg 768w, https:\/\/atecordoba.org\/wp-content\/uploads\/2024\/06\/WhatsApp-Image-2024-06-05-at-11.54.44-1-225x300.jpeg 225w, https:\/\/atecordoba.org\/wp-content\/uploads\/2024\/06\/WhatsApp-Image-2024-06-05-at-11.54.44-1-1152x1536.jpeg 1152w, https:\/\/atecordoba.org\/wp-content\/uploads\/2024\/06\/WhatsApp-Image-2024-06-05-at-11.54.44-1-750x1000.jpeg 750w, https:\/\/atecordoba.org\/wp-content\/uploads\/2024\/06\/WhatsApp-Image-2024-06-05-at-11.54.44-1-1140x1520.jpeg 1140w, https:\/\/atecordoba.org\/wp-content\/uploads\/2024\/06\/WhatsApp-Image-2024-06-05-at-11.54.44-1.jpeg 1200w\" sizes=\"auto, (max-width: 768px) 100vw, 768px\" \/><figcaption class=\"wp-element-caption\">La trabajadora de PAMI R\u00edo Cuarto Johana Salazar.<\/figcaption><\/figure>\n<\/div>\n\n\n<p>El ajuste que comete el gobierno de Javier Milei en el Estado Nacional impacta de manera directa al colectivo trans-travesti y a las diversidades que durante los \u00faltimos a\u00f1os ganaron espacio en el empleo p\u00fablico a partir de la aplicaci\u00f3n de la ley de cupo, decreto presidencial 721\/2020 que prev\u00e9 que las personas travestis, transexuales y transg\u00e9nero deber\u00e1n ocupar al menos el 1% de los cargos en el sector p\u00fablico nacional. <\/p>\n\n\n\n<p>De esta forma, de aprobarse la llamada Ley de Bases, el Estado volver\u00e1 sobre sus pasos en una pol\u00edtica reparatoria que abri\u00f3 las puertas a oportunidades de trabajo y dignidad a personas que hist\u00f3ricamente fueron discriminadas. <\/p>\n\n\n\n<p>Actualmente el gobierno no cumple la  ley, como denuncia la trabajadora de PAMI R\u00edo Cuarto, que fue despedida sin causa y arbitrariamente hace pocos d\u00edas. &#8220;Trabajaba en el \u00e1rea de recepci\u00f3n y atenci\u00f3n al p\u00fablico. Claramente hay un ataque a la franja de trabajadoras del Estado que ocupamos el cupo trans, es un atropello. El gobierno no cumple la ley que obliga a cubrir ese cupo&#8221;, afirma Johana Salazar. <\/p>\n\n\n<div class=\"wp-block-image\">\n<figure class=\"alignleft size-full is-resized\"><img loading=\"lazy\" decoding=\"async\" width=\"720\" height=\"583\" src=\"https:\/\/atecordoba.org\/wp-content\/uploads\/2024\/06\/WhatsApp-Image-2024-06-05-at-12.34.18.jpeg\" alt=\"\" class=\"wp-image-43873\" style=\"width:400px\" srcset=\"https:\/\/atecordoba.org\/wp-content\/uploads\/2024\/06\/WhatsApp-Image-2024-06-05-at-12.34.18.jpeg 720w, https:\/\/atecordoba.org\/wp-content\/uploads\/2024\/06\/WhatsApp-Image-2024-06-05-at-12.34.18-300x243.jpeg 300w\" sizes=\"auto, (max-width: 720px) 100vw, 720px\" \/><figcaption class=\"wp-element-caption\">Luz Achaval trabaja en el CDR de C\u00f3rdoba.<\/figcaption><\/figure>\n<\/div>\n\n\n<p>&#8220;Hoy el barco est\u00e1 a la deriva. Como cualquier persona, llegu\u00e9 a mi trabajo el d\u00eda lunes y al poner el dedo en el lector vi que no me tomaba la huella. Fue un dolor muy grande, tengo dos hijos y me encuentro en un panorama nublado, alquilo mi vivienda y no s\u00e9 c\u00f3mo vamos a seguir&#8221;, lamenta Johana.<\/p>\n\n\n\n<p>En esa l\u00ednea, la trabajadora Luz Achaval, que detenta el cupo trans del Centro de Referencia C\u00f3rdoba del ex Ministerio de Desarrollos Social, sostiene que la Ley de Bases &#8220;va en el camino de la criminalizaci\u00f3n de la protesta. Son retrocesos en materia de derechos laborales, nos impide organizarnos y pelear&#8221;.<\/p>\n\n\n\n<p>Y explica que el impacto es profundo porque &#8220;nuestro colectivo est\u00e1 marcado en la historia del pa\u00eds por la lucha, desde que nacemos hasta la muerte literalmente. Le pas\u00f3 a grandes luchadoras. Hoy nos encontramos en \u00e1mbitos como el gremial, el laboral donde antes no pod\u00edamos acceder y que se abrieron a partir de la ley de cupos. &nbsp;Lo que el gobierno quiere es hacernos perder fuerza de lucha&#8221;.<\/p>\n\n\n\n<p>El efecto es fuerte y obliga a sobrevivir a partir de estrategias que muchas veces no son las mejores, dice Achaval.<\/p>\n\n\n\n<p>&#8220;Para nuestro colectivo el puesto laboral es fundamental. Quienes ingresamos a trabajar en el Estado, si bien en mi caso entr\u00e9 con una categor\u00eda intermedia por mi t\u00edtulo universitario, generalmente lo hacemos en la categor\u00eda m\u00e1s baja, con salarios de 320 mil pesos. Por eso los despidos profundizan nuestra pobreza estructural, calando en nuestros cuerpos. Muchas volvieron a salir a realizar trabajo sexual, retomaron consumos problem\u00e1ticos, se enferman de neumon\u00eda por estar al aire libre en los fr\u00edos invierno. Si pensamos que el cupo era una pol\u00edtica vinculada a la reparaci\u00f3n de un Estado absolutamente ausente durante la historia, este gobierno viene a destruir esa reparaci\u00f3n. Y sobre todo profundizar la pobreza en las feminidades&#8221;.<\/p>\n\n\n\n<p><strong>Organizaci\u00f3n y articulaci\u00f3n<\/strong><\/p>\n\n\n\n<p>Luz Achaval destaca en ese marco que &#8220;lo gremial de ATE nos acompa\u00f1a, a diferencia de otros gremios que no pueden siquiera pensar los despidos en clave de disidencias. Desde ATE pudimos construir un dispositivo para que se atienda a la particularidad de nuestro colectivo que tiene la protecci\u00f3n de una ley especial, que contempla nuestra situaci\u00f3n. la realidad de nuestra comunidad debe contextualizarse para comprenderla y entender el ataque a nuestras vidas que implica este ajuste. El mi\u00e9rcoles pasado se realiz\u00f3 una presentaci\u00f3n en el Poder Judicial con esa perspectiva&#8221;.<\/p>\n\n\n\n<p>Por fuera de ATE, Luz ve d\u00e9ficits organizativos del colectivo, que debe retomar experiencias anteriores. &#8220;En este momento est\u00e1 complicada la organizaci\u00f3n de la disidencia sexogen\u00e9rica, en su nombre t\u00e9cnico. Somos un colectivo que sobrevive diariamente. No hay garant\u00edas para avanzar en nuestra organicidad. Nosotres construimos de otra forma, la educaci\u00f3n suele llegar m\u00e1s tarde. Son otros factores que no tienen las personas h\u00e9tero-cis. Muchas veces hay que elegir qu\u00e9 batallas dar y que organizaciones integrar&#8221;.<\/p>\n\n\n<div class=\"wp-block-image\">\n<figure class=\"aligncenter size-large is-resized\"><img loading=\"lazy\" decoding=\"async\" width=\"1024\" height=\"768\" src=\"https:\/\/atecordoba.org\/wp-content\/uploads\/2024\/06\/WhatsApp-Image-2024-06-05-at-11.54.44-3-1024x768.jpeg\" alt=\"\" class=\"wp-image-43878\" style=\"width:600px\" srcset=\"https:\/\/atecordoba.org\/wp-content\/uploads\/2024\/06\/WhatsApp-Image-2024-06-05-at-11.54.44-3-1024x768.jpeg 1024w, https:\/\/atecordoba.org\/wp-content\/uploads\/2024\/06\/WhatsApp-Image-2024-06-05-at-11.54.44-3-300x225.jpeg 300w, https:\/\/atecordoba.org\/wp-content\/uploads\/2024\/06\/WhatsApp-Image-2024-06-05-at-11.54.44-3-768x576.jpeg 768w, https:\/\/atecordoba.org\/wp-content\/uploads\/2024\/06\/WhatsApp-Image-2024-06-05-at-11.54.44-3-1536x1152.jpeg 1536w, https:\/\/atecordoba.org\/wp-content\/uploads\/2024\/06\/WhatsApp-Image-2024-06-05-at-11.54.44-3-750x563.jpeg 750w, https:\/\/atecordoba.org\/wp-content\/uploads\/2024\/06\/WhatsApp-Image-2024-06-05-at-11.54.44-3-1140x855.jpeg 1140w, https:\/\/atecordoba.org\/wp-content\/uploads\/2024\/06\/WhatsApp-Image-2024-06-05-at-11.54.44-3.jpeg 1600w\" sizes=\"auto, (max-width: 1024px) 100vw, 1024px\" \/><figcaption class=\"wp-element-caption\">Salazar, el secretario General de ATE Federico Giuliani y otra compa\u00f1era tambi\u00e9n despedida.<\/figcaption><\/figure>\n<\/div>\n\n\n<p>Y apunta que &#8220;en C\u00f3rdoba est\u00e1 funcionando una asamblea de disidencias con compa\u00f1eres que va tomando un rumbo. Pero hoy lo complejo es una articulaci\u00f3n que, producto de las condiciones que genera este gobierno nefasto, est\u00e1 &nbsp;desarticulada porque hay intereses individuales por encima de los intereses colectivos&#8221;. <\/p>\n\n\n\n<p>Para Achaval &#8220;en seis meses este gobierno ha pegado en todos los frentes. Falta la articulaci\u00f3n que supimos conseguir y debemos recuperar la horizontalidad, la educaci\u00f3n popular, el abrazo con el otro, el transmitir por qu\u00e9 estamos luchando. Milei no solo agrede al colectivo trans-travesti, el ajuste est\u00e1 afectado derechos de todos y todas: el derecho a la identidad, a la huelga, a la protesta, a comer, a trabajar&#8221;.<\/p>\n\n\n\n<p>Y por eso concluye se\u00f1alando que &#8220;hay que intervenir con discursos en la conciencia colectiva y comunitaria para llegar a pensar que estamos perdiendo derechos  no solo como las y los trabajadores estatales y agremiados: la p\u00e9rdida es para todas y todos los argentinos. Hay que volver a construir un discurso para el conjunto de la sociedad&#8221;.<\/p>\n","protected":false},"excerpt":{"rendered":"<p>El ajuste que comete el gobierno de Javier Milei en el Estado Nacional impacta de manera directa al colectivo trans-travesti y a las diversidades que durante los \u00faltimos a\u00f1os ganaron espacio en el empleo p\u00fablico a partir de la aplicaci\u00f3n de la ley de cupo, decreto presidencial 721\/2020 que prev\u00e9 que las personas travestis, transexuales [&hellip;]<\/p>\n","protected":false},"author":7,"featured_media":43894,"comment_status":"open","ping_status":"open","sticky":false,"template":"","format":"standard","meta":{"_exactmetrics_skip_tracking":false,"_exactmetrics_sitenote_active":false,"_exactmetrics_sitenote_note":"","_exactmetrics_sitenote_category":0,"jnews-multi-image_gallery":[],"jnews_single_post":{"subtitle":"\"Hoy el barco est\u00e1 a la deriva. Como cualquier persona, llegu\u00e9 a mi trabajo el d\u00eda lunes y al poner el dedo en el lector vi que no me tomaba la huella. Fue un dolor muy grande, tengo dos hijos y me encuentro en un panorama nublado, alquilo mi vivienda y no s\u00e9 c\u00f3mo vamos a seguir\", lamenta Johana Salazar, trabajadora despedida de PAMI R\u00edo Cuarto.","format":"standard","video":"","gallery":"","source_name":"","source_url":"","via_name":"","via_url":"","override_template":"0","override":[{"template":"1","single_blog_custom":"","parallax":"1","fullscreen":"1","layout":"no-sidebar-narrow","sidebar":"default-sidebar","second_sidebar":"default-sidebar","sticky_sidebar":"1","share_position":"bottom","share_float_style":"share-monocrhome","show_share_counter":"1","show_view_counter":"1","show_featured":"0","show_post_meta":"1","show_post_author":"0","show_post_author_image":"1","show_post_date":"1","post_date_format":"default","post_date_format_custom":"Y\/m\/d","show_post_category":"1","show_post_reading_time":"0","post_reading_time_wpm":"300","show_zoom_button":"0","zoom_button_out_step":"2","zoom_button_in_step":"3","show_post_tag":"1","show_prev_next_post":"0","show_popup_post":"0","number_popup_post":"1","show_author_box":"0","show_post_related":"1","show_inline_post_related":"0"}],"override_image_size":"0","image_override":[{"single_post_thumbnail_size":"crop-500","single_post_gallery_size":"crop-500"}],"trending_post":"0","trending_post_position":"meta","trending_post_label":"Trending","sponsored_post":"0","sponsored_post_label":"Sponsored by","sponsored_post_name":"","sponsored_post_url":"","sponsored_post_logo_enable":"0","sponsored_post_logo":"","sponsored_post_desc":"","disable_ad":"0"},"jnews_primary_category":{"id":"","hide":""},"jnews_social_meta":{"fb_title":"","fb_description":"","fb_image":"","twitter_title":"","twitter_description":"","twitter_image":""},"jnews_review":[],"enable_review":"0","type":"percentage","name":"","summary":"","brand":"","sku":"","good":[{"good_text":""}],"bad":[{"bad_text":""}],"score_override":"0","override_value":"","rating":[{"rating_text":"","rating_number":"10"}],"price":[{"shop":"","price":"","link":"","icon":""}],"jnews_override_counter":{"override_view_counter":"0","view_counter_number":"0","override_share_counter":"0","share_counter_number":"0","override_like_counter":"0","like_counter_number":"0","override_dislike_counter":"0","dislike_counter_number":"0"},"jnews_post_split":{"enable_post_split":"0","post_split":[{"template":"1","tag":"h2","numbering":"asc","mode":"normal","first":"0","enable_toc":"0","toc_type":"normal"}]},"footnotes":""},"categories":[325],"tags":[],"class_list":["post-43867","post","type-post","status-publish","format-standard","has-post-thumbnail","hentry","category-generos-y-diversidades"],"jetpack_featured_media_url":"https:\/\/atecordoba.org\/wp-content\/uploads\/2024\/06\/WhatsApp-Image-2024-06-05-at-12.34.18-1-e1717611060115.jpeg","_links":{"self":[{"href":"https:\/\/atecordoba.org\/index.php?rest_route=\/wp\/v2\/posts\/43867","targetHints":{"allow":["GET"]}}],"collection":[{"href":"https:\/\/atecordoba.org\/index.php?rest_route=\/wp\/v2\/posts"}],"about":[{"href":"https:\/\/atecordoba.org\/index.php?rest_route=\/wp\/v2\/types\/post"}],"author":[{"embeddable":true,"href":"https:\/\/atecordoba.org\/index.php?rest_route=\/wp\/v2\/users\/7"}],"replies":[{"embeddable":true,"href":"https:\/\/atecordoba.org\/index.php?rest_route=%2Fwp%2Fv2%2Fcomments&post=43867"}],"version-history":[{"count":5,"href":"https:\/\/atecordoba.org\/index.php?rest_route=\/wp\/v2\/posts\/43867\/revisions"}],"predecessor-version":[{"id":43903,"href":"https:\/\/atecordoba.org\/index.php?rest_route=\/wp\/v2\/posts\/43867\/revisions\/43903"}],"wp:featuredmedia":[{"embeddable":true,"href":"https:\/\/atecordoba.org\/index.php?rest_route=\/wp\/v2\/media\/43894"}],"wp:attachment":[{"href":"https:\/\/atecordoba.org\/index.php?rest_route=%2Fwp%2Fv2%2Fmedia&parent=43867"}],"wp:term":[{"taxonomy":"category","embeddable":true,"href":"https:\/\/atecordoba.org\/index.php?rest_route=%2Fwp%2Fv2%2Fcategories&post=43867"},{"taxonomy":"post_tag","embeddable":true,"href":"https:\/\/atecordoba.org\/index.php?rest_route=%2Fwp%2Fv2%2Ftags&post=43867"}],"curies":[{"name":"wp","href":"https:\/\/api.w.org\/{rel}","templated":true}]}}