{"id":43811,"date":"2024-06-04T11:38:28","date_gmt":"2024-06-04T14:38:28","guid":{"rendered":"https:\/\/atecordoba.org\/?p=43811"},"modified":"2024-06-04T11:38:29","modified_gmt":"2024-06-04T14:38:29","slug":"solidaridad-con-el-partido-obrero-allanado-en-otro-caso-de-acoso-judicial","status":"publish","type":"post","link":"https:\/\/atecordoba.org\/?p=43811","title":{"rendered":"Solidaridad con el Partido Obrero, allanado en otro caso de acoso judicial"},"content":{"rendered":"<div class=\"wp-block-image\">\n<figure class=\"alignleft size-full\"><img loading=\"lazy\" decoding=\"async\" width=\"482\" height=\"321\" src=\"https:\/\/atecordoba.org\/wp-content\/uploads\/2024\/06\/partido-obrero.webp\" alt=\"\" class=\"wp-image-43812\" srcset=\"https:\/\/atecordoba.org\/wp-content\/uploads\/2024\/06\/partido-obrero.webp 482w, https:\/\/atecordoba.org\/wp-content\/uploads\/2024\/06\/partido-obrero-300x200.webp 300w\" sizes=\"auto, (max-width: 482px) 100vw, 482px\" \/><\/figure>\n<\/div>\n\n\n<p>ATE se solidariza con le Partido Obrero, cuya sede central en Capital Federal fue allanada ayer, en un episodio que la organizaci\u00f3n describi\u00f3 como una &#8220;escalada de persecuci\u00f3n pol\u00edtica contra los sectores opositores que rechazamos y luchamos contra la pol\u00edtica antiobrera y de ajuste del gobierno nacional&#8221;. <\/p>\n\n\n\n<p>En ese marco, el Partido Obrero anticip\u00f3 que &#8220;concurriremos a la Corte Interamericana de Derechos Humanos para denunciar al Estado Nacional, entendiendo que est\u00e1n en juego las libertades democr\u00e1ticas consagradas en la Constituci\u00f3n Nacional. Esta persecuci\u00f3n viene escalando, a partir del ataque del presidente de la Naci\u00f3n contra los sectores combativos y particularmente contra Eduardo Belliboni, a quien llam\u00f3 a exterminar en una publicaci\u00f3n realizada en sus propias redes sociales. Publicaci\u00f3n que denunciamos y que la Justicia Federal nunca investig\u00f3. Luego, el amedrentamiento para evitar la movilizaci\u00f3n del 20 de diciembre, la apertura de la l\u00ednea 134 para montar denuncias contra el movimiento piquetero y posteriormente casi 30 allanamientos y pinchaduras de tel\u00e9fonos contra el Polo Obrero, el FOL y Barrios de Pie&#8221;.<\/p>\n\n\n\n<p>As\u00ed, organizaciones y dirigentes que resisten el ajuste, sea en C\u00f3rdoba como es el caso de nuestro secretario General Federico Giuliani, o la Capital Federal, son v\u00edctimas del Poder Judicial como brazo operativo de la persecuci\u00f3n pol\u00edtica de gobiernos reaccionarios que no aceptan el disenso y reniegan del derecho constitucional a la protesta.<\/p>\n\n\n\n<p>Nuestra solidaridad con el Partido Obrero, sus militantes y dirigentes. <\/p>\n\n\n\n<p><\/p>\n","protected":false},"excerpt":{"rendered":"<p>ATE se solidariza con le Partido Obrero, cuya sede central en Capital Federal fue allanada ayer, en un episodio que la organizaci\u00f3n describi\u00f3 como una &#8220;escalada de persecuci\u00f3n pol\u00edtica contra los sectores opositores que rechazamos y luchamos contra la pol\u00edtica antiobrera y de ajuste del gobierno nacional&#8221;. En ese marco, el Partido Obrero anticip\u00f3 que [&hellip;]<\/p>\n","protected":false},"author":7,"featured_media":43812,"comment_status":"open","ping_status":"open","sticky":false,"template":"","format":"standard","meta":{"_exactmetrics_skip_tracking":false,"_exactmetrics_sitenote_active":false,"_exactmetrics_sitenote_note":"","_exactmetrics_sitenote_category":0,"jnews-multi-image_gallery":[],"jnews_single_post":{"subtitle":"Organizaciones y dirigentes son v\u00edctimas del Poder Judicial como brazo operativo de la persecuci\u00f3n pol\u00edtica de gobiernos reaccionarios que no aceptan el disenso y reniegan del derecho constitucional a la protesta.","format":"standard","video":"","gallery":"","source_name":"","source_url":"","via_name":"","via_url":"","override_template":"0","override":[{"template":"1","single_blog_custom":"","parallax":"1","fullscreen":"1","layout":"no-sidebar-narrow","sidebar":"default-sidebar","second_sidebar":"default-sidebar","sticky_sidebar":"1","share_position":"bottom","share_float_style":"share-monocrhome","show_share_counter":"1","show_view_counter":"1","show_featured":"0","show_post_meta":"1","show_post_author":"0","show_post_author_image":"1","show_post_date":"1","post_date_format":"default","post_date_format_custom":"Y\/m\/d","show_post_category":"1","show_post_reading_time":"0","post_reading_time_wpm":"300","show_zoom_button":"0","zoom_button_out_step":"2","zoom_button_in_step":"3","show_post_tag":"1","show_prev_next_post":"0","show_popup_post":"0","number_popup_post":"1","show_author_box":"0","show_post_related":"1","show_inline_post_related":"0"}],"override_image_size":"0","image_override":[{"single_post_thumbnail_size":"crop-500","single_post_gallery_size":"crop-500"}],"trending_post":"0","trending_post_position":"meta","trending_post_label":"Trending","sponsored_post":"0","sponsored_post_label":"Sponsored by","sponsored_post_name":"","sponsored_post_url":"","sponsored_post_logo_enable":"0","sponsored_post_logo":"","sponsored_post_desc":"","disable_ad":"0"},"jnews_primary_category":{"id":"","hide":""},"jnews_social_meta":{"fb_title":"","fb_description":"","fb_image":"","twitter_title":"","twitter_description":"","twitter_image":""},"jnews_review":[],"enable_review":"0","type":"percentage","name":"","summary":"","brand":"","sku":"","good":[{"good_text":""}],"bad":[{"bad_text":""}],"score_override":"0","override_value":"","rating":[{"rating_text":"","rating_number":"10"}],"price":[{"shop":"","price":"","link":"","icon":""}],"jnews_override_counter":{"override_view_counter":"0","view_counter_number":"0","override_share_counter":"0","share_counter_number":"0","override_like_counter":"0","like_counter_number":"0","override_dislike_counter":"0","dislike_counter_number":"0"},"jnews_post_split":{"enable_post_split":"0","post_split":[{"template":"1","tag":"h2","numbering":"asc","mode":"normal","first":"0","enable_toc":"0","toc_type":"normal"}]},"footnotes":""},"categories":[10],"tags":[],"class_list":["post-43811","post","type-post","status-publish","format-standard","has-post-thumbnail","hentry","category-accion-politica"],"jetpack_featured_media_url":"https:\/\/atecordoba.org\/wp-content\/uploads\/2024\/06\/partido-obrero.webp","_links":{"self":[{"href":"https:\/\/atecordoba.org\/index.php?rest_route=\/wp\/v2\/posts\/43811","targetHints":{"allow":["GET"]}}],"collection":[{"href":"https:\/\/atecordoba.org\/index.php?rest_route=\/wp\/v2\/posts"}],"about":[{"href":"https:\/\/atecordoba.org\/index.php?rest_route=\/wp\/v2\/types\/post"}],"author":[{"embeddable":true,"href":"https:\/\/atecordoba.org\/index.php?rest_route=\/wp\/v2\/users\/7"}],"replies":[{"embeddable":true,"href":"https:\/\/atecordoba.org\/index.php?rest_route=%2Fwp%2Fv2%2Fcomments&post=43811"}],"version-history":[{"count":1,"href":"https:\/\/atecordoba.org\/index.php?rest_route=\/wp\/v2\/posts\/43811\/revisions"}],"predecessor-version":[{"id":43813,"href":"https:\/\/atecordoba.org\/index.php?rest_route=\/wp\/v2\/posts\/43811\/revisions\/43813"}],"wp:featuredmedia":[{"embeddable":true,"href":"https:\/\/atecordoba.org\/index.php?rest_route=\/wp\/v2\/media\/43812"}],"wp:attachment":[{"href":"https:\/\/atecordoba.org\/index.php?rest_route=%2Fwp%2Fv2%2Fmedia&parent=43811"}],"wp:term":[{"taxonomy":"category","embeddable":true,"href":"https:\/\/atecordoba.org\/index.php?rest_route=%2Fwp%2Fv2%2Fcategories&post=43811"},{"taxonomy":"post_tag","embeddable":true,"href":"https:\/\/atecordoba.org\/index.php?rest_route=%2Fwp%2Fv2%2Ftags&post=43811"}],"curies":[{"name":"wp","href":"https:\/\/api.w.org\/{rel}","templated":true}]}}