{"id":43807,"date":"2024-06-04T10:45:25","date_gmt":"2024-06-04T13:45:25","guid":{"rendered":"https:\/\/atecordoba.org\/?p=43807"},"modified":"2024-06-04T10:45:26","modified_gmt":"2024-06-04T13:45:26","slug":"acoso-judicial-solidaridad-de-la-clate-con-federico-giuliani","status":"publish","type":"post","link":"https:\/\/atecordoba.org\/?p=43807","title":{"rendered":"Acoso judicial: Solidaridad de la CLATE con Federico Giuliani"},"content":{"rendered":"<div class=\"wp-block-image\">\n<figure class=\"aligncenter size-full is-resized\"><img decoding=\"async\" src=\"https:\/\/atecordoba.org\/wp-content\/uploads\/2024\/06\/clateoficial.jpg\" alt=\"\" class=\"wp-image-43808\" style=\"width:600px\" \/><\/figure>\n<\/div>\n\n\n<p>\u201cEl Comit\u00e9 Ejecutivo de la Confederaci\u00f3n Latinoamericana y del Caribe de Trabajadores Estatales (CLATE), reunido en Willemstad, Curazao, resuelve:<\/p>\n\n\n\n<p>\u201cSolidarizarse con los trabajadores y trabajadoras estatales criminalizados por ejercer el derecho de huelga y la protesta en la Argentina, quienes son sometidos a procesos judiciales por manifestarse contras las pol\u00edticas regresivas del&nbsp; gobierno de Javier Milei.<\/p>\n\n\n\n<p>\u201cLa CLATE repudia este accionar represivo y respalda a las organizaciones sindicales que protagonizan el rechazo a estas pol\u00edticas neoliberales, en defensa de los puestos de trabajo, la negociaci\u00f3n colectiva, los salarios dignos y las pol\u00edticas p\u00fablicas en beneficio de nuestros pueblos.<\/p>\n\n\n\n<p>\u201cEn este contexto, como consecuencias de una protesta en la ciudad de C\u00f3rdoba, el Secretario General de la Asociaci\u00f3n Trabajadores del Estado (ATE C\u00f3rdoba), compa\u00f1ero Federico Giuliani, est\u00e1 siendo perseguido por encabezar la resistencia en esa provincia. Repudiamos su criminalizaci\u00f3n y enviamos nuestro apoyo fraternal a esa y a todas las luchas de los estatales de Argentina\u201d.<\/p>\n\n\n\n<p><\/p>\n","protected":false},"excerpt":{"rendered":"<p>\u201cEl Comit\u00e9 Ejecutivo de la Confederaci\u00f3n Latinoamericana y del Caribe de Trabajadores Estatales (CLATE), reunido en Willemstad, Curazao, resuelve: \u201cSolidarizarse con los trabajadores y trabajadoras estatales criminalizados por ejercer el derecho de huelga y la protesta en la Argentina, quienes son sometidos a procesos judiciales por manifestarse contras las pol\u00edticas regresivas del&nbsp; gobierno de Javier [&hellip;]<\/p>\n","protected":false},"author":7,"featured_media":43808,"comment_status":"open","ping_status":"open","sticky":false,"template":"","format":"standard","meta":{"_exactmetrics_skip_tracking":false,"_exactmetrics_sitenote_active":false,"_exactmetrics_sitenote_note":"","_exactmetrics_sitenote_category":0,"jnews-multi-image_gallery":[],"jnews_single_post":{"subtitle":"El organismo internacional se solidariz\u00f3 con los trabajadores y trabajadoras estatales criminalizados por ejercer el derecho de huelga y la protesta en la Argentina, sometidos a procesos judiciales por manifestarse contras las pol\u00edticas regresivas del\u00a0 gobierno de Javier Milei.","format":"standard","video":"","gallery":"","source_name":"","source_url":"","via_name":"","via_url":"","override_template":"0","override":[{"template":"1","single_blog_custom":"","parallax":"1","fullscreen":"1","layout":"no-sidebar-narrow","sidebar":"default-sidebar","second_sidebar":"default-sidebar","sticky_sidebar":"1","share_position":"bottom","share_float_style":"share-monocrhome","show_share_counter":"1","show_view_counter":"1","show_featured":"0","show_post_meta":"1","show_post_author":"0","show_post_author_image":"1","show_post_date":"1","post_date_format":"default","post_date_format_custom":"Y\/m\/d","show_post_category":"1","show_post_reading_time":"0","post_reading_time_wpm":"300","show_zoom_button":"0","zoom_button_out_step":"2","zoom_button_in_step":"3","show_post_tag":"1","show_prev_next_post":"0","show_popup_post":"0","number_popup_post":"1","show_author_box":"0","show_post_related":"1","show_inline_post_related":"0"}],"override_image_size":"0","image_override":[{"single_post_thumbnail_size":"crop-500","single_post_gallery_size":"crop-500"}],"trending_post":"0","trending_post_position":"meta","trending_post_label":"Trending","sponsored_post":"0","sponsored_post_label":"Sponsored by","sponsored_post_name":"","sponsored_post_url":"","sponsored_post_logo_enable":"0","sponsored_post_logo":"","sponsored_post_desc":"","disable_ad":"0"},"jnews_primary_category":{"id":"","hide":""},"jnews_social_meta":{"fb_title":"","fb_description":"","fb_image":"","twitter_title":"","twitter_description":"","twitter_image":""},"jnews_review":[],"enable_review":"0","type":"percentage","name":"","summary":"","brand":"","sku":"","good":[{"good_text":""}],"bad":[{"bad_text":""}],"score_override":"0","override_value":"","rating":[{"rating_text":"","rating_number":"10"}],"price":[{"shop":"","price":"","link":"","icon":""}],"jnews_override_counter":{"override_view_counter":"0","view_counter_number":"0","override_share_counter":"0","share_counter_number":"0","override_like_counter":"0","like_counter_number":"0","override_dislike_counter":"0","dislike_counter_number":"0"},"jnews_post_split":{"enable_post_split":"0","post_split":[{"template":"1","tag":"h2","numbering":"asc","mode":"normal","first":"0","enable_toc":"0","toc_type":"normal"}]},"footnotes":""},"categories":[10],"tags":[],"class_list":["post-43807","post","type-post","status-publish","format-standard","has-post-thumbnail","hentry","category-accion-politica"],"jetpack_featured_media_url":"https:\/\/atecordoba.org\/wp-content\/uploads\/2024\/06\/clateoficial-e1717508710840.jpg","_links":{"self":[{"href":"https:\/\/atecordoba.org\/index.php?rest_route=\/wp\/v2\/posts\/43807","targetHints":{"allow":["GET"]}}],"collection":[{"href":"https:\/\/atecordoba.org\/index.php?rest_route=\/wp\/v2\/posts"}],"about":[{"href":"https:\/\/atecordoba.org\/index.php?rest_route=\/wp\/v2\/types\/post"}],"author":[{"embeddable":true,"href":"https:\/\/atecordoba.org\/index.php?rest_route=\/wp\/v2\/users\/7"}],"replies":[{"embeddable":true,"href":"https:\/\/atecordoba.org\/index.php?rest_route=%2Fwp%2Fv2%2Fcomments&post=43807"}],"version-history":[{"count":1,"href":"https:\/\/atecordoba.org\/index.php?rest_route=\/wp\/v2\/posts\/43807\/revisions"}],"predecessor-version":[{"id":43809,"href":"https:\/\/atecordoba.org\/index.php?rest_route=\/wp\/v2\/posts\/43807\/revisions\/43809"}],"wp:featuredmedia":[{"embeddable":true,"href":"https:\/\/atecordoba.org\/index.php?rest_route=\/wp\/v2\/media\/43808"}],"wp:attachment":[{"href":"https:\/\/atecordoba.org\/index.php?rest_route=%2Fwp%2Fv2%2Fmedia&parent=43807"}],"wp:term":[{"taxonomy":"category","embeddable":true,"href":"https:\/\/atecordoba.org\/index.php?rest_route=%2Fwp%2Fv2%2Fcategories&post=43807"},{"taxonomy":"post_tag","embeddable":true,"href":"https:\/\/atecordoba.org\/index.php?rest_route=%2Fwp%2Fv2%2Ftags&post=43807"}],"curies":[{"name":"wp","href":"https:\/\/api.w.org\/{rel}","templated":true}]}}