{"id":43798,"date":"2024-06-04T10:39:58","date_gmt":"2024-06-04T13:39:58","guid":{"rendered":"https:\/\/atecordoba.org\/?p=43798"},"modified":"2024-06-04T10:40:48","modified_gmt":"2024-06-04T13:40:48","slug":"ate-anuncio-el-primer-paro-nacional-y-movilizacion-contra-la-ley-bases","status":"publish","type":"post","link":"https:\/\/atecordoba.org\/?p=43798","title":{"rendered":"ATE anunci\u00f3 el primer Paro Nacional y Movilizaci\u00f3n contra la Ley Bases"},"content":{"rendered":"<div class=\"wp-block-image\">\n<figure class=\"aligncenter size-full is-resized\"><img loading=\"lazy\" decoding=\"async\" width=\"1024\" height=\"580\" src=\"https:\/\/atecordoba.org\/wp-content\/uploads\/2024\/06\/congresonacionalATE.jpg\" alt=\"\" class=\"wp-image-43799\" style=\"width:600px\" srcset=\"https:\/\/atecordoba.org\/wp-content\/uploads\/2024\/06\/congresonacionalATE.jpg 1024w, https:\/\/atecordoba.org\/wp-content\/uploads\/2024\/06\/congresonacionalATE-300x170.jpg 300w, https:\/\/atecordoba.org\/wp-content\/uploads\/2024\/06\/congresonacionalATE-768x435.jpg 768w, https:\/\/atecordoba.org\/wp-content\/uploads\/2024\/06\/congresonacionalATE-750x425.jpg 750w\" sizes=\"auto, (max-width: 1024px) 100vw, 1024px\" \/><\/figure>\n<\/div>\n\n\n<p>ATE anticip\u00f3 parte de su agenda para junio y, como punto fundamental, adelant\u00f3 que llevar\u00e1 adelante un paro nacional con movilizaci\u00f3n al Congreso de la Naci\u00f3n el d\u00eda en que se debata en el Senado la Ley Bases.<\/p>\n\n\n\n<p>Hace d\u00edas que nuestra conducci\u00f3n nacional resolvi\u00f3 decretar el estado de alerta por los pr\u00f3ximos despidos que ya anunci\u00f3 la gesti\u00f3n libertaria para el 30 de junio, el d\u00eda que entren en vencimiento miles de contratos que se renovaron solo por tres meses el pasado 31 de marzo. La c\u00fapula de&nbsp;encabeza el secretario General de ATE nacional, Rodolfo Aguiar, mantuvo reuniones internas para empezar a diagramar el futuro, con asambleas y congresos.<\/p>\n\n\n\n<p>De esos encuentros surgi\u00f3 la posibilidad de volver a manifestarse contra el oficialismo y, por sobre todo, realizar una medida de fuerza contundente, para volver a confrontar de manera directa con una gesti\u00f3n de Gobierno que no sostiene ning\u00fan v\u00ednculo. Todo ser\u00e1 el d\u00eda que se debata ley pol\u00e9mica Ley Bases&nbsp;en el Congreso.<\/p>\n\n\n\n<p><strong>Ley de Bases, una tragedia<\/strong><\/p>\n\n\n<div class=\"wp-block-image\">\n<figure class=\"alignleft size-full is-resized\"><img loading=\"lazy\" decoding=\"async\" width=\"1024\" height=\"576\" src=\"https:\/\/atecordoba.org\/wp-content\/uploads\/2024\/06\/aguiar-brazos-cruzados.jpg\" alt=\"\" class=\"wp-image-43800\" style=\"width:400px\" srcset=\"https:\/\/atecordoba.org\/wp-content\/uploads\/2024\/06\/aguiar-brazos-cruzados.jpg 1024w, https:\/\/atecordoba.org\/wp-content\/uploads\/2024\/06\/aguiar-brazos-cruzados-300x169.jpg 300w, https:\/\/atecordoba.org\/wp-content\/uploads\/2024\/06\/aguiar-brazos-cruzados-768x432.jpg 768w, https:\/\/atecordoba.org\/wp-content\/uploads\/2024\/06\/aguiar-brazos-cruzados-750x422.jpg 750w\" sizes=\"auto, (max-width: 1024px) 100vw, 1024px\" \/><figcaption class=\"wp-element-caption\"><em>Aguiar anticip\u00f3 una postura firme de ATE contra la Ley Bases y el nuevo plan de despidos masivos.<\/em><\/figcaption><\/figure>\n<\/div>\n\n\n<p>Para Aguiar, que cuenta con el respaldo de los dirigentes del interior, no hay dudas: \u201cSi esta norma es aprobada, ser\u00e1 una tragedia para los trabajadores. Se intenta habilitar el saqueo sin l\u00edmites de todas las riquezas de nuestro pa\u00eds\u201d.<\/p>\n\n\n\n<p>\u201cEsta iniciativa que va a ser llevada al recinto contiene una reforma laboral absolutamente regresiva en materia de derechos, y particularmente en el empleo p\u00fablico contempla un retroceso, de manera directa y sin escalas, a la \u00faltima dictadura militar\u00bb, dijo Aguiar.<\/p>\n\n\n\n<p>\u00abSe trata de una norma que intenta habilitar el saqueo sin l\u00edmites de todas las riquezas de nuestro pa\u00eds\u201d, agreg\u00f3.<\/p>\n\n\n\n<p>Tambi\u00e9n les mand\u00f3 un mensaje a los legisladores que deber\u00e1n votar lo que, de manera poco clara, obtuvo dictamen para su tratamiento en el recinto. \u201cEl d\u00eda que se debata, nos vamos a movilizar de manera masiva al Congreso para exigirle a los senadores su completo rechazo\u201d, expres\u00f3.<\/p>\n\n\n\n<p>La normativa que recibi\u00f3 dictamen en la C\u00e1mara alta la semana pasada consagra una reforma del Estado que pone en disponibilidad incluso a los trabajadores de la planta permanente, incumpliendo con todas las normas de estabilidad laboral contempladas en la Constituci\u00f3n Nacional.&nbsp;Esto es algo que resaltaron abogados laboralistas de todas las tendencias pol\u00edticas.<\/p>\n\n\n\n<p><strong>Despidos<\/strong><\/p>\n\n\n<div class=\"wp-block-image\">\n<figure class=\"alignright size-large is-resized\"><img loading=\"lazy\" decoding=\"async\" width=\"1024\" height=\"576\" src=\"https:\/\/atecordoba.org\/wp-content\/uploads\/2024\/06\/Imagen-de-WhatsApp-2024-03-21-a-las-11.10.30_3e1f5c57-1-1024x576.jpg\" alt=\"\" class=\"wp-image-43802\" style=\"width:400px\" \/><\/figure>\n<\/div>\n\n\n<p>Adem\u00e1s de manifestarse contra la \u00abnueva\u00bb ley \u00f3mnibus, el sindicato ya defini\u00f3 nuevas medidas de fuerza ante la amenaza de nuevos despidos el 30 de junio, ya anunciados por el Gobierno.<\/p>\n\n\n\n<p>\u201cTenemos que impedir que el Gobierno cumpla con su amenaza de una nueva ola de despidos a fin de junio -sentenci\u00f3 Aguiar-. Por eso, vamos a realizar una medida de fuerza nacional en los d\u00edas previos al vencimiento de todos los contratos. El Gobierno sigue empecinado en destruir el empleo p\u00fablico y nosotros lo tenemos que evitar\u201d.<\/p>\n\n\n\n<p>En la cuerda floja, de acuerdo con el plan del Ejecutivo de Javier Milei, hay m\u00e1s de 60 mil trabajadores de la planta transitoria del Estado cuyos v\u00ednculos laborales, renovados tan s\u00f3lo por 90 d\u00edas por decisi\u00f3n del Gobierno, finalizan a fines de junio.<\/p>\n\n\n\n<p>Entre otras resoluciones, el sindicato tambi\u00e9n decidi\u00f3 por unanimidad realizar una nueva Jornada Nacional de Lucha con movilizaci\u00f3n al Ministerio de Defensa, a Agricultura Familiar y a Expoagro, con fechas a definir.<\/p>\n\n\n\n<p><sup>(fuente: ctaacordoba.org)<\/sup><\/p>\n","protected":false},"excerpt":{"rendered":"<p>ATE anticip\u00f3 parte de su agenda para junio y, como punto fundamental, adelant\u00f3 que llevar\u00e1 adelante un paro nacional con movilizaci\u00f3n al Congreso de la Naci\u00f3n el d\u00eda en que se debata en el Senado la Ley Bases. Hace d\u00edas que nuestra conducci\u00f3n nacional resolvi\u00f3 decretar el estado de alerta por los pr\u00f3ximos despidos que [&hellip;]<\/p>\n","protected":false},"author":7,"featured_media":43802,"comment_status":"open","ping_status":"open","sticky":false,"template":"","format":"standard","meta":{"_exactmetrics_skip_tracking":false,"_exactmetrics_sitenote_active":false,"_exactmetrics_sitenote_note":"","_exactmetrics_sitenote_category":0,"jnews-multi-image_gallery":[],"jnews_single_post":{"subtitle":"Sin di\u00e1logo con el Gobierno, ATE impulsa la ca\u00edda del proyecto de Ley Bases.","format":"standard","video":"","gallery":"","source_name":"","source_url":"","via_name":"","via_url":"","override_template":"0","override":[{"template":"1","single_blog_custom":"","parallax":"1","fullscreen":"1","layout":"no-sidebar-narrow","sidebar":"default-sidebar","second_sidebar":"default-sidebar","sticky_sidebar":"1","share_position":"bottom","share_float_style":"share-monocrhome","show_share_counter":"1","show_view_counter":"1","show_featured":"0","show_post_meta":"1","show_post_author":"0","show_post_author_image":"1","show_post_date":"1","post_date_format":"default","post_date_format_custom":"Y\/m\/d","show_post_category":"1","show_post_reading_time":"0","post_reading_time_wpm":"300","show_zoom_button":"0","zoom_button_out_step":"2","zoom_button_in_step":"3","show_post_tag":"1","show_prev_next_post":"0","show_popup_post":"0","number_popup_post":"1","show_author_box":"0","show_post_related":"1","show_inline_post_related":"0"}],"override_image_size":"0","image_override":[{"single_post_thumbnail_size":"crop-500","single_post_gallery_size":"crop-500"}],"trending_post":"0","trending_post_position":"meta","trending_post_label":"Trending","sponsored_post":"0","sponsored_post_label":"Sponsored by","sponsored_post_name":"","sponsored_post_url":"","sponsored_post_logo_enable":"0","sponsored_post_logo":"","sponsored_post_desc":"","disable_ad":"0"},"jnews_primary_category":{"id":"","hide":""},"jnews_social_meta":{"fb_title":"","fb_description":"","fb_image":"","twitter_title":"","twitter_description":"","twitter_image":""},"jnews_review":[],"enable_review":"0","type":"percentage","name":"","summary":"","brand":"","sku":"","good":[{"good_text":""}],"bad":[{"bad_text":""}],"score_override":"0","override_value":"","rating":[{"rating_text":"","rating_number":"10"}],"price":[{"shop":"","price":"","link":"","icon":""}],"jnews_override_counter":{"override_view_counter":"0","view_counter_number":"0","override_share_counter":"0","share_counter_number":"0","override_like_counter":"0","like_counter_number":"0","override_dislike_counter":"0","dislike_counter_number":"0"},"jnews_post_split":{"enable_post_split":"0","post_split":[{"template":"1","tag":"h2","numbering":"asc","mode":"normal","first":"0","enable_toc":"0","toc_type":"normal"}]},"footnotes":""},"categories":[756],"tags":[],"class_list":["post-43798","post","type-post","status-publish","format-standard","has-post-thumbnail","hentry","category-consejo-directivo-nacional-cdn"],"jetpack_featured_media_url":"https:\/\/atecordoba.org\/wp-content\/uploads\/2024\/06\/Imagen-de-WhatsApp-2024-03-21-a-las-11.10.30_3e1f5c57-1-e1717508392945.jpg","_links":{"self":[{"href":"https:\/\/atecordoba.org\/index.php?rest_route=\/wp\/v2\/posts\/43798","targetHints":{"allow":["GET"]}}],"collection":[{"href":"https:\/\/atecordoba.org\/index.php?rest_route=\/wp\/v2\/posts"}],"about":[{"href":"https:\/\/atecordoba.org\/index.php?rest_route=\/wp\/v2\/types\/post"}],"author":[{"embeddable":true,"href":"https:\/\/atecordoba.org\/index.php?rest_route=\/wp\/v2\/users\/7"}],"replies":[{"embeddable":true,"href":"https:\/\/atecordoba.org\/index.php?rest_route=%2Fwp%2Fv2%2Fcomments&post=43798"}],"version-history":[{"count":2,"href":"https:\/\/atecordoba.org\/index.php?rest_route=\/wp\/v2\/posts\/43798\/revisions"}],"predecessor-version":[{"id":43805,"href":"https:\/\/atecordoba.org\/index.php?rest_route=\/wp\/v2\/posts\/43798\/revisions\/43805"}],"wp:featuredmedia":[{"embeddable":true,"href":"https:\/\/atecordoba.org\/index.php?rest_route=\/wp\/v2\/media\/43802"}],"wp:attachment":[{"href":"https:\/\/atecordoba.org\/index.php?rest_route=%2Fwp%2Fv2%2Fmedia&parent=43798"}],"wp:term":[{"taxonomy":"category","embeddable":true,"href":"https:\/\/atecordoba.org\/index.php?rest_route=%2Fwp%2Fv2%2Fcategories&post=43798"},{"taxonomy":"post_tag","embeddable":true,"href":"https:\/\/atecordoba.org\/index.php?rest_route=%2Fwp%2Fv2%2Ftags&post=43798"}],"curies":[{"name":"wp","href":"https:\/\/api.w.org\/{rel}","templated":true}]}}