{"id":43788,"date":"2024-06-03T13:12:23","date_gmt":"2024-06-03T16:12:23","guid":{"rendered":"https:\/\/atecordoba.org\/?p=43788"},"modified":"2024-06-03T13:12:24","modified_gmt":"2024-06-03T16:12:24","slug":"encuentro-de-formacion-de-mujeres-y-diversidades-de-todas-las-provincias-en-ate-nacional","status":"publish","type":"post","link":"https:\/\/atecordoba.org\/?p=43788","title":{"rendered":"Encuentro de formaci\u00f3n de mujeres y diversidades de todas las provincias en ATE Nacional"},"content":{"rendered":"<div class=\"wp-block-image\">\n<figure class=\"aligncenter size-large is-resized\"><img loading=\"lazy\" decoding=\"async\" width=\"1024\" height=\"768\" src=\"https:\/\/atecordoba.org\/wp-content\/uploads\/2024\/06\/IMG-20240603-WA0018-1024x768.jpg\" alt=\"\" class=\"wp-image-43789\" style=\"width:600px\" srcset=\"https:\/\/atecordoba.org\/wp-content\/uploads\/2024\/06\/IMG-20240603-WA0018-1024x768.jpg 1024w, https:\/\/atecordoba.org\/wp-content\/uploads\/2024\/06\/IMG-20240603-WA0018-300x225.jpg 300w, https:\/\/atecordoba.org\/wp-content\/uploads\/2024\/06\/IMG-20240603-WA0018-768x576.jpg 768w, https:\/\/atecordoba.org\/wp-content\/uploads\/2024\/06\/IMG-20240603-WA0018-750x563.jpg 750w, https:\/\/atecordoba.org\/wp-content\/uploads\/2024\/06\/IMG-20240603-WA0018-1140x855.jpg 1140w, https:\/\/atecordoba.org\/wp-content\/uploads\/2024\/06\/IMG-20240603-WA0018.jpg 1288w\" sizes=\"auto, (max-width: 1024px) 100vw, 1024px\" \/><\/figure>\n<\/div>\n\n\n<p>El viernes pasado se realiz\u00f3 la Jornada de Acci\u00f3n Pol\u00edtica y Formaci\u00f3n, organizada por ATE desde la Secretar\u00eda de G\u00e9neros y Diversidad a cargo de Clarisa Gambera y la Secretar\u00eda de Derechos Humanos por Valeria Taramasco. Una delegaci\u00f3n cordobesa particip\u00f3 del encuentro militante, integrada por la vocal de la conducci\u00f3n nacional, Julia Giuliani, la secretaria Adjunta del Consejo Directivo Provincial, Gabriela Alcoba, y la secretaria de G\u00e9nero de ATE C\u00f3rdoba, Maria Spaventa, entre otras.<\/p>\n\n\n\n<p>En la oportunidad, se puso en com\u00fan el impacto del DNU, el programa de ajuste y el desguace del Estado y las razones por las que las trabajadoras rechazan el proyecto de Ley Bases. El encuentro se produjo en una carpa abierta frente al Congreso de la Naci\u00f3n.<\/p>\n\n\n<div class=\"wp-block-image\">\n<figure class=\"aligncenter size-large is-resized\"><img loading=\"lazy\" decoding=\"async\" width=\"1024\" height=\"768\" src=\"https:\/\/atecordoba.org\/wp-content\/uploads\/2024\/06\/IMG-20240603-WA0024-1024x768.jpg\" alt=\"\" class=\"wp-image-43793\" style=\"width:600px\" \/><\/figure>\n<\/div>\n\n\n<p>Tambi\u00e9n se realiz\u00f3 un homenaje a Nora Corti\u00f1as a cargo de Liliana Leyes de G\u00e9nero y Diversidad de Rosario. Norita, Madre de Plaza de Mayo L\u00ednea Fundadora, falleci\u00f3 el pasado jueves por la tarde dejando un espacio imposible de sustituir. Con la emoci\u00f3n y la convicci\u00f3n de que es en la calle y luchando siempre, su mejor homenaje.<\/p>\n\n\n\n<p>La apertura estuvo a cargo de la secretaria de G\u00e9nero y Diversidad, Clarisa Gambera y la continu\u00f3 la secretaria de Derechos Humanos, Valeria Taramasco.<\/p>\n\n\n<div class=\"wp-block-image\">\n<figure class=\"alignleft size-large is-resized\"><img loading=\"lazy\" decoding=\"async\" width=\"768\" height=\"1024\" src=\"https:\/\/atecordoba.org\/wp-content\/uploads\/2024\/06\/IMG-20240603-WA0022-768x1024.jpg\" alt=\"\" class=\"wp-image-43792\" style=\"width:400px\" srcset=\"https:\/\/atecordoba.org\/wp-content\/uploads\/2024\/06\/IMG-20240603-WA0022-768x1024.jpg 768w, https:\/\/atecordoba.org\/wp-content\/uploads\/2024\/06\/IMG-20240603-WA0022-225x300.jpg 225w, https:\/\/atecordoba.org\/wp-content\/uploads\/2024\/06\/IMG-20240603-WA0022-1152x1536.jpg 1152w, https:\/\/atecordoba.org\/wp-content\/uploads\/2024\/06\/IMG-20240603-WA0022-750x1000.jpg 750w, https:\/\/atecordoba.org\/wp-content\/uploads\/2024\/06\/IMG-20240603-WA0022-1140x1520.jpg 1140w, https:\/\/atecordoba.org\/wp-content\/uploads\/2024\/06\/IMG-20240603-WA0022.jpg 1200w\" sizes=\"auto, (max-width: 768px) 100vw, 768px\" \/><\/figure>\n<\/div>\n\n\n<p>\u201cEs muy simb\u00f3lico que hoy estemos en la calle en una actividad conjunta entre las secretar\u00edas de Derechos Humanos y la de G\u00e9neros, dos secretar\u00edas nuevas en nuestro sindicato pero que llevan ya un tiempo de construcci\u00f3n y compromiso previo. Esta unidad es muy importante y m\u00e1s en este contexto donde vienen a quitarnos todos los derechos en general, y a g\u00e9neros y diversidades en particular\u201d, asegur\u00f3 Valeria Taramasco.<\/p>\n\n\n\n<p>Tambi\u00e9n se abri\u00f3 lista de oradoras donde participaron compa\u00f1eras de ATE de todas las provincias que lograron estar presentes y compartir las problem\u00e1ticas que cada una desde su espacio est\u00e1 atravesando en su lugar de residencia.<\/p>\n\n\n\n<p>Acto seguido Julia Campos, del Observatorio Sindical de G\u00e9nero y Relaciones Laborales de ATE, explic\u00f3 el cuadernillo \u2018\u00bfCu\u00e1nto puede alejarse el salario del costo de vida?\u2019. La importancia de ocupar cargos de decisi\u00f3n para las mujeres y de tener en cuenta el costo de vida para trabajar las paritarias que necesita cada trabajadora y trabajador con las necesidades espec\u00edficas que le requiere su lugar de trabajo o las condiciones extras como el costo del transporte y el pago de los servicios, que var\u00eda en cada parte del pa\u00eds. \u201cEl material cuenta sobre el salario indirecto, como un Estado presente cubre necesidades b\u00e1sicas, que entonces el salario s\u00ed es m\u00e1s chico igual me permite garantizar la vida. Cuando se corre el Estado por m\u00e1s que el salario sea m\u00e1s grande igual no puedo garantizar la vida.\u201d, afirm\u00f3 Campos.<\/p>\n\n\n\n<p>Luego participaron las referentes de Ni Una Menos Luci Cavallero y Ver\u00f3nica Gago quienes explicitaron cu\u00e1l es el impacto real, econ\u00f3mico y social para las mujeres y diversidades de la ley que se encuentra a la espera de votaci\u00f3n en el Senado y el complemento del DNU vigente. \u201cNos encontramos con un intento refundacional por parte de este Gobierno, la ley Bases y el DNU son un intento de transformar a la Argentina en una zona de sacrificio para las corporaciones extractivistas y en conjunto con una redefinici\u00f3n de la relaci\u00f3n entre el capital y el trabajo, no tiene un solo art\u00edculo que beneficie a las personas que viven de su trabajo\u201d, asever\u00f3 Cavallero. Por su parte Ver\u00f3nica Gago afirm\u00f3 que \u201cel sindicalismo feminista de nuestro pa\u00eds es de ejemplo mundial\u201d porque \u201cha sabido articularse con un mont\u00f3n de luchas y poner una dimensi\u00f3n de clase al feminismo, eso es una riqueza enorme y es lo que se quiere romper y quebrar con la Ley Bases\u201d.<\/p>\n\n\n<div class=\"wp-block-image\">\n<figure class=\"aligncenter size-large is-resized\"><img loading=\"lazy\" decoding=\"async\" width=\"1024\" height=\"761\" src=\"https:\/\/atecordoba.org\/wp-content\/uploads\/2024\/06\/IMG-20240603-WA0025-1-1024x761.jpg\" alt=\"\" class=\"wp-image-43796\" style=\"width:600px\" srcset=\"https:\/\/atecordoba.org\/wp-content\/uploads\/2024\/06\/IMG-20240603-WA0025-1-1024x761.jpg 1024w, https:\/\/atecordoba.org\/wp-content\/uploads\/2024\/06\/IMG-20240603-WA0025-1-300x223.jpg 300w, https:\/\/atecordoba.org\/wp-content\/uploads\/2024\/06\/IMG-20240603-WA0025-1-768x571.jpg 768w, https:\/\/atecordoba.org\/wp-content\/uploads\/2024\/06\/IMG-20240603-WA0025-1-750x557.jpg 750w, https:\/\/atecordoba.org\/wp-content\/uploads\/2024\/06\/IMG-20240603-WA0025-1-1140x847.jpg 1140w, https:\/\/atecordoba.org\/wp-content\/uploads\/2024\/06\/IMG-20240603-WA0025-1.jpg 1184w\" sizes=\"auto, (max-width: 1024px) 100vw, 1024px\" \/><\/figure>\n<\/div>\n\n\n<p>La representante del Centro de Jubiladas y Jubilados Nacional resalt\u00f3 sobre la gesti\u00f3n del actual secretario General de ATE Nacional, Rodolfo Aguiar: \u201cDesde que asumi\u00f3 su gesti\u00f3n han ocurrido varios sucesos, como que los jubilados y las jubiladas seamos parte de la conducci\u00f3n nacional en una extensi\u00f3n a territorial a lo largo y a lo ancho del pa\u00eds y es hist\u00f3rico\u201d.<\/p>\n\n\n<div class=\"wp-block-image\">\n<figure class=\"alignright size-large is-resized\"><img loading=\"lazy\" decoding=\"async\" width=\"767\" height=\"1024\" src=\"https:\/\/atecordoba.org\/wp-content\/uploads\/2024\/06\/IMG-20240603-WA0023-767x1024.jpg\" alt=\"\" class=\"wp-image-43794\" style=\"width:400px\" srcset=\"https:\/\/atecordoba.org\/wp-content\/uploads\/2024\/06\/IMG-20240603-WA0023-767x1024.jpg 767w, https:\/\/atecordoba.org\/wp-content\/uploads\/2024\/06\/IMG-20240603-WA0023-225x300.jpg 225w, https:\/\/atecordoba.org\/wp-content\/uploads\/2024\/06\/IMG-20240603-WA0023-768x1026.jpg 768w, https:\/\/atecordoba.org\/wp-content\/uploads\/2024\/06\/IMG-20240603-WA0023-1150x1536.jpg 1150w, https:\/\/atecordoba.org\/wp-content\/uploads\/2024\/06\/IMG-20240603-WA0023-750x1002.jpg 750w, https:\/\/atecordoba.org\/wp-content\/uploads\/2024\/06\/IMG-20240603-WA0023-1140x1523.jpg 1140w, https:\/\/atecordoba.org\/wp-content\/uploads\/2024\/06\/IMG-20240603-WA0023.jpg 1198w\" sizes=\"auto, (max-width: 767px) 100vw, 767px\" \/><\/figure>\n<\/div>\n\n\n<p>Del encuentro federal tambi\u00e9n participaron trabajadoras de organismos nacionales como Erica Almeida de INADI, Jazm\u00edn Guzm\u00e1n de T\u00e9lam, Micaela Polak secretaria de G\u00e9nero del Sipreba y trabajadora de Radio Nacional, Celeste Paz de ANSES, compa\u00f1eras del Centro de Acceso a la Justicia del Poder Judicial y trabajadoras del Hospital Bonaparte. Cada una de ellas cont\u00f3 cu\u00e1l es la situaci\u00f3n de su organismo, que en rasgos generales ya cuentan con despidos, incluso despidos sobre la ley de cupo travesti trans. Adem\u00e1s, compartieron cu\u00e1les son las actividades y planes de lucha que est\u00e1n llevando adelante y cu\u00e1l es la importancia de las mujeres y diversidades en esos lugares de resistencia.<\/p>\n\n\n\n<p>Como cierre Gambera exclam\u00f3: \u201cEstamos defendiendo la Naci\u00f3n, de eso se trata el Estado. La Ley Bases es en contra del pueblo argentino en su conjunto, el Estado que se desregula tiene consecuencias en las personas que no pueden comprar alimentos o pagar el bondi. Cuando no hay forma de que un salario contenga la vida cotidiana, eso es el corrimiento del Estado. El pueblo en su conjunto tiene que darse cuenta que no podemos hipotecar el futuro y los cientos de a\u00f1os de lucha de un pueblo que ha resistido y que ha construido un Estado presente y esta capacidad de organizaci\u00f3n. Somos el pa\u00eds del sindicalismo, del movimiento obrero organizado, de las Madres y Abuelas de Plaza de Mayo, del Ni Una Menos, esas son nuestras fortalezas, vamos a defender el pa\u00eds que so\u00f1amos\u201d. Y culmin\u00f3: \u201cEsta ATE es federal, nacional, provincial, municipal, tiene capacidad de territorializar la resistencia y tambi\u00e9n de construir el pa\u00eds que deseamos\u201d.<\/p>\n\n\n\n<p>Se resolvi\u00f3 con total unanimidad de criterio que el pr\u00f3ximo lugar en el que se tiene que estar en la calle para enfrentar a este Gobierno, que impulsa discursos de odio y que ve a las mujeres feministas y organizadas como sus grandes enemigas, y que el pr\u00f3ximo 3J todas ah\u00ed desde cualquier rinc\u00f3n del pa\u00eds vamos a dar el ejemplo de unidad que el feminismo acostumbra.<\/p>\n","protected":false},"excerpt":{"rendered":"<p>El viernes pasado se realiz\u00f3 la Jornada de Acci\u00f3n Pol\u00edtica y Formaci\u00f3n, organizada por ATE desde la Secretar\u00eda de G\u00e9neros y Diversidad a cargo de Clarisa Gambera y la Secretar\u00eda de Derechos Humanos por Valeria Taramasco. Una delegaci\u00f3n cordobesa particip\u00f3 del encuentro militante, integrada por la vocal de la conducci\u00f3n nacional, Julia Giuliani, la secretaria [&hellip;]<\/p>\n","protected":false},"author":7,"featured_media":43793,"comment_status":"open","ping_status":"open","sticky":false,"template":"","format":"standard","meta":{"_exactmetrics_skip_tracking":false,"_exactmetrics_sitenote_active":false,"_exactmetrics_sitenote_note":"","_exactmetrics_sitenote_category":0,"jnews-multi-image_gallery":[],"jnews_single_post":{"subtitle":"Jornada de acci\u00f3n pol\u00edtica y formaci\u00f3n frente al Congreso Nacional para poner en com\u00fan el impacto del DNU, el programa de ajuste y el desguace del Estado y las razones por las que las trabajadoras rechazan el proyecto de Ley Bases.","format":"standard","video":"","gallery":"","source_name":"","source_url":"","via_name":"","via_url":"","override_template":"0","override":[{"template":"1","single_blog_custom":"","parallax":"1","fullscreen":"1","layout":"no-sidebar-narrow","sidebar":"default-sidebar","second_sidebar":"default-sidebar","sticky_sidebar":"1","share_position":"bottom","share_float_style":"share-monocrhome","show_share_counter":"1","show_view_counter":"1","show_featured":"0","show_post_meta":"1","show_post_author":"0","show_post_author_image":"1","show_post_date":"1","post_date_format":"default","post_date_format_custom":"Y\/m\/d","show_post_category":"1","show_post_reading_time":"0","post_reading_time_wpm":"300","show_zoom_button":"0","zoom_button_out_step":"2","zoom_button_in_step":"3","show_post_tag":"1","show_prev_next_post":"0","show_popup_post":"0","number_popup_post":"1","show_author_box":"0","show_post_related":"1","show_inline_post_related":"0"}],"override_image_size":"0","image_override":[{"single_post_thumbnail_size":"crop-500","single_post_gallery_size":"crop-500"}],"trending_post":"0","trending_post_position":"meta","trending_post_label":"Trending","sponsored_post":"0","sponsored_post_label":"Sponsored by","sponsored_post_name":"","sponsored_post_url":"","sponsored_post_logo_enable":"0","sponsored_post_logo":"","sponsored_post_desc":"","disable_ad":"0"},"jnews_primary_category":{"id":"","hide":""},"jnews_social_meta":{"fb_title":"","fb_description":"","fb_image":"","twitter_title":"","twitter_description":"","twitter_image":""},"jnews_review":[],"enable_review":"0","type":"percentage","name":"","summary":"","brand":"","sku":"","good":[{"good_text":""}],"bad":[{"bad_text":""}],"score_override":"0","override_value":"","rating":[{"rating_text":"","rating_number":"10"}],"price":[{"shop":"","price":"","link":"","icon":""}],"jnews_override_counter":{"override_view_counter":"0","view_counter_number":"0","override_share_counter":"0","share_counter_number":"0","override_like_counter":"0","like_counter_number":"0","override_dislike_counter":"0","dislike_counter_number":"0"},"jnews_post_split":{"enable_post_split":"0","post_split":[{"template":"1","tag":"h2","numbering":"asc","mode":"normal","first":"0","enable_toc":"0","toc_type":"normal"}]},"footnotes":""},"categories":[325],"tags":[],"class_list":["post-43788","post","type-post","status-publish","format-standard","has-post-thumbnail","hentry","category-generos-y-diversidades"],"jetpack_featured_media_url":"https:\/\/atecordoba.org\/wp-content\/uploads\/2024\/06\/IMG-20240603-WA0024-e1717431136148.jpg","_links":{"self":[{"href":"https:\/\/atecordoba.org\/index.php?rest_route=\/wp\/v2\/posts\/43788","targetHints":{"allow":["GET"]}}],"collection":[{"href":"https:\/\/atecordoba.org\/index.php?rest_route=\/wp\/v2\/posts"}],"about":[{"href":"https:\/\/atecordoba.org\/index.php?rest_route=\/wp\/v2\/types\/post"}],"author":[{"embeddable":true,"href":"https:\/\/atecordoba.org\/index.php?rest_route=\/wp\/v2\/users\/7"}],"replies":[{"embeddable":true,"href":"https:\/\/atecordoba.org\/index.php?rest_route=%2Fwp%2Fv2%2Fcomments&post=43788"}],"version-history":[{"count":1,"href":"https:\/\/atecordoba.org\/index.php?rest_route=\/wp\/v2\/posts\/43788\/revisions"}],"predecessor-version":[{"id":43797,"href":"https:\/\/atecordoba.org\/index.php?rest_route=\/wp\/v2\/posts\/43788\/revisions\/43797"}],"wp:featuredmedia":[{"embeddable":true,"href":"https:\/\/atecordoba.org\/index.php?rest_route=\/wp\/v2\/media\/43793"}],"wp:attachment":[{"href":"https:\/\/atecordoba.org\/index.php?rest_route=%2Fwp%2Fv2%2Fmedia&parent=43788"}],"wp:term":[{"taxonomy":"category","embeddable":true,"href":"https:\/\/atecordoba.org\/index.php?rest_route=%2Fwp%2Fv2%2Fcategories&post=43788"},{"taxonomy":"post_tag","embeddable":true,"href":"https:\/\/atecordoba.org\/index.php?rest_route=%2Fwp%2Fv2%2Ftags&post=43788"}],"curies":[{"name":"wp","href":"https:\/\/api.w.org\/{rel}","templated":true}]}}