{"id":4378,"date":"2014-08-06T16:35:08","date_gmt":"2014-08-06T19:35:08","guid":{"rendered":"http:\/\/www.atecordoba.org\/?p=4378"},"modified":"2014-08-06T16:35:08","modified_gmt":"2014-08-06T19:35:08","slug":"plenario-de-delegados-declaro-estado-de-alerta-y-movilizacion-en-los-hospitales-provinciales","status":"publish","type":"post","link":"https:\/\/atecordoba.org\/?p=4378","title":{"rendered":"Plenario de delegados declaro estado de alerta y movilizaci\u00f3n en los hospitales provinciales"},"content":{"rendered":"<p><em>En un plenario de delegados de\u00a0ATE realiz\u00f3 hoy en la sede de nuestro gremio, representantes de los hospitales provinciales, as\u00ed como del Ministerio de Desarrollo Social, declararon el estado de alerta y movilizaci\u00f3n en los sectores all\u00ed presentes. <\/em><\/p>\n<p style=\"text-align: center;\"><a href=\"http:\/\/www.atecordoba.org\/wp-content\/uploads\/2014\/08\/10525390_682581351797584_1010728299413829013_n.jpg\"><img loading=\"lazy\" decoding=\"async\" class=\"aligncenter  wp-image-4379\" alt=\"10525390_682581351797584_1010728299413829013_n\" src=\"http:\/\/www.atecordoba.org\/wp-content\/uploads\/2014\/08\/10525390_682581351797584_1010728299413829013_n.jpg\" width=\"576\" height=\"325\" \/><\/a><\/p>\n<p>Motiva la decisi\u00f3n conjunta de los trabajadores la p\u00e9rdida de capacidad adquisitiva que se desprende de la diferencia entre la pauta otorgada por el gobierno provincial y la escalada de precios sostenida que se viene produciendo desde principios de a\u00f1o. Con una recomposici\u00f3n salarial declarada en su momento del 31%, los haberes pierden en la carrera con la inflaci\u00f3n de este a\u00f1o, que ninguna estimaci\u00f3n calcula por debajo del 35 o 40%, constituyendo en la pr\u00e1ctica una reducci\u00f3n salarial en relaci\u00f3n al 2013.<\/p>\n<p>Los delegados destacaron con el 9% que se otorga con los sueldos de agosto los trabajadores deber\u00e1n esperar hasta febrero del pr\u00f3ximo a\u00f1o para una nueva recomposici\u00f3n, seg\u00fan lo establecido por el ejecutivo provincial.\u00a0En ese marco, el plenario reclama que los adicionales salariales pasen al b\u00e1sico para que estos \u00edtems impacten sobre la antig\u00fcedad.<\/p>\n<p>Por otro lado, contin\u00faa en pie el reclamo ya elevado a las autoridades desde hace tiempo por el pase a planta permanente de los contratos a plazo y monotributos que precarizan las condiciones de trabajo. A esto se suma, la necesidad de encontrar una respuesta satisfactoria a los planteos oportunamente realizados por la falta de insumos y medicamentos para los pacientes, as\u00ed como la reparaci\u00f3n de la aparatolog\u00eda defectuosa y la infraestructura que necesita mantenimiento urgente.<\/p>\n<p>Todo este c\u00famulo de reclamos hacen necesario el estado de alerta y movilizaci\u00f3n, a los fines de debatir con los compa\u00f1eros de cada sector los pasos a seguir.<\/p>\n<p>En la misma l\u00ednea, los delegados debatieron la propuesta del Consejo Directivo Provincial para analizar una propuesta de reducci\u00f3n de jornada laboral para el sector de enfermer\u00eda, pasando de 8 a 6 horas diarias.<\/p>\n<p>Para ma\u00f1ana est\u00e1 previsto realizar asambleas en el hospital Neuropsiqui\u00e1trico y en el Nuevo San Roque, en tanto la semana que viene las asambleas proseguir\u00e1n en distintos sector del Estado provincial.<\/p>\n<p>Durante el plenario estuvieron presentes representantes de todos los hospitales de C\u00f3rdoba Capital, m\u00e1s los compa\u00f1eros de la Colonia Santa Mar\u00eda de Punilla, junto a nuestro secretario Adjunto, Oscar Mengarelli, el secretario Gremial, Diego Guerra, el secretario de Prensa, Daniel Pawluchuzk, y el secretario General de la CTA Capital, Francisco Pavan.<\/p>\n","protected":false},"excerpt":{"rendered":"<p>En un plenario de delegados de\u00a0ATE realiz\u00f3 hoy en la sede de nuestro gremio, representantes de los hospitales provinciales, as\u00ed como del Ministerio de Desarrollo Social, declararon el estado de alerta y movilizaci\u00f3n en los sectores all\u00ed presentes. Motiva la decisi\u00f3n conjunta de los trabajadores la p\u00e9rdida de capacidad adquisitiva que se desprende de la [&hellip;]<\/p>\n","protected":false},"author":1,"featured_media":19220,"comment_status":"open","ping_status":"open","sticky":false,"template":"","format":"standard","meta":{"_exactmetrics_skip_tracking":false,"_exactmetrics_sitenote_active":false,"_exactmetrics_sitenote_note":"","_exactmetrics_sitenote_category":0,"jnews-multi-image_gallery":[],"jnews_single_post":[],"jnews_primary_category":[],"jnews_social_meta":[],"jnews_review":[],"enable_review":"","type":"","name":"","summary":"","brand":"","sku":"","good":[],"bad":[],"score_override":"","override_value":"","rating":[],"price":[],"jnews_override_counter":[],"jnews_post_split":[],"footnotes":""},"categories":[7,8],"tags":[],"class_list":["post-4378","post","type-post","status-publish","format-standard","has-post-thumbnail","hentry","category-hospitales","category-provinciales"],"jetpack_featured_media_url":"https:\/\/atecordoba.org\/wp-content\/uploads\/2020\/05\/logo-nuevochico-e1561581322808.png","_links":{"self":[{"href":"https:\/\/atecordoba.org\/index.php?rest_route=\/wp\/v2\/posts\/4378","targetHints":{"allow":["GET"]}}],"collection":[{"href":"https:\/\/atecordoba.org\/index.php?rest_route=\/wp\/v2\/posts"}],"about":[{"href":"https:\/\/atecordoba.org\/index.php?rest_route=\/wp\/v2\/types\/post"}],"author":[{"embeddable":true,"href":"https:\/\/atecordoba.org\/index.php?rest_route=\/wp\/v2\/users\/1"}],"replies":[{"embeddable":true,"href":"https:\/\/atecordoba.org\/index.php?rest_route=%2Fwp%2Fv2%2Fcomments&post=4378"}],"version-history":[{"count":0,"href":"https:\/\/atecordoba.org\/index.php?rest_route=\/wp\/v2\/posts\/4378\/revisions"}],"wp:featuredmedia":[{"embeddable":true,"href":"https:\/\/atecordoba.org\/index.php?rest_route=\/wp\/v2\/media\/19220"}],"wp:attachment":[{"href":"https:\/\/atecordoba.org\/index.php?rest_route=%2Fwp%2Fv2%2Fmedia&parent=4378"}],"wp:term":[{"taxonomy":"category","embeddable":true,"href":"https:\/\/atecordoba.org\/index.php?rest_route=%2Fwp%2Fv2%2Fcategories&post=4378"},{"taxonomy":"post_tag","embeddable":true,"href":"https:\/\/atecordoba.org\/index.php?rest_route=%2Fwp%2Fv2%2Ftags&post=4378"}],"curies":[{"name":"wp","href":"https:\/\/api.w.org\/{rel}","templated":true}]}}