{"id":43777,"date":"2024-06-03T09:23:01","date_gmt":"2024-06-03T12:23:01","guid":{"rendered":"https:\/\/atecordoba.org\/?p=43777"},"modified":"2024-06-03T09:23:01","modified_gmt":"2024-06-03T12:23:01","slug":"ajuste-ate-adhiere-a-la-marcha-del-sutna-por-los-despidos-en-la-industria-del-neumatico","status":"publish","type":"post","link":"https:\/\/atecordoba.org\/?p=43777","title":{"rendered":"Ajuste: ATE adhiere a la marcha del SUTNA por los despidos en la industria del neum\u00e1tico"},"content":{"rendered":"<div class=\"wp-block-image\">\n<figure class=\"aligncenter size-large is-resized\"><img loading=\"lazy\" decoding=\"async\" width=\"1024\" height=\"1019\" src=\"https:\/\/atecordoba.org\/wp-content\/uploads\/2024\/06\/sutna_marcha-1-1024x1019.jpg\" alt=\"\" class=\"wp-image-43779\" style=\"width:600px\" srcset=\"https:\/\/atecordoba.org\/wp-content\/uploads\/2024\/06\/sutna_marcha-1-1024x1019.jpg 1024w, https:\/\/atecordoba.org\/wp-content\/uploads\/2024\/06\/sutna_marcha-1-300x300.jpg 300w, https:\/\/atecordoba.org\/wp-content\/uploads\/2024\/06\/sutna_marcha-1-150x150.jpg 150w, https:\/\/atecordoba.org\/wp-content\/uploads\/2024\/06\/sutna_marcha-1-768x764.jpg 768w, https:\/\/atecordoba.org\/wp-content\/uploads\/2024\/06\/sutna_marcha-1-1536x1528.jpg 1536w, https:\/\/atecordoba.org\/wp-content\/uploads\/2024\/06\/sutna_marcha-1-75x75.jpg 75w, https:\/\/atecordoba.org\/wp-content\/uploads\/2024\/06\/sutna_marcha-1-750x746.jpg 750w, https:\/\/atecordoba.org\/wp-content\/uploads\/2024\/06\/sutna_marcha-1-1140x1134.jpg 1140w, https:\/\/atecordoba.org\/wp-content\/uploads\/2024\/06\/sutna_marcha-1.jpg 1600w\" sizes=\"auto, (max-width: 1024px) 100vw, 1024px\" \/><\/figure>\n<\/div>\n\n\n<p>Hoy se llevar\u00e1 a cabo una movilizaci\u00f3n al Ministerio de Trabajo de la provincia de los trabajadores del Sindicato \u00danico de Trabajadores del Neum\u00e1tico Argentino (SUTNA), en el marco del conflicto de la industria del neum\u00e1tico, donde empresas de la actividad como FATE, Pirelli o Bridgestone emprendieron un ajuste contra el personal de sus respectivas plantas productivas.<\/p>\n\n\n\n<p>ATE adhiere a esta convocatoria y alienta a los compa\u00f1eros de SUTNA a no ceder en la lucha para defender el poder adquisitivo de los salarios y los puestos de trabajo, que las patronales pretenden imponer, en el marco del brutal ajuste que el gobierno de Javier Milei aplica al conjunto de las actividades productivas. <\/p>\n\n\n\n<p>En la misma l\u00ednea de la metodolog\u00eda que Milei somete al Estado, el SUTNA viene desarrollando un fuerte plan de lucha para revertir los 97 despidos que ocurrieron recientemente en la empresa FATE, al tiempo que reclama por el fin del accionar mafioso de la patronal de Pirelli, que amenaza y despide fraudulentamente a trabajadores y por el cese del reemplazo de la mano de obra por cubiertas importadas implementado por la patronal de Bridgestone.<\/p>\n\n\n\n<p>En C\u00f3rdoba, la marcha se realizar\u00e1 a las11 horas al Ministerio de Trabajo, Rivadavia 646.<\/p>\n","protected":false},"excerpt":{"rendered":"<p>Hoy se llevar\u00e1 a cabo una movilizaci\u00f3n al Ministerio de Trabajo de la provincia de los trabajadores del Sindicato \u00danico de Trabajadores del Neum\u00e1tico Argentino (SUTNA), en el marco del conflicto de la industria del neum\u00e1tico, donde empresas de la actividad como FATE, Pirelli o Bridgestone emprendieron un ajuste contra el personal de sus respectivas [&hellip;]<\/p>\n","protected":false},"author":7,"featured_media":43780,"comment_status":"open","ping_status":"open","sticky":false,"template":"","format":"standard","meta":{"_exactmetrics_skip_tracking":false,"_exactmetrics_sitenote_active":false,"_exactmetrics_sitenote_note":"","_exactmetrics_sitenote_category":0,"jnews-multi-image_gallery":[],"jnews_single_post":{"subtitle":"El SUTNA viene desarrollando un fuerte plan de lucha para revertir los 97 despidos ocurridos recientemente en la empresa FATE, al tiempo que reclama por el fin del accionar mafioso de la patronal de Pirelli, que amenaza y despide fraudulentamente a trabajadores y por el cese del reemplazo de la mano de obra por cubiertas importadas implementado por la patronal de Bridgestone.","format":"standard","video":"","gallery":"","source_name":"","source_url":"","via_name":"","via_url":"","override_template":"0","override":[{"template":"1","single_blog_custom":"","parallax":"1","fullscreen":"1","layout":"no-sidebar-narrow","sidebar":"default-sidebar","second_sidebar":"default-sidebar","sticky_sidebar":"1","share_position":"bottom","share_float_style":"share-monocrhome","show_share_counter":"1","show_view_counter":"1","show_featured":"0","show_post_meta":"1","show_post_author":"0","show_post_author_image":"1","show_post_date":"1","post_date_format":"default","post_date_format_custom":"Y\/m\/d","show_post_category":"1","show_post_reading_time":"0","post_reading_time_wpm":"300","show_zoom_button":"0","zoom_button_out_step":"2","zoom_button_in_step":"3","show_post_tag":"1","show_prev_next_post":"0","show_popup_post":"0","number_popup_post":"1","show_author_box":"0","show_post_related":"1","show_inline_post_related":"0"}],"override_image_size":"0","image_override":[{"single_post_thumbnail_size":"crop-500","single_post_gallery_size":"crop-500"}],"trending_post":"0","trending_post_position":"meta","trending_post_label":"Trending","sponsored_post":"0","sponsored_post_label":"Sponsored by","sponsored_post_name":"","sponsored_post_url":"","sponsored_post_logo_enable":"0","sponsored_post_logo":"","sponsored_post_desc":"","disable_ad":"0"},"jnews_primary_category":{"id":"","hide":""},"jnews_social_meta":{"fb_title":"","fb_description":"","fb_image":"","twitter_title":"","twitter_description":"","twitter_image":""},"jnews_review":[],"enable_review":"0","type":"percentage","name":"","summary":"","brand":"","sku":"","good":[{"good_text":""}],"bad":[{"bad_text":""}],"score_override":"0","override_value":"","rating":[{"rating_text":"","rating_number":"10"}],"price":[{"shop":"","price":"","link":"","icon":""}],"jnews_override_counter":{"override_view_counter":"0","view_counter_number":"0","override_share_counter":"0","share_counter_number":"0","override_like_counter":"0","like_counter_number":"0","override_dislike_counter":"0","dislike_counter_number":"0"},"jnews_post_split":{"enable_post_split":"0","post_split":[{"template":"1","tag":"h2","numbering":"asc","mode":"normal","first":"0","enable_toc":"0","toc_type":"normal"}]},"footnotes":""},"categories":[10],"tags":[],"class_list":["post-43777","post","type-post","status-publish","format-standard","has-post-thumbnail","hentry","category-accion-politica"],"jetpack_featured_media_url":"https:\/\/atecordoba.org\/wp-content\/uploads\/2024\/06\/sutna.jpg","_links":{"self":[{"href":"https:\/\/atecordoba.org\/index.php?rest_route=\/wp\/v2\/posts\/43777","targetHints":{"allow":["GET"]}}],"collection":[{"href":"https:\/\/atecordoba.org\/index.php?rest_route=\/wp\/v2\/posts"}],"about":[{"href":"https:\/\/atecordoba.org\/index.php?rest_route=\/wp\/v2\/types\/post"}],"author":[{"embeddable":true,"href":"https:\/\/atecordoba.org\/index.php?rest_route=\/wp\/v2\/users\/7"}],"replies":[{"embeddable":true,"href":"https:\/\/atecordoba.org\/index.php?rest_route=%2Fwp%2Fv2%2Fcomments&post=43777"}],"version-history":[{"count":1,"href":"https:\/\/atecordoba.org\/index.php?rest_route=\/wp\/v2\/posts\/43777\/revisions"}],"predecessor-version":[{"id":43781,"href":"https:\/\/atecordoba.org\/index.php?rest_route=\/wp\/v2\/posts\/43777\/revisions\/43781"}],"wp:featuredmedia":[{"embeddable":true,"href":"https:\/\/atecordoba.org\/index.php?rest_route=\/wp\/v2\/media\/43780"}],"wp:attachment":[{"href":"https:\/\/atecordoba.org\/index.php?rest_route=%2Fwp%2Fv2%2Fmedia&parent=43777"}],"wp:term":[{"taxonomy":"category","embeddable":true,"href":"https:\/\/atecordoba.org\/index.php?rest_route=%2Fwp%2Fv2%2Fcategories&post=43777"},{"taxonomy":"post_tag","embeddable":true,"href":"https:\/\/atecordoba.org\/index.php?rest_route=%2Fwp%2Fv2%2Ftags&post=43777"}],"curies":[{"name":"wp","href":"https:\/\/api.w.org\/{rel}","templated":true}]}}