{"id":43769,"date":"2024-05-31T11:05:00","date_gmt":"2024-05-31T14:05:00","guid":{"rendered":"https:\/\/atecordoba.org\/?p=43769"},"modified":"2024-05-31T12:22:35","modified_gmt":"2024-05-31T15:22:35","slug":"giuliani-somos-soldados-de-esta-bandera-verde-para-discutir-el-convenio-colectivo-los-salarios-y-las-reincorporaciones-pero-tenemos-que-estar-a-la-cabeza-de-un-nuevo-proyecto-politico","status":"publish","type":"post","link":"https:\/\/atecordoba.org\/?p=43769","title":{"rendered":"Giuliani: &#8220;Somos soldados de esta bandera verde para discutir el convenio colectivo, los salarios y las reincorporaciones pero tenemos que estar a la cabeza de un nuevo proyecto pol\u00edtico&#8221;"},"content":{"rendered":"<div class=\"wp-block-image\">\n<figure class=\"alignright size-full is-resized\"><img loading=\"lazy\" decoding=\"async\" width=\"574\" height=\"1020\" src=\"https:\/\/atecordoba.org\/wp-content\/uploads\/2024\/05\/IMG-20240531-WA0169.jpg\" alt=\"\" class=\"wp-image-43770\" style=\"width:400px\" srcset=\"https:\/\/atecordoba.org\/wp-content\/uploads\/2024\/05\/IMG-20240531-WA0169.jpg 574w, https:\/\/atecordoba.org\/wp-content\/uploads\/2024\/05\/IMG-20240531-WA0169-169x300.jpg 169w\" sizes=\"auto, (max-width: 574px) 100vw, 574px\" \/><\/figure>\n<\/div>\n\n\n<p>En el marco del <a href=\"https:\/\/atecordoba.org\/?p=43735\">67\u00b0 Congreso Nacional de ATE<\/a>, y ante los festejos que se vienen por la consagraci\u00f3n de 100 a\u00f1os de existencia de ATE que cumplen en enero de 2025, el secretario General de ATE C\u00f3rdoba dio un fuerte discurso frente a los 150 congresales estatales presentes en el teatro Margarita Xirgu, en la Capital Federal. <\/p>\n\n\n\n<p>A continuaci\u00f3n, el discurso completo:<\/p>\n\n\n\n<p>Quiero resaltar y felicitar a quienes hicieron posible este Congreso en un hermoso lugar y agradecer a las y los compa\u00f1eros responsables de esta organizaci\u00f3n, aprobar el informe pol\u00edtico y apoyarlo. Tambi\u00e9n destacar la iniciativa que tuvo Rody y la conducci\u00f3n de homenajear a nuestros secretarios generales. Son tiempos donde todos estamos muy golpeados y este tipo de mimos son necesarios y son la fuerza para llevar adelante una lucha que va a ser larga. <\/p>\n\n\n\n<p>Venimos de C\u00f3rdoba a traer nuestra solidaridad con el pueblo de Misiones que pelea hace varias semanas y nos muestra el camino a seguir, porque la pelea no es sectorial sino colectiva y como pueblo. Esa es la \u00fanica manera que logremos poner en agenda nuestras problem\u00e1ticas, pero tambi\u00e9n la propuesta para salir de la crisis de ajuste que nos lleva el gobierno de Milei.<\/p>\n\n\n\n<p>El s\u00e1bado la pas\u00f3 muy mal en C\u00f3rdoba. Lo hostigamos desde que lleg\u00f3 al Aeropuerto, bloque\u00e1ndolo a pesar de la represi\u00f3n de la Gendarmer\u00eda y sus gases lacrim\u00f3genos. Se los devolvimos y el viento estuvo de nuestra parte oblig\u00e1ndolos a replegarse y pasando un verdadero papel\u00f3n, demostrando que cunado el pueblo se junta est\u00e1 dispuesto a enfrentar toda agresi\u00f3n que pretenda parar la lucha popular. Y tambi\u00e9n nos fuimos al centro porque ah\u00ed se hac\u00eda el acto principal de las centrales sindicales en la m\u00edtica esquina de Col\u00f3n y General Paz. Y no nos quedamos a discursearnos entre nosotros: dijimos que, si era un Cabildo Abierto entonces vamos al Cabildo Abierto a escuchar de qu\u00e9 se trataba. La polic\u00eda de C\u00f3rdoba nos reprimi\u00f3 con una sa\u00f1a que hac\u00eda mucho no se ve\u00eda. Sufrimos 14 heridos de bala de goma, gas pimienta a decenas de compa\u00f1eros y compa\u00f1eras. Pero demostramos que m\u00e1s all\u00e1 que parte del pueblo cordob\u00e9s vot\u00f3 a Milei, fuimos muchos m\u00e1s los que est\u00e1bamos fuera de esa plaza que los que aplaud\u00edan la pol\u00edtica de ajuste de este gobierno.<\/p>\n\n\n\n<p>Tambi\u00e9n quiero decirles que fruto de la movilizaci\u00f3n popular la Ley de Bases sigue empantanada. Y que el Pacto de Mayo fracas\u00f3 por la organizaci\u00f3n y la lucha popular. El acto de C\u00f3rdoba no fue como Milei lo so\u00f1\u00f3, yo creo que este clima de hostilidad hay que seguir impuls\u00e1ndolo. No hay que tenerle miedo a esa palabra. De la misma forma que mientras ac\u00e1 en Capital Federal escracharon a Techint, en C\u00f3rdoba nos movilizaron para escrachar a la Fundaci\u00f3n Mediterr\u00e1nea, que es la usina ideol\u00f3gica proveedora desde la dictadura militar de cuadros pol\u00edticos e ideol\u00f3gicos a las corporaciones que gobiernan Argentina.<\/p>\n\n\n<div class=\"wp-block-image\">\n<figure class=\"aligncenter size-large is-resized\"><img loading=\"lazy\" decoding=\"async\" width=\"1024\" height=\"768\" src=\"https:\/\/atecordoba.org\/wp-content\/uploads\/2024\/05\/IMG-20240531-WA0173-1-1024x768.jpg\" alt=\"\" class=\"wp-image-43772\" style=\"width:600px\" srcset=\"https:\/\/atecordoba.org\/wp-content\/uploads\/2024\/05\/IMG-20240531-WA0173-1-1024x768.jpg 1024w, https:\/\/atecordoba.org\/wp-content\/uploads\/2024\/05\/IMG-20240531-WA0173-1-300x225.jpg 300w, https:\/\/atecordoba.org\/wp-content\/uploads\/2024\/05\/IMG-20240531-WA0173-1-768x576.jpg 768w, https:\/\/atecordoba.org\/wp-content\/uploads\/2024\/05\/IMG-20240531-WA0173-1-750x563.jpg 750w, https:\/\/atecordoba.org\/wp-content\/uploads\/2024\/05\/IMG-20240531-WA0173-1-1140x855.jpg 1140w, https:\/\/atecordoba.org\/wp-content\/uploads\/2024\/05\/IMG-20240531-WA0173-1.jpg 1280w\" sizes=\"auto, (max-width: 1024px) 100vw, 1024px\" \/><\/figure>\n<\/div>\n\n\n<p>Y los escrachamos como hac\u00edamos en los \u201990 desde HIJOS, cuando se\u00f1al\u00e1bamos la impunidad de los genocidas sueltos por el menemismo. Escrachar significa manifestarse contra un grupo o persona en un domicilio. No le tengamos miedo a la palabra ni dejemos que el enemigo nos robe la palabra.<\/p>\n\n\n\n<p>Y claro que se la est\u00e1n cobrando, por eso agradecemos el apoyo de cada compa\u00f1era y compa\u00f1ero con su mensaje de solidaridad en estos d\u00edas dif\u00edciles que nos tocan vivir. Podemos tener matices, pero tenemos que actuar como un pu\u00f1o ante un fascismo que vino por todos y por todo.<\/p>\n\n\n<div class=\"wp-block-image\">\n<figure class=\"alignleft size-full is-resized\"><img loading=\"lazy\" decoding=\"async\" width=\"574\" height=\"1020\" src=\"https:\/\/atecordoba.org\/wp-content\/uploads\/2024\/05\/IMG-20240531-WA0169-1.jpg\" alt=\"\" class=\"wp-image-43773\" style=\"width:400px\" srcset=\"https:\/\/atecordoba.org\/wp-content\/uploads\/2024\/05\/IMG-20240531-WA0169-1.jpg 574w, https:\/\/atecordoba.org\/wp-content\/uploads\/2024\/05\/IMG-20240531-WA0169-1-169x300.jpg 169w\" sizes=\"auto, (max-width: 574px) 100vw, 574px\" \/><\/figure>\n<\/div>\n\n\n<p>En el repaso de la historia, solo seis compa\u00f1eros han tenido el privilegio de conducir esta organizaci\u00f3n sindical desde el \u201984. Somos miles y miles los que integramos ATE, pero solo unos pocos conducen pro lo cual resaltamos lo que dijo V\u00edctor de Gennaro: no importa el lugar, ni los cargos, ni la chapa. Somos militantes de ATE, soldados con la pechera verde y vamos al frente para defender el Estado frente al vaciamiento y para ser parte de un nuevo movimiento pol\u00edtico de liberaci\u00f3n.<\/p>\n\n\n\n<p>El s\u00e1bado se volvi\u00f3 a discutir lo mismo que en 1810, o es un proyecto de liberaci\u00f3n o es un proyecto de dependencia. Tenemos un Presidente que quiere que Argentina sea el patio trasero de los yankis. Por lo tanto, esa discusi\u00f3n que nos dimos hace 214 a\u00f1os sigue vigente.<\/p>\n\n\n\n<p>Es importante destacar que ante esa dirigencia tibia que espera ver qu\u00e9 pasa con nuestro pueblo mientras se nos mueren los pibes de hambre, y siguen despidiendo a compa\u00f1eras y compa\u00f1eros del Estado, da verg\u00fcenza ajenas que Mirta Legrand los corra por izquierda. Hoy tenemos un Presidente juntando millas en el extranjero con nuestra plata, que hace papelones diplom\u00e1ticos que nos ponen en boca de todo el mundo, como un buf\u00f3n de las grandes corporaciones econ\u00f3micas.<\/p>\n\n\n\n<p>En ese marco, quiero apoyar la moci\u00f3n de movilizarnos el d\u00eda que se trate la Ley Bases. Protestar es un derecho por m\u00e1s que nos quieran judicializar, por m\u00e1s que quieran criminalizar la protesta. El delito es loque cometieron los diputados votando la Ley Bases, deber\u00edan ser juzgados por traici\u00f3n a la Patria, porque est\u00e1n regalando la soberan\u00eda nacional y el vaciamiento del Estado.<\/p>\n\n\n\n<p>Por m\u00e1s que cortemos rutas y calles hay que decirles que los violentos son ellos: violencia es mentirle a nuestro pueblo en la cara, violencia es despedir estatales con 25 o 30 a\u00f1os de antig\u00fcedad sin motivo y sin causa, y violento es tener 5 millones de kilos de alimentos guardados en los galpones para que se pudra, mientras nuestros pibes se mueren de hambre.<\/p>\n\n\n\n<p>Por eso, cuando se trate la Ley de Bases, paro y movilizaci\u00f3n a Capital Federal. Porque vienen por todos los contratados y contratadas del Estado nacional. No podemos permitir que ese drama individual, que se convierte en colectivo, vuelva a suceder en junio. De la misma forma, apoyo la movilizaci\u00f3n al Ministerio de Defensa, por lo que pueda pasar en Fabricaciones Militares y lo que est\u00e1 sucediendo en algunos organismos civiles de las FFAA, digo que este Congreso debe sacar una jornada de lucha por Agricultura Familiar para que las y los compa\u00f1eros injustamente despedidos vuelvan a laburar. Tenemos que ir a escrachar a la Sociedad Rural de esa oligarqu\u00eda cipaya y vende patria cuando se junten en julio en la Exposici\u00f3n.<\/p>\n\n\n<div class=\"wp-block-image\">\n<figure class=\"alignright size-large is-resized\"><img loading=\"lazy\" decoding=\"async\" width=\"768\" height=\"1024\" src=\"https:\/\/atecordoba.org\/wp-content\/uploads\/2024\/05\/IMG-20240531-WA0164-768x1024.jpg\" alt=\"\" class=\"wp-image-43774\" style=\"width:400px\" srcset=\"https:\/\/atecordoba.org\/wp-content\/uploads\/2024\/05\/IMG-20240531-WA0164-768x1024.jpg 768w, https:\/\/atecordoba.org\/wp-content\/uploads\/2024\/05\/IMG-20240531-WA0164-225x300.jpg 225w, https:\/\/atecordoba.org\/wp-content\/uploads\/2024\/05\/IMG-20240531-WA0164-750x1000.jpg 750w, https:\/\/atecordoba.org\/wp-content\/uploads\/2024\/05\/IMG-20240531-WA0164.jpg 960w\" sizes=\"auto, (max-width: 768px) 100vw, 768px\" \/><\/figure>\n<\/div>\n\n\n<p>Resaltamos lo que dijeron Rody y V\u00edctor. Tenemos que territorializar el sindicato, hay que hacer un plenario de trabajadores trabajadoras y trabajadores municipales porque son ellos con quienes debemos discutir las estrategias y las pr\u00e1cticas. Si queremos llegar al medio mill\u00f3n de afiliados hay que salir a municipalizar nuestro sindicato y darle cobertura, contenci\u00f3n e identidad, orgullo y lucha a los miles de municipales que hoy no tienen la posibilidad de luchar por un salario digno.<\/p>\n\n\n\n<p>No solo hay que juntarse para aguantar, tenemos que saber unirnos para dar el paso al frente. Lo del 25 de mayo fue un triunfo. Vivimos contando las derrotas y con lo del s\u00e1bado nos tenemos que anotar un poroto. Por incluso las encuestas que ellos mismos arman empiezan a mostrar el descontento que hay en Argentina. Como dec\u00eda Per\u00f3n: el \u00fanico \u00f3rgano sensible que tienen las personas es el bolsillo y cuando empieza a flaquear y la comida no se puede comprar, cuando no hay laburo digno que nos permita vivir y tener un proyecto de felicidad es cuando el pueblo va a salir a la calle y nosotros debemos estar en la vanguardia. Estoy orgullo de ser de ATE, soy hijo de una estatal despedida en los \u201990, nac\u00ed y me crie en el ATE II, un barrio de 100 viviendas que hizo nuestro sindicato en la d\u00e9cada del \u201970 y jam\u00e1s imagin\u00e9 estar ac\u00e1 en nombre de una provincia. Pero donde nos toque estar tenemos que ser soldados de esta bandera verde, no solo para discutir el convenio colectivo, los salarios y las reincorporaciones. Tenemos que estar a la cabeza de un nuevo proyecto pol\u00edtico. No como en el 2001 cuando un levantamiento popular y un estallido que se llev\u00f3 a De la R\u00faa en helic\u00f3ptero. Entonces dec\u00edamos que se vayan todos y no se fue ninguno. Por lo cual resistir no es construir lo nuevo, y lo nuevo no se va a construir con los mismos que dejaron nacer el fascismo mientras est\u00e1n c\u00f3modos en sus despachos oficiales, desfilando en los grandes medios de comunicaci\u00f3n y dici\u00e9ndonos c\u00f3mo tenemos que hacer para pelear en las calles, cuando los cuerpos los ponemos nosotros y nosotras. Lo nuevo va a nacer con la clase trabajadora para construir un proyecto nacional y popular de liberaci\u00f3n. No me cabe la menor duda que este ATE est\u00e1 en el lugar que tiene que estar. Vengo de una provincia que pari\u00f3 dos programas de la clase obrera, recuperemos -m\u00e1s del pliego de reivindicaciones- un programa de la clase trabajadora, como en Huerta Grande, como en La Falda, como el grito del 1\u00b0 de Mayo de la CGT de los Argentinos. Vamos por un ATE clasista y combativo, antipatriarcal, antiimperialista, para construir un patria nueva, justa y solidaria para todas y todos. &nbsp;&nbsp;<\/p>\n","protected":false},"excerpt":{"rendered":"<p>En el marco del 67\u00b0 Congreso Nacional de ATE, y ante los festejos que se vienen por la consagraci\u00f3n de 100 a\u00f1os de existencia de ATE que cumplen en enero de 2025, el secretario General de ATE C\u00f3rdoba dio un fuerte discurso frente a los 150 congresales estatales presentes en el teatro Margarita Xirgu, en [&hellip;]<\/p>\n","protected":false},"author":7,"featured_media":43775,"comment_status":"open","ping_status":"open","sticky":false,"template":"","format":"standard","meta":{"_exactmetrics_skip_tracking":false,"_exactmetrics_sitenote_active":false,"_exactmetrics_sitenote_note":"","_exactmetrics_sitenote_category":0,"jnews-multi-image_gallery":[],"jnews_single_post":{"subtitle":"\"Cuando se trate la Ley de Bases, paro y movilizaci\u00f3n a Capital Federal. Porque vienen por todos los contratados y contratadas del Estado nacional\", propuso el secretario General de ATE C\u00f3rdoba.","format":"standard","video":"","gallery":"","source_name":"","source_url":"","via_name":"","via_url":"","override_template":"0","override":[{"template":"1","single_blog_custom":"","parallax":"1","fullscreen":"1","layout":"no-sidebar-narrow","sidebar":"default-sidebar","second_sidebar":"default-sidebar","sticky_sidebar":"1","share_position":"bottom","share_float_style":"share-monocrhome","show_share_counter":"1","show_view_counter":"1","show_featured":"0","show_post_meta":"1","show_post_author":"0","show_post_author_image":"1","show_post_date":"1","post_date_format":"default","post_date_format_custom":"Y\/m\/d","show_post_category":"1","show_post_reading_time":"0","post_reading_time_wpm":"300","show_zoom_button":"0","zoom_button_out_step":"2","zoom_button_in_step":"3","show_post_tag":"1","show_prev_next_post":"0","show_popup_post":"0","number_popup_post":"1","show_author_box":"0","show_post_related":"1","show_inline_post_related":"0"}],"override_image_size":"0","image_override":[{"single_post_thumbnail_size":"crop-500","single_post_gallery_size":"crop-500"}],"trending_post":"0","trending_post_position":"meta","trending_post_label":"Trending","sponsored_post":"0","sponsored_post_label":"Sponsored by","sponsored_post_name":"","sponsored_post_url":"","sponsored_post_logo_enable":"0","sponsored_post_logo":"","sponsored_post_desc":"","disable_ad":"0"},"jnews_primary_category":{"id":"","hide":""},"jnews_social_meta":{"fb_title":"","fb_description":"","fb_image":"","twitter_title":"","twitter_description":"","twitter_image":""},"jnews_review":[],"enable_review":"0","type":"percentage","name":"","summary":"","brand":"","sku":"","good":[{"good_text":""}],"bad":[{"bad_text":""}],"score_override":"0","override_value":"","rating":[{"rating_text":"","rating_number":"10"}],"price":[{"shop":"","price":"","link":"","icon":""}],"jnews_override_counter":{"override_view_counter":"0","view_counter_number":"0","override_share_counter":"0","share_counter_number":"0","override_like_counter":"0","like_counter_number":"0","override_dislike_counter":"0","dislike_counter_number":"0"},"jnews_post_split":{"enable_post_split":"0","post_split":[{"template":"1","tag":"h2","numbering":"asc","mode":"normal","first":"0","enable_toc":"0","toc_type":"normal"}]},"footnotes":""},"categories":[756],"tags":[],"class_list":["post-43769","post","type-post","status-publish","format-standard","has-post-thumbnail","hentry","category-consejo-directivo-nacional-cdn"],"jetpack_featured_media_url":"https:\/\/atecordoba.org\/wp-content\/uploads\/2024\/05\/IMG-20240531-WA0186-1-e1717168921261.jpg","_links":{"self":[{"href":"https:\/\/atecordoba.org\/index.php?rest_route=\/wp\/v2\/posts\/43769","targetHints":{"allow":["GET"]}}],"collection":[{"href":"https:\/\/atecordoba.org\/index.php?rest_route=\/wp\/v2\/posts"}],"about":[{"href":"https:\/\/atecordoba.org\/index.php?rest_route=\/wp\/v2\/types\/post"}],"author":[{"embeddable":true,"href":"https:\/\/atecordoba.org\/index.php?rest_route=\/wp\/v2\/users\/7"}],"replies":[{"embeddable":true,"href":"https:\/\/atecordoba.org\/index.php?rest_route=%2Fwp%2Fv2%2Fcomments&post=43769"}],"version-history":[{"count":1,"href":"https:\/\/atecordoba.org\/index.php?rest_route=\/wp\/v2\/posts\/43769\/revisions"}],"predecessor-version":[{"id":43776,"href":"https:\/\/atecordoba.org\/index.php?rest_route=\/wp\/v2\/posts\/43769\/revisions\/43776"}],"wp:featuredmedia":[{"embeddable":true,"href":"https:\/\/atecordoba.org\/index.php?rest_route=\/wp\/v2\/media\/43775"}],"wp:attachment":[{"href":"https:\/\/atecordoba.org\/index.php?rest_route=%2Fwp%2Fv2%2Fmedia&parent=43769"}],"wp:term":[{"taxonomy":"category","embeddable":true,"href":"https:\/\/atecordoba.org\/index.php?rest_route=%2Fwp%2Fv2%2Fcategories&post=43769"},{"taxonomy":"post_tag","embeddable":true,"href":"https:\/\/atecordoba.org\/index.php?rest_route=%2Fwp%2Fv2%2Ftags&post=43769"}],"curies":[{"name":"wp","href":"https:\/\/api.w.org\/{rel}","templated":true}]}}