{"id":43735,"date":"2024-05-31T12:04:27","date_gmt":"2024-05-31T15:04:27","guid":{"rendered":"https:\/\/atecordoba.org\/?p=43735"},"modified":"2024-05-31T12:04:27","modified_gmt":"2024-05-31T15:04:27","slug":"ate-realizo-su-67-congreso-nacional-y-dio-su-apoyo-a-cordoba-por-el-acoso-judicial-a-giuliani","status":"publish","type":"post","link":"https:\/\/atecordoba.org\/?p=43735","title":{"rendered":"ATE realiz\u00f3 su 67 Congreso Nacional y dio su apoyo a C\u00f3rdoba por el acoso judicial\u00a0a\u00a0Giuliani"},"content":{"rendered":"<div class=\"wp-block-image\">\n<figure class=\"aligncenter size-large is-resized\"><img loading=\"lazy\" decoding=\"async\" width=\"1024\" height=\"682\" src=\"https:\/\/atecordoba.org\/wp-content\/uploads\/2024\/05\/IMG-20240531-WA0185-1024x682.jpg\" alt=\"\" class=\"wp-image-43736\" style=\"width:600px\" srcset=\"https:\/\/atecordoba.org\/wp-content\/uploads\/2024\/05\/IMG-20240531-WA0185-1024x682.jpg 1024w, https:\/\/atecordoba.org\/wp-content\/uploads\/2024\/05\/IMG-20240531-WA0185-300x200.jpg 300w, https:\/\/atecordoba.org\/wp-content\/uploads\/2024\/05\/IMG-20240531-WA0185-768x512.jpg 768w, https:\/\/atecordoba.org\/wp-content\/uploads\/2024\/05\/IMG-20240531-WA0185-1536x1023.jpg 1536w, https:\/\/atecordoba.org\/wp-content\/uploads\/2024\/05\/IMG-20240531-WA0185-750x500.jpg 750w, https:\/\/atecordoba.org\/wp-content\/uploads\/2024\/05\/IMG-20240531-WA0185-1140x760.jpg 1140w, https:\/\/atecordoba.org\/wp-content\/uploads\/2024\/05\/IMG-20240531-WA0185.jpg 1600w\" sizes=\"auto, (max-width: 1024px) 100vw, 1024px\" \/><\/figure>\n<\/div>\n\n\n<p>Ayer se realiz\u00f3 en el m\u00edtico teatro Margarita Xirgu del barrio porte\u00f1o de San Telmo, el 67\u00b0 Congreso Ordinario y Extraordinario Nacional de la Asociaci\u00f3n Trabajadores del Estado, que aprob\u00f3 en forma un\u00e1nime la presentaci\u00f3n de la Memoria y el Balance 2023.<\/p>\n\n\n\n<p>Con la participaci\u00f3n de 150 congresales de todo el pa\u00eds, nuestro secretario General Nacional, Rodolfo Aguiar, remarc\u00f3 el protagonismo de todas y todos aquellos que participan del c\u00f3nclave, con la nueva conducci\u00f3n nacional constituida en noviembre pasado.<\/p>\n\n\n<div class=\"wp-block-image\">\n<figure class=\"aligncenter size-large is-resized\"><img loading=\"lazy\" decoding=\"async\" width=\"1024\" height=\"682\" src=\"https:\/\/atecordoba.org\/wp-content\/uploads\/2024\/05\/IMG-20240531-WA0176-1-1024x682.jpg\" alt=\"\" class=\"wp-image-43738\" style=\"width:600px\" srcset=\"https:\/\/atecordoba.org\/wp-content\/uploads\/2024\/05\/IMG-20240531-WA0176-1-1024x682.jpg 1024w, https:\/\/atecordoba.org\/wp-content\/uploads\/2024\/05\/IMG-20240531-WA0176-1-300x200.jpg 300w, https:\/\/atecordoba.org\/wp-content\/uploads\/2024\/05\/IMG-20240531-WA0176-1-768x512.jpg 768w, https:\/\/atecordoba.org\/wp-content\/uploads\/2024\/05\/IMG-20240531-WA0176-1-1536x1023.jpg 1536w, https:\/\/atecordoba.org\/wp-content\/uploads\/2024\/05\/IMG-20240531-WA0176-1-750x500.jpg 750w, https:\/\/atecordoba.org\/wp-content\/uploads\/2024\/05\/IMG-20240531-WA0176-1-1140x760.jpg 1140w, https:\/\/atecordoba.org\/wp-content\/uploads\/2024\/05\/IMG-20240531-WA0176-1.jpg 1600w\" sizes=\"auto, (max-width: 1024px) 100vw, 1024px\" \/><\/figure>\n<\/div>\n\n\n<p>Sobre esta nueva conducci\u00f3n Aguiar remarc\u00f3 que \u201cno lleg\u00f3 sola. Es de todas y todos, porque lleg\u00f3 con el apoyo de cada una y cada uno de ustedes, pero tambi\u00e9n gracias a la voluntad inquebrantable de esas 364 mil afiliadas y afiliados que componen el sindicato\u201d.<\/p>\n\n\n\n<p>Cabe destacar que el conjunto de las y los compa\u00f1eros presentes se solidarizaron con le Consejo Directivo Provincial (CDP) de C\u00f3rdoba ante el acoso que el Poder Judicial est\u00e1 imponiendo a nuestro secretario General, Federico Giuliani, que agradeci\u00f3 las innumerables muestras de cari\u00f1o y apoyo que recibi\u00f3 ayer. <\/p>\n\n\n\n<p>Durante el desarrollo del Congreso, Aguiar hizo un repaso de los conflictos existentes y destac\u00f3 la lucha en las distintas provinciales para frenar el ajuste brutal que lleva adelante el Gobierno de Javier Milei.<\/p>\n\n\n<div class=\"wp-block-image\">\n<figure class=\"aligncenter size-large is-resized\"><img loading=\"lazy\" decoding=\"async\" width=\"1024\" height=\"681\" src=\"https:\/\/atecordoba.org\/wp-content\/uploads\/2024\/05\/IMG-20240531-WA0186-1024x681.jpg\" alt=\"\" class=\"wp-image-43739\" style=\"width:600px\" srcset=\"https:\/\/atecordoba.org\/wp-content\/uploads\/2024\/05\/IMG-20240531-WA0186-1024x681.jpg 1024w, https:\/\/atecordoba.org\/wp-content\/uploads\/2024\/05\/IMG-20240531-WA0186-300x200.jpg 300w, https:\/\/atecordoba.org\/wp-content\/uploads\/2024\/05\/IMG-20240531-WA0186-768x511.jpg 768w, https:\/\/atecordoba.org\/wp-content\/uploads\/2024\/05\/IMG-20240531-WA0186-1536x1021.jpg 1536w, https:\/\/atecordoba.org\/wp-content\/uploads\/2024\/05\/IMG-20240531-WA0186-750x499.jpg 750w, https:\/\/atecordoba.org\/wp-content\/uploads\/2024\/05\/IMG-20240531-WA0186-1140x758.jpg 1140w, https:\/\/atecordoba.org\/wp-content\/uploads\/2024\/05\/IMG-20240531-WA0186.jpg 1600w\" sizes=\"auto, (max-width: 1024px) 100vw, 1024px\" \/><\/figure>\n<\/div>\n\n\n<p>\u201cEl de este Gobierno no es un ajuste cualquiera: Hay un intento de disoluci\u00f3n nacional y enfrentamos un plan para colonizar a la Argentina\u201d, dijo Aguiar. <\/p>\n\n\n\n<p>A su turno, Giuliani se solidariz\u00f3 con el pueblo de Misiones &#8220;que pelea hace varias semanas y nos muestra el camino a seguir, porque la pelea no es sectorial sino colectiva y como pueblo. Esa es la \u00fanica manera que logremos poner en agenda nuestras problem\u00e1ticas, pero tambi\u00e9n la propuesta para salir de la crisis de ajuste que nos lleva el gobierno de Milei&#8221;.<\/p>\n\n\n<div class=\"wp-block-image\">\n<figure class=\"alignleft size-large is-resized\"><img loading=\"lazy\" decoding=\"async\" width=\"768\" height=\"1024\" src=\"https:\/\/atecordoba.org\/wp-content\/uploads\/2024\/05\/IMG-20240531-WA0175-768x1024.jpg\" alt=\"\" class=\"wp-image-43740\" style=\"width:600px\" srcset=\"https:\/\/atecordoba.org\/wp-content\/uploads\/2024\/05\/IMG-20240531-WA0175-768x1024.jpg 768w, https:\/\/atecordoba.org\/wp-content\/uploads\/2024\/05\/IMG-20240531-WA0175-225x300.jpg 225w, https:\/\/atecordoba.org\/wp-content\/uploads\/2024\/05\/IMG-20240531-WA0175-750x1000.jpg 750w, https:\/\/atecordoba.org\/wp-content\/uploads\/2024\/05\/IMG-20240531-WA0175.jpg 960w\" sizes=\"auto, (max-width: 768px) 100vw, 768px\" \/><\/figure>\n<\/div>\n\n\n<p>Y destac\u00f3 que &#8220;el s\u00e1bado pasado Milei la pas\u00f3 muy mal en C\u00f3rdoba. Lo hostigamos desde que lleg\u00f3 al Aeropuerto, bloque\u00e1ndolo a pesar de la represi\u00f3n de la Gendarmer\u00eda y sus gases lacrim\u00f3genos. Se los devolvimos y el viento estuvo de nuestra parte oblig\u00e1ndolos a replegarse y pasando un verdadero papel\u00f3n, demostrando que cuando el pueblo se junta est\u00e1 dispuesto a enfrentar toda agresi\u00f3n que pretenda parar la lucha popular. Y tambi\u00e9n nos fuimos al centro porque ah\u00ed se hac\u00eda el acto principal de las centrales sindicales en la m\u00edtica esquina de Col\u00f3n y General Paz. Y no nos quedamos a discursearnos entre nosotros: dijimos que, si era un Cabildo Abierto entonces vamos al Cabildo Abierto a escuchar de qu\u00e9 se trataba. La polic\u00eda de C\u00f3rdoba nos reprimi\u00f3 con una sa\u00f1a que hac\u00eda mucho no se ve\u00eda. Sufrimos 14 heridos de bala de goma, gas pimienta a decenas de compa\u00f1eros y compa\u00f1eras. Pero demostramos que m\u00e1s all\u00e1 que parte del pueblo cordob\u00e9s vot\u00f3 a Milei, fuimos muchos m\u00e1s los que est\u00e1bamos fuera de esa plaza que los que aplaud\u00edan la pol\u00edtica de ajuste de este gobierno&#8221;.<\/p>\n\n\n\n<p>En otro tramo de su exposici\u00f3n, el secretario General afirm\u00f3 que &#8220;fruto de la movilizaci\u00f3n la Ley de Bases sigue empantanada. Y que el Pacto de Mayo fracas\u00f3 por la organizaci\u00f3n y la lucha popular. El acto de C\u00f3rdoba no fue como Milei lo so\u00f1\u00f3, yo creo que este clima de hostilidad hay que seguir impuls\u00e1ndolo. No hay que tenerle miedo a esa palabra. De la misma forma que mientras ac\u00e1 en Capital Federal escracharon a Techint, en C\u00f3rdoba nos movilizaron para escrachar a la Fundaci\u00f3n Mediterr\u00e1nea, que es la usina ideol\u00f3gica proveedora desde la dictadura militar de cuadros pol\u00edticos e ideol\u00f3gicos a las corporaciones que gobiernan Argentina. Y los escrachamos como hac\u00edamos en los \u201990 desde HIJOS, cuando se\u00f1al\u00e1bamos la impunidad de los genocidas sueltos por el menemismo. Escrachar significa manifestarse contra un grupo o persona en un domicilio. No le tengamos miedo a la palabra ni dejemos que el enemigo nos robe la palabra&#8221;.<\/p>\n\n\n\n<p>Acto seguido hizo referencia a las causas judiciales armadas en C\u00f3rdoba al asegurar que &#8220;claro que se la est\u00e1n cobrando, por eso agradecemos el apoyo de cada compa\u00f1era y compa\u00f1ero con su mensaje de solidaridad en estos d\u00edas dif\u00edciles que nos tocan vivir. Podemos tener matices, pero tenemos que actuar como un pu\u00f1o ante un fascismo que vino por todos y por todo&#8221;.<\/p>\n\n\n<div class=\"wp-block-image\">\n<figure class=\"aligncenter size-large is-resized\"><img loading=\"lazy\" decoding=\"async\" width=\"1024\" height=\"768\" src=\"https:\/\/atecordoba.org\/wp-content\/uploads\/2024\/05\/IMG-20240531-WA0171-1024x768.jpg\" alt=\"\" class=\"wp-image-43741\" style=\"width:600px\" srcset=\"https:\/\/atecordoba.org\/wp-content\/uploads\/2024\/05\/IMG-20240531-WA0171-1024x768.jpg 1024w, https:\/\/atecordoba.org\/wp-content\/uploads\/2024\/05\/IMG-20240531-WA0171-300x225.jpg 300w, https:\/\/atecordoba.org\/wp-content\/uploads\/2024\/05\/IMG-20240531-WA0171-768x576.jpg 768w, https:\/\/atecordoba.org\/wp-content\/uploads\/2024\/05\/IMG-20240531-WA0171-750x563.jpg 750w, https:\/\/atecordoba.org\/wp-content\/uploads\/2024\/05\/IMG-20240531-WA0171-1140x855.jpg 1140w, https:\/\/atecordoba.org\/wp-content\/uploads\/2024\/05\/IMG-20240531-WA0171.jpg 1280w\" sizes=\"auto, (max-width: 1024px) 100vw, 1024px\" \/><\/figure>\n<\/div>\n\n\n<p>Para luego trasladar a las y los presentes que &#8220;en el repaso de la historia, solo seis compa\u00f1eros han tenido el privilegio de conducir esta organizaci\u00f3n sindical desde el \u201984. Somos miles y miles los que integramos ATE, pero solo unos pocos conducen pro lo cual resaltamos lo que dijo V\u00edctor de Gennaro: no importa el lugar, ni los cargos, ni la chapa. Somos militantes de ATE, soldados con la pechera verde y vamos al frente para defender el Estado frente al vaciamiento y para ser parte de un nuevo movimiento pol\u00edtico de liberaci\u00f3n&#8221;.<\/p>\n\n\n\n<p>&#8220;No me cabe la menor duda que este ATE est\u00e1 en el lugar que tiene que estar. Vengo de una provincia que pari\u00f3 dos programas de la clase obrera, recuperemos -m\u00e1s del pliego de reivindicaciones- un programa de la clase trabajadora, como en Huerta Grande, como en La Falda, como el grito del 1\u00b0 de Mayo de la CGT de los Argentinos. Vamos por un ATE clasista y combativo, antipatriarcal, antiimperialista, para construir un patria nueva, justa y solidaria para todas y todos&#8221;, concluy\u00f3 Giuliani. \u00a0\u00a0<\/p>\n\n\n\n<figure class=\"wp-block-gallery has-nested-images columns-default is-cropped wp-block-gallery-1 is-layout-flex wp-block-gallery-is-layout-flex\">\n<figure class=\"wp-block-image size-large\"><a href=\"https:\/\/atecordoba.org\/wp-content\/uploads\/2024\/05\/IMG-20240531-WA0175-1.jpg\" target=\"_blank\" rel=\"noopener\"><img loading=\"lazy\" decoding=\"async\" width=\"768\" height=\"1024\" data-id=\"43743\" src=\"https:\/\/atecordoba.org\/wp-content\/uploads\/2024\/05\/IMG-20240531-WA0175-1-768x1024.jpg\" alt=\"\" class=\"wp-image-43743\" srcset=\"https:\/\/atecordoba.org\/wp-content\/uploads\/2024\/05\/IMG-20240531-WA0175-1-768x1024.jpg 768w, https:\/\/atecordoba.org\/wp-content\/uploads\/2024\/05\/IMG-20240531-WA0175-1-225x300.jpg 225w, https:\/\/atecordoba.org\/wp-content\/uploads\/2024\/05\/IMG-20240531-WA0175-1-750x1000.jpg 750w, https:\/\/atecordoba.org\/wp-content\/uploads\/2024\/05\/IMG-20240531-WA0175-1.jpg 960w\" sizes=\"auto, (max-width: 768px) 100vw, 768px\" \/><\/a><\/figure>\n\n\n\n<figure class=\"wp-block-image size-large\"><a href=\"https:\/\/atecordoba.org\/wp-content\/uploads\/2024\/05\/IMG-20240531-WA0165.jpg\" target=\"_blank\" rel=\"noopener\"><img loading=\"lazy\" decoding=\"async\" width=\"768\" height=\"1024\" data-id=\"43744\" src=\"https:\/\/atecordoba.org\/wp-content\/uploads\/2024\/05\/IMG-20240531-WA0165-768x1024.jpg\" alt=\"\" class=\"wp-image-43744\" srcset=\"https:\/\/atecordoba.org\/wp-content\/uploads\/2024\/05\/IMG-20240531-WA0165-768x1024.jpg 768w, https:\/\/atecordoba.org\/wp-content\/uploads\/2024\/05\/IMG-20240531-WA0165-225x300.jpg 225w, https:\/\/atecordoba.org\/wp-content\/uploads\/2024\/05\/IMG-20240531-WA0165-750x1000.jpg 750w, https:\/\/atecordoba.org\/wp-content\/uploads\/2024\/05\/IMG-20240531-WA0165.jpg 960w\" sizes=\"auto, (max-width: 768px) 100vw, 768px\" \/><\/a><\/figure>\n\n\n\n<figure class=\"wp-block-image size-large\"><a href=\"https:\/\/atecordoba.org\/wp-content\/uploads\/2024\/05\/IMG-20240531-WA0170.jpg\" target=\"_blank\" rel=\"noopener\"><img loading=\"lazy\" decoding=\"async\" width=\"765\" height=\"1020\" data-id=\"43742\" src=\"https:\/\/atecordoba.org\/wp-content\/uploads\/2024\/05\/IMG-20240531-WA0170.jpg\" alt=\"\" class=\"wp-image-43742\" srcset=\"https:\/\/atecordoba.org\/wp-content\/uploads\/2024\/05\/IMG-20240531-WA0170.jpg 765w, https:\/\/atecordoba.org\/wp-content\/uploads\/2024\/05\/IMG-20240531-WA0170-225x300.jpg 225w, https:\/\/atecordoba.org\/wp-content\/uploads\/2024\/05\/IMG-20240531-WA0170-750x1000.jpg 750w\" sizes=\"auto, (max-width: 765px) 100vw, 765px\" \/><\/a><\/figure>\n<\/figure>\n\n\n\n<figure class=\"wp-block-gallery has-nested-images columns-default is-cropped wp-block-gallery-2 is-layout-flex wp-block-gallery-is-layout-flex\">\n<figure class=\"wp-block-image size-large\"><img loading=\"lazy\" decoding=\"async\" width=\"1024\" height=\"681\" data-id=\"43749\" src=\"https:\/\/atecordoba.org\/wp-content\/uploads\/2024\/05\/IMG-20240531-WA0168-1024x681.jpg\" alt=\"\" class=\"wp-image-43749\" srcset=\"https:\/\/atecordoba.org\/wp-content\/uploads\/2024\/05\/IMG-20240531-WA0168-1024x681.jpg 1024w, https:\/\/atecordoba.org\/wp-content\/uploads\/2024\/05\/IMG-20240531-WA0168-300x199.jpg 300w, https:\/\/atecordoba.org\/wp-content\/uploads\/2024\/05\/IMG-20240531-WA0168-768x511.jpg 768w, https:\/\/atecordoba.org\/wp-content\/uploads\/2024\/05\/IMG-20240531-WA0168-750x499.jpg 750w, https:\/\/atecordoba.org\/wp-content\/uploads\/2024\/05\/IMG-20240531-WA0168-1140x758.jpg 1140w, https:\/\/atecordoba.org\/wp-content\/uploads\/2024\/05\/IMG-20240531-WA0168.jpg 1280w\" sizes=\"auto, (max-width: 1024px) 100vw, 1024px\" \/><\/figure>\n\n\n\n<figure class=\"wp-block-image size-large\"><img loading=\"lazy\" decoding=\"async\" width=\"1024\" height=\"681\" data-id=\"43750\" src=\"https:\/\/atecordoba.org\/wp-content\/uploads\/2024\/05\/IMG-20240531-WA0172-1024x681.jpg\" alt=\"\" class=\"wp-image-43750\" srcset=\"https:\/\/atecordoba.org\/wp-content\/uploads\/2024\/05\/IMG-20240531-WA0172-1024x681.jpg 1024w, https:\/\/atecordoba.org\/wp-content\/uploads\/2024\/05\/IMG-20240531-WA0172-300x199.jpg 300w, https:\/\/atecordoba.org\/wp-content\/uploads\/2024\/05\/IMG-20240531-WA0172-768x511.jpg 768w, https:\/\/atecordoba.org\/wp-content\/uploads\/2024\/05\/IMG-20240531-WA0172-750x499.jpg 750w, https:\/\/atecordoba.org\/wp-content\/uploads\/2024\/05\/IMG-20240531-WA0172-1140x758.jpg 1140w, https:\/\/atecordoba.org\/wp-content\/uploads\/2024\/05\/IMG-20240531-WA0172.jpg 1280w\" sizes=\"auto, (max-width: 1024px) 100vw, 1024px\" \/><\/figure>\n\n\n\n<figure class=\"wp-block-image size-large\"><img loading=\"lazy\" decoding=\"async\" width=\"1024\" height=\"682\" data-id=\"43752\" src=\"https:\/\/atecordoba.org\/wp-content\/uploads\/2024\/05\/IMG-20240531-WA0174-1024x682.jpg\" alt=\"\" class=\"wp-image-43752\" srcset=\"https:\/\/atecordoba.org\/wp-content\/uploads\/2024\/05\/IMG-20240531-WA0174-1024x682.jpg 1024w, https:\/\/atecordoba.org\/wp-content\/uploads\/2024\/05\/IMG-20240531-WA0174-300x200.jpg 300w, https:\/\/atecordoba.org\/wp-content\/uploads\/2024\/05\/IMG-20240531-WA0174-768x512.jpg 768w, https:\/\/atecordoba.org\/wp-content\/uploads\/2024\/05\/IMG-20240531-WA0174-1536x1023.jpg 1536w, https:\/\/atecordoba.org\/wp-content\/uploads\/2024\/05\/IMG-20240531-WA0174-750x500.jpg 750w, https:\/\/atecordoba.org\/wp-content\/uploads\/2024\/05\/IMG-20240531-WA0174-1140x760.jpg 1140w, https:\/\/atecordoba.org\/wp-content\/uploads\/2024\/05\/IMG-20240531-WA0174.jpg 1600w\" sizes=\"auto, (max-width: 1024px) 100vw, 1024px\" \/><\/figure>\n\n\n\n<figure class=\"wp-block-image size-large\"><img loading=\"lazy\" decoding=\"async\" width=\"1024\" height=\"681\" data-id=\"43751\" src=\"https:\/\/atecordoba.org\/wp-content\/uploads\/2024\/05\/IMG-20240531-WA0177-1024x681.jpg\" alt=\"\" class=\"wp-image-43751\" srcset=\"https:\/\/atecordoba.org\/wp-content\/uploads\/2024\/05\/IMG-20240531-WA0177-1024x681.jpg 1024w, https:\/\/atecordoba.org\/wp-content\/uploads\/2024\/05\/IMG-20240531-WA0177-300x199.jpg 300w, https:\/\/atecordoba.org\/wp-content\/uploads\/2024\/05\/IMG-20240531-WA0177-768x511.jpg 768w, https:\/\/atecordoba.org\/wp-content\/uploads\/2024\/05\/IMG-20240531-WA0177-750x499.jpg 750w, https:\/\/atecordoba.org\/wp-content\/uploads\/2024\/05\/IMG-20240531-WA0177-1140x758.jpg 1140w, https:\/\/atecordoba.org\/wp-content\/uploads\/2024\/05\/IMG-20240531-WA0177.jpg 1280w\" sizes=\"auto, (max-width: 1024px) 100vw, 1024px\" \/><\/figure>\n\n\n\n<figure class=\"wp-block-image size-large\"><img loading=\"lazy\" decoding=\"async\" width=\"1024\" height=\"768\" data-id=\"43746\" src=\"https:\/\/atecordoba.org\/wp-content\/uploads\/2024\/05\/IMG-20240531-WA0178-1024x768.jpg\" alt=\"\" class=\"wp-image-43746\" srcset=\"https:\/\/atecordoba.org\/wp-content\/uploads\/2024\/05\/IMG-20240531-WA0178-1024x768.jpg 1024w, https:\/\/atecordoba.org\/wp-content\/uploads\/2024\/05\/IMG-20240531-WA0178-300x225.jpg 300w, https:\/\/atecordoba.org\/wp-content\/uploads\/2024\/05\/IMG-20240531-WA0178-768x576.jpg 768w, https:\/\/atecordoba.org\/wp-content\/uploads\/2024\/05\/IMG-20240531-WA0178-750x563.jpg 750w, https:\/\/atecordoba.org\/wp-content\/uploads\/2024\/05\/IMG-20240531-WA0178-1140x855.jpg 1140w, https:\/\/atecordoba.org\/wp-content\/uploads\/2024\/05\/IMG-20240531-WA0178.jpg 1280w\" sizes=\"auto, (max-width: 1024px) 100vw, 1024px\" \/><\/figure>\n\n\n\n<figure class=\"wp-block-image size-large\"><img loading=\"lazy\" decoding=\"async\" width=\"1024\" height=\"682\" data-id=\"43747\" src=\"https:\/\/atecordoba.org\/wp-content\/uploads\/2024\/05\/IMG-20240531-WA0179-1024x682.jpg\" alt=\"\" class=\"wp-image-43747\" srcset=\"https:\/\/atecordoba.org\/wp-content\/uploads\/2024\/05\/IMG-20240531-WA0179-1024x682.jpg 1024w, https:\/\/atecordoba.org\/wp-content\/uploads\/2024\/05\/IMG-20240531-WA0179-300x200.jpg 300w, https:\/\/atecordoba.org\/wp-content\/uploads\/2024\/05\/IMG-20240531-WA0179-768x512.jpg 768w, https:\/\/atecordoba.org\/wp-content\/uploads\/2024\/05\/IMG-20240531-WA0179-1536x1023.jpg 1536w, https:\/\/atecordoba.org\/wp-content\/uploads\/2024\/05\/IMG-20240531-WA0179-750x500.jpg 750w, https:\/\/atecordoba.org\/wp-content\/uploads\/2024\/05\/IMG-20240531-WA0179-1140x760.jpg 1140w, https:\/\/atecordoba.org\/wp-content\/uploads\/2024\/05\/IMG-20240531-WA0179.jpg 1600w\" sizes=\"auto, (max-width: 1024px) 100vw, 1024px\" \/><\/figure>\n\n\n\n<figure class=\"wp-block-image size-large\"><img loading=\"lazy\" decoding=\"async\" width=\"1024\" height=\"681\" data-id=\"43745\" src=\"https:\/\/atecordoba.org\/wp-content\/uploads\/2024\/05\/IMG-20240531-WA0180-1024x681.jpg\" alt=\"\" class=\"wp-image-43745\" srcset=\"https:\/\/atecordoba.org\/wp-content\/uploads\/2024\/05\/IMG-20240531-WA0180-1024x681.jpg 1024w, https:\/\/atecordoba.org\/wp-content\/uploads\/2024\/05\/IMG-20240531-WA0180-300x200.jpg 300w, https:\/\/atecordoba.org\/wp-content\/uploads\/2024\/05\/IMG-20240531-WA0180-768x511.jpg 768w, https:\/\/atecordoba.org\/wp-content\/uploads\/2024\/05\/IMG-20240531-WA0180-1536x1021.jpg 1536w, https:\/\/atecordoba.org\/wp-content\/uploads\/2024\/05\/IMG-20240531-WA0180-750x499.jpg 750w, https:\/\/atecordoba.org\/wp-content\/uploads\/2024\/05\/IMG-20240531-WA0180-1140x758.jpg 1140w, https:\/\/atecordoba.org\/wp-content\/uploads\/2024\/05\/IMG-20240531-WA0180.jpg 1600w\" sizes=\"auto, (max-width: 1024px) 100vw, 1024px\" \/><\/figure>\n\n\n\n<figure class=\"wp-block-image size-large\"><img loading=\"lazy\" decoding=\"async\" width=\"1024\" height=\"681\" data-id=\"43766\" src=\"https:\/\/atecordoba.org\/wp-content\/uploads\/2024\/05\/IMG-20240531-WA0201-1-1024x681.jpg\" alt=\"\" class=\"wp-image-43766\" srcset=\"https:\/\/atecordoba.org\/wp-content\/uploads\/2024\/05\/IMG-20240531-WA0201-1-1024x681.jpg 1024w, https:\/\/atecordoba.org\/wp-content\/uploads\/2024\/05\/IMG-20240531-WA0201-1-300x199.jpg 300w, https:\/\/atecordoba.org\/wp-content\/uploads\/2024\/05\/IMG-20240531-WA0201-1-768x511.jpg 768w, https:\/\/atecordoba.org\/wp-content\/uploads\/2024\/05\/IMG-20240531-WA0201-1-750x499.jpg 750w, https:\/\/atecordoba.org\/wp-content\/uploads\/2024\/05\/IMG-20240531-WA0201-1-1140x758.jpg 1140w, https:\/\/atecordoba.org\/wp-content\/uploads\/2024\/05\/IMG-20240531-WA0201-1.jpg 1280w\" sizes=\"auto, (max-width: 1024px) 100vw, 1024px\" \/><\/figure>\n\n\n\n<figure class=\"wp-block-image size-large\"><img loading=\"lazy\" decoding=\"async\" width=\"1024\" height=\"768\" data-id=\"43748\" src=\"https:\/\/atecordoba.org\/wp-content\/uploads\/2024\/05\/IMG-20240531-WA0163-1024x768.jpg\" alt=\"\" class=\"wp-image-43748\" srcset=\"https:\/\/atecordoba.org\/wp-content\/uploads\/2024\/05\/IMG-20240531-WA0163-1024x768.jpg 1024w, https:\/\/atecordoba.org\/wp-content\/uploads\/2024\/05\/IMG-20240531-WA0163-300x225.jpg 300w, https:\/\/atecordoba.org\/wp-content\/uploads\/2024\/05\/IMG-20240531-WA0163-768x576.jpg 768w, https:\/\/atecordoba.org\/wp-content\/uploads\/2024\/05\/IMG-20240531-WA0163-750x563.jpg 750w, https:\/\/atecordoba.org\/wp-content\/uploads\/2024\/05\/IMG-20240531-WA0163-1140x855.jpg 1140w, https:\/\/atecordoba.org\/wp-content\/uploads\/2024\/05\/IMG-20240531-WA0163.jpg 1280w\" sizes=\"auto, (max-width: 1024px) 100vw, 1024px\" \/><\/figure>\n<\/figure>\n\n\n\n<figure class=\"wp-block-gallery has-nested-images columns-default is-cropped wp-block-gallery-3 is-layout-flex wp-block-gallery-is-layout-flex\">\n<figure class=\"wp-block-image size-large\"><img loading=\"lazy\" decoding=\"async\" width=\"1024\" height=\"682\" data-id=\"43757\" src=\"https:\/\/atecordoba.org\/wp-content\/uploads\/2024\/05\/IMG-20240531-WA0202-1024x682.jpg\" alt=\"\" class=\"wp-image-43757\" srcset=\"https:\/\/atecordoba.org\/wp-content\/uploads\/2024\/05\/IMG-20240531-WA0202-1024x682.jpg 1024w, https:\/\/atecordoba.org\/wp-content\/uploads\/2024\/05\/IMG-20240531-WA0202-300x200.jpg 300w, https:\/\/atecordoba.org\/wp-content\/uploads\/2024\/05\/IMG-20240531-WA0202-768x512.jpg 768w, https:\/\/atecordoba.org\/wp-content\/uploads\/2024\/05\/IMG-20240531-WA0202-1536x1023.jpg 1536w, https:\/\/atecordoba.org\/wp-content\/uploads\/2024\/05\/IMG-20240531-WA0202-750x500.jpg 750w, https:\/\/atecordoba.org\/wp-content\/uploads\/2024\/05\/IMG-20240531-WA0202-1140x760.jpg 1140w, https:\/\/atecordoba.org\/wp-content\/uploads\/2024\/05\/IMG-20240531-WA0202.jpg 1600w\" sizes=\"auto, (max-width: 1024px) 100vw, 1024px\" \/><\/figure>\n\n\n\n<figure class=\"wp-block-image size-large\"><img loading=\"lazy\" decoding=\"async\" width=\"1024\" height=\"682\" data-id=\"43754\" src=\"https:\/\/atecordoba.org\/wp-content\/uploads\/2024\/05\/IMG-20240531-WA0190-1024x682.jpg\" alt=\"\" class=\"wp-image-43754\" \/><\/figure>\n\n\n\n<figure class=\"wp-block-image size-large\"><img loading=\"lazy\" decoding=\"async\" width=\"1024\" height=\"682\" data-id=\"43764\" src=\"https:\/\/atecordoba.org\/wp-content\/uploads\/2024\/05\/IMG-20240531-WA0191-1024x682.jpg\" alt=\"\" class=\"wp-image-43764\" srcset=\"https:\/\/atecordoba.org\/wp-content\/uploads\/2024\/05\/IMG-20240531-WA0191-1024x682.jpg 1024w, https:\/\/atecordoba.org\/wp-content\/uploads\/2024\/05\/IMG-20240531-WA0191-300x200.jpg 300w, https:\/\/atecordoba.org\/wp-content\/uploads\/2024\/05\/IMG-20240531-WA0191-768x512.jpg 768w, https:\/\/atecordoba.org\/wp-content\/uploads\/2024\/05\/IMG-20240531-WA0191-1536x1023.jpg 1536w, https:\/\/atecordoba.org\/wp-content\/uploads\/2024\/05\/IMG-20240531-WA0191-750x500.jpg 750w, https:\/\/atecordoba.org\/wp-content\/uploads\/2024\/05\/IMG-20240531-WA0191-1140x760.jpg 1140w, https:\/\/atecordoba.org\/wp-content\/uploads\/2024\/05\/IMG-20240531-WA0191.jpg 1600w\" sizes=\"auto, (max-width: 1024px) 100vw, 1024px\" \/><\/figure>\n\n\n\n<figure class=\"wp-block-image size-large\"><img loading=\"lazy\" decoding=\"async\" width=\"1024\" height=\"682\" data-id=\"43759\" src=\"https:\/\/atecordoba.org\/wp-content\/uploads\/2024\/05\/IMG-20240531-WA0192-1024x682.jpg\" alt=\"\" class=\"wp-image-43759\" srcset=\"https:\/\/atecordoba.org\/wp-content\/uploads\/2024\/05\/IMG-20240531-WA0192-1024x682.jpg 1024w, https:\/\/atecordoba.org\/wp-content\/uploads\/2024\/05\/IMG-20240531-WA0192-300x200.jpg 300w, https:\/\/atecordoba.org\/wp-content\/uploads\/2024\/05\/IMG-20240531-WA0192-768x512.jpg 768w, https:\/\/atecordoba.org\/wp-content\/uploads\/2024\/05\/IMG-20240531-WA0192-1536x1023.jpg 1536w, https:\/\/atecordoba.org\/wp-content\/uploads\/2024\/05\/IMG-20240531-WA0192-750x500.jpg 750w, https:\/\/atecordoba.org\/wp-content\/uploads\/2024\/05\/IMG-20240531-WA0192-1140x760.jpg 1140w, https:\/\/atecordoba.org\/wp-content\/uploads\/2024\/05\/IMG-20240531-WA0192.jpg 1600w\" sizes=\"auto, (max-width: 1024px) 100vw, 1024px\" \/><\/figure>\n\n\n\n<figure class=\"wp-block-image size-large\"><img loading=\"lazy\" decoding=\"async\" width=\"1024\" height=\"681\" data-id=\"43753\" src=\"https:\/\/atecordoba.org\/wp-content\/uploads\/2024\/05\/IMG-20240531-WA0193-1024x681.jpg\" alt=\"\" class=\"wp-image-43753\" srcset=\"https:\/\/atecordoba.org\/wp-content\/uploads\/2024\/05\/IMG-20240531-WA0193-1024x681.jpg 1024w, https:\/\/atecordoba.org\/wp-content\/uploads\/2024\/05\/IMG-20240531-WA0193-300x199.jpg 300w, https:\/\/atecordoba.org\/wp-content\/uploads\/2024\/05\/IMG-20240531-WA0193-768x511.jpg 768w, https:\/\/atecordoba.org\/wp-content\/uploads\/2024\/05\/IMG-20240531-WA0193-750x499.jpg 750w, https:\/\/atecordoba.org\/wp-content\/uploads\/2024\/05\/IMG-20240531-WA0193-1140x758.jpg 1140w, https:\/\/atecordoba.org\/wp-content\/uploads\/2024\/05\/IMG-20240531-WA0193.jpg 1280w\" sizes=\"auto, (max-width: 1024px) 100vw, 1024px\" \/><\/figure>\n\n\n\n<figure class=\"wp-block-image size-large\"><img loading=\"lazy\" decoding=\"async\" width=\"1024\" height=\"682\" data-id=\"43763\" src=\"https:\/\/atecordoba.org\/wp-content\/uploads\/2024\/05\/IMG-20240531-WA0194-1024x682.jpg\" alt=\"\" class=\"wp-image-43763\" srcset=\"https:\/\/atecordoba.org\/wp-content\/uploads\/2024\/05\/IMG-20240531-WA0194-1024x682.jpg 1024w, https:\/\/atecordoba.org\/wp-content\/uploads\/2024\/05\/IMG-20240531-WA0194-300x200.jpg 300w, https:\/\/atecordoba.org\/wp-content\/uploads\/2024\/05\/IMG-20240531-WA0194-768x512.jpg 768w, https:\/\/atecordoba.org\/wp-content\/uploads\/2024\/05\/IMG-20240531-WA0194-1536x1023.jpg 1536w, https:\/\/atecordoba.org\/wp-content\/uploads\/2024\/05\/IMG-20240531-WA0194-750x500.jpg 750w, https:\/\/atecordoba.org\/wp-content\/uploads\/2024\/05\/IMG-20240531-WA0194-1140x760.jpg 1140w, https:\/\/atecordoba.org\/wp-content\/uploads\/2024\/05\/IMG-20240531-WA0194.jpg 1600w\" sizes=\"auto, (max-width: 1024px) 100vw, 1024px\" \/><\/figure>\n\n\n\n<figure class=\"wp-block-image size-large\"><img loading=\"lazy\" decoding=\"async\" width=\"1024\" height=\"682\" data-id=\"43765\" src=\"https:\/\/atecordoba.org\/wp-content\/uploads\/2024\/05\/IMG-20240531-WA0195-1024x682.jpg\" alt=\"\" class=\"wp-image-43765\" srcset=\"https:\/\/atecordoba.org\/wp-content\/uploads\/2024\/05\/IMG-20240531-WA0195-1024x682.jpg 1024w, https:\/\/atecordoba.org\/wp-content\/uploads\/2024\/05\/IMG-20240531-WA0195-300x200.jpg 300w, https:\/\/atecordoba.org\/wp-content\/uploads\/2024\/05\/IMG-20240531-WA0195-768x512.jpg 768w, https:\/\/atecordoba.org\/wp-content\/uploads\/2024\/05\/IMG-20240531-WA0195-1536x1023.jpg 1536w, https:\/\/atecordoba.org\/wp-content\/uploads\/2024\/05\/IMG-20240531-WA0195-750x500.jpg 750w, https:\/\/atecordoba.org\/wp-content\/uploads\/2024\/05\/IMG-20240531-WA0195-1140x760.jpg 1140w, https:\/\/atecordoba.org\/wp-content\/uploads\/2024\/05\/IMG-20240531-WA0195.jpg 1600w\" sizes=\"auto, (max-width: 1024px) 100vw, 1024px\" \/><\/figure>\n\n\n\n<figure class=\"wp-block-image size-large\"><img loading=\"lazy\" decoding=\"async\" width=\"1024\" height=\"681\" data-id=\"43756\" src=\"https:\/\/atecordoba.org\/wp-content\/uploads\/2024\/05\/IMG-20240531-WA0196-1024x681.jpg\" alt=\"\" class=\"wp-image-43756\" srcset=\"https:\/\/atecordoba.org\/wp-content\/uploads\/2024\/05\/IMG-20240531-WA0196-1024x681.jpg 1024w, https:\/\/atecordoba.org\/wp-content\/uploads\/2024\/05\/IMG-20240531-WA0196-300x200.jpg 300w, https:\/\/atecordoba.org\/wp-content\/uploads\/2024\/05\/IMG-20240531-WA0196-768x511.jpg 768w, https:\/\/atecordoba.org\/wp-content\/uploads\/2024\/05\/IMG-20240531-WA0196-1536x1021.jpg 1536w, https:\/\/atecordoba.org\/wp-content\/uploads\/2024\/05\/IMG-20240531-WA0196-750x499.jpg 750w, https:\/\/atecordoba.org\/wp-content\/uploads\/2024\/05\/IMG-20240531-WA0196-1140x758.jpg 1140w, https:\/\/atecordoba.org\/wp-content\/uploads\/2024\/05\/IMG-20240531-WA0196.jpg 1600w\" sizes=\"auto, (max-width: 1024px) 100vw, 1024px\" \/><\/figure>\n\n\n\n<figure class=\"wp-block-image size-large\"><img loading=\"lazy\" decoding=\"async\" width=\"1024\" height=\"681\" data-id=\"43761\" src=\"https:\/\/atecordoba.org\/wp-content\/uploads\/2024\/05\/IMG-20240531-WA0197-1024x681.jpg\" alt=\"\" class=\"wp-image-43761\" srcset=\"https:\/\/atecordoba.org\/wp-content\/uploads\/2024\/05\/IMG-20240531-WA0197-1024x681.jpg 1024w, https:\/\/atecordoba.org\/wp-content\/uploads\/2024\/05\/IMG-20240531-WA0197-300x199.jpg 300w, https:\/\/atecordoba.org\/wp-content\/uploads\/2024\/05\/IMG-20240531-WA0197-768x511.jpg 768w, https:\/\/atecordoba.org\/wp-content\/uploads\/2024\/05\/IMG-20240531-WA0197-750x499.jpg 750w, https:\/\/atecordoba.org\/wp-content\/uploads\/2024\/05\/IMG-20240531-WA0197-1140x758.jpg 1140w, https:\/\/atecordoba.org\/wp-content\/uploads\/2024\/05\/IMG-20240531-WA0197.jpg 1280w\" sizes=\"auto, (max-width: 1024px) 100vw, 1024px\" \/><\/figure>\n\n\n\n<figure class=\"wp-block-image size-large\"><img loading=\"lazy\" decoding=\"async\" width=\"1024\" height=\"681\" data-id=\"43760\" src=\"https:\/\/atecordoba.org\/wp-content\/uploads\/2024\/05\/IMG-20240531-WA0198-1024x681.jpg\" alt=\"\" class=\"wp-image-43760\" srcset=\"https:\/\/atecordoba.org\/wp-content\/uploads\/2024\/05\/IMG-20240531-WA0198-1024x681.jpg 1024w, https:\/\/atecordoba.org\/wp-content\/uploads\/2024\/05\/IMG-20240531-WA0198-300x199.jpg 300w, https:\/\/atecordoba.org\/wp-content\/uploads\/2024\/05\/IMG-20240531-WA0198-768x511.jpg 768w, https:\/\/atecordoba.org\/wp-content\/uploads\/2024\/05\/IMG-20240531-WA0198-750x499.jpg 750w, https:\/\/atecordoba.org\/wp-content\/uploads\/2024\/05\/IMG-20240531-WA0198-1140x758.jpg 1140w, https:\/\/atecordoba.org\/wp-content\/uploads\/2024\/05\/IMG-20240531-WA0198.jpg 1280w\" sizes=\"auto, (max-width: 1024px) 100vw, 1024px\" \/><\/figure>\n\n\n\n<figure class=\"wp-block-image size-large\"><img loading=\"lazy\" decoding=\"async\" width=\"1024\" height=\"681\" data-id=\"43755\" src=\"https:\/\/atecordoba.org\/wp-content\/uploads\/2024\/05\/IMG-20240531-WA0199-1024x681.jpg\" alt=\"\" class=\"wp-image-43755\" srcset=\"https:\/\/atecordoba.org\/wp-content\/uploads\/2024\/05\/IMG-20240531-WA0199-1024x681.jpg 1024w, https:\/\/atecordoba.org\/wp-content\/uploads\/2024\/05\/IMG-20240531-WA0199-300x199.jpg 300w, https:\/\/atecordoba.org\/wp-content\/uploads\/2024\/05\/IMG-20240531-WA0199-768x511.jpg 768w, https:\/\/atecordoba.org\/wp-content\/uploads\/2024\/05\/IMG-20240531-WA0199-750x499.jpg 750w, https:\/\/atecordoba.org\/wp-content\/uploads\/2024\/05\/IMG-20240531-WA0199-1140x758.jpg 1140w, https:\/\/atecordoba.org\/wp-content\/uploads\/2024\/05\/IMG-20240531-WA0199.jpg 1280w\" sizes=\"auto, (max-width: 1024px) 100vw, 1024px\" \/><\/figure>\n\n\n\n<figure class=\"wp-block-image size-large\"><img loading=\"lazy\" decoding=\"async\" width=\"1024\" height=\"681\" data-id=\"43758\" src=\"https:\/\/atecordoba.org\/wp-content\/uploads\/2024\/05\/IMG-20240531-WA0200-1024x681.jpg\" alt=\"\" class=\"wp-image-43758\" srcset=\"https:\/\/atecordoba.org\/wp-content\/uploads\/2024\/05\/IMG-20240531-WA0200-1024x681.jpg 1024w, https:\/\/atecordoba.org\/wp-content\/uploads\/2024\/05\/IMG-20240531-WA0200-300x199.jpg 300w, https:\/\/atecordoba.org\/wp-content\/uploads\/2024\/05\/IMG-20240531-WA0200-768x511.jpg 768w, https:\/\/atecordoba.org\/wp-content\/uploads\/2024\/05\/IMG-20240531-WA0200-750x499.jpg 750w, https:\/\/atecordoba.org\/wp-content\/uploads\/2024\/05\/IMG-20240531-WA0200-1140x758.jpg 1140w, https:\/\/atecordoba.org\/wp-content\/uploads\/2024\/05\/IMG-20240531-WA0200.jpg 1280w\" sizes=\"auto, (max-width: 1024px) 100vw, 1024px\" \/><\/figure>\n<\/figure>\n","protected":false},"excerpt":{"rendered":"<p>Ayer se realiz\u00f3 en el m\u00edtico teatro Margarita Xirgu del barrio porte\u00f1o de San Telmo, el 67\u00b0 Congreso Ordinario y Extraordinario Nacional de la Asociaci\u00f3n Trabajadores del Estado, que aprob\u00f3 en forma un\u00e1nime la presentaci\u00f3n de la Memoria y el Balance 2023. Con la participaci\u00f3n de 150 congresales de todo el pa\u00eds, nuestro secretario General [&hellip;]<\/p>\n","protected":false},"author":7,"featured_media":43754,"comment_status":"open","ping_status":"open","sticky":false,"template":"","format":"standard","meta":{"_exactmetrics_skip_tracking":false,"_exactmetrics_sitenote_active":false,"_exactmetrics_sitenote_note":"","_exactmetrics_sitenote_category":0,"jnews-multi-image_gallery":[],"jnews_single_post":{"subtitle":"El secretario General de ATE C\u00f3rdoba destac\u00f3 la conflictividad en la provincia e hizo referencia a las causas penales armadas en su contra. \" \"claro que se la est\u00e1n cobrando, por eso agradecemos el apoyo de cada compa\u00f1era y compa\u00f1ero con su mensaje de solidaridad en estos d\u00edas dif\u00edciles que nos tocan vivir. Podemos tener matices, pero tenemos que actuar como un pu\u00f1o ante un fascismo que vino por todos y por todo\", se\u00f1al\u00f3.","format":"standard","video":"","gallery":"","source_name":"","source_url":"","via_name":"","via_url":"","override_template":"0","override":[{"template":"1","single_blog_custom":"","parallax":"1","fullscreen":"1","layout":"no-sidebar-narrow","sidebar":"default-sidebar","second_sidebar":"default-sidebar","sticky_sidebar":"1","share_position":"bottom","share_float_style":"share-monocrhome","show_share_counter":"1","show_view_counter":"1","show_featured":"0","show_post_meta":"1","show_post_author":"0","show_post_author_image":"1","show_post_date":"1","post_date_format":"default","post_date_format_custom":"Y\/m\/d","show_post_category":"1","show_post_reading_time":"0","post_reading_time_wpm":"300","show_zoom_button":"0","zoom_button_out_step":"2","zoom_button_in_step":"3","show_post_tag":"1","show_prev_next_post":"0","show_popup_post":"0","number_popup_post":"1","show_author_box":"0","show_post_related":"1","show_inline_post_related":"0"}],"override_image_size":"0","image_override":[{"single_post_thumbnail_size":"crop-500","single_post_gallery_size":"crop-500"}],"trending_post":"0","trending_post_position":"meta","trending_post_label":"Trending","sponsored_post":"0","sponsored_post_label":"Sponsored by","sponsored_post_name":"","sponsored_post_url":"","sponsored_post_logo_enable":"0","sponsored_post_logo":"","sponsored_post_desc":"","disable_ad":"0"},"jnews_primary_category":{"id":"","hide":""},"jnews_social_meta":{"fb_title":"","fb_description":"","fb_image":"","twitter_title":"","twitter_description":"","twitter_image":""},"jnews_review":[],"enable_review":"0","type":"percentage","name":"","summary":"","brand":"","sku":"","good":[{"good_text":""}],"bad":[{"bad_text":""}],"score_override":"0","override_value":"","rating":[{"rating_text":"","rating_number":"10"}],"price":[{"shop":"","price":"","link":"","icon":""}],"jnews_override_counter":{"override_view_counter":"0","view_counter_number":"0","override_share_counter":"0","share_counter_number":"0","override_like_counter":"0","like_counter_number":"0","override_dislike_counter":"0","dislike_counter_number":"0"},"jnews_post_split":{"enable_post_split":"0","post_split":[{"template":"1","tag":"h2","numbering":"asc","mode":"normal","first":"0","enable_toc":"0","toc_type":"normal"}]},"footnotes":""},"categories":[756],"tags":[],"class_list":["post-43735","post","type-post","status-publish","format-standard","has-post-thumbnail","hentry","category-consejo-directivo-nacional-cdn"],"jetpack_featured_media_url":"https:\/\/atecordoba.org\/wp-content\/uploads\/2024\/05\/IMG-20240531-WA0190-e1717167861591.jpg","_links":{"self":[{"href":"https:\/\/atecordoba.org\/index.php?rest_route=\/wp\/v2\/posts\/43735","targetHints":{"allow":["GET"]}}],"collection":[{"href":"https:\/\/atecordoba.org\/index.php?rest_route=\/wp\/v2\/posts"}],"about":[{"href":"https:\/\/atecordoba.org\/index.php?rest_route=\/wp\/v2\/types\/post"}],"author":[{"embeddable":true,"href":"https:\/\/atecordoba.org\/index.php?rest_route=\/wp\/v2\/users\/7"}],"replies":[{"embeddable":true,"href":"https:\/\/atecordoba.org\/index.php?rest_route=%2Fwp%2Fv2%2Fcomments&post=43735"}],"version-history":[{"count":1,"href":"https:\/\/atecordoba.org\/index.php?rest_route=\/wp\/v2\/posts\/43735\/revisions"}],"predecessor-version":[{"id":43767,"href":"https:\/\/atecordoba.org\/index.php?rest_route=\/wp\/v2\/posts\/43735\/revisions\/43767"}],"wp:featuredmedia":[{"embeddable":true,"href":"https:\/\/atecordoba.org\/index.php?rest_route=\/wp\/v2\/media\/43754"}],"wp:attachment":[{"href":"https:\/\/atecordoba.org\/index.php?rest_route=%2Fwp%2Fv2%2Fmedia&parent=43735"}],"wp:term":[{"taxonomy":"category","embeddable":true,"href":"https:\/\/atecordoba.org\/index.php?rest_route=%2Fwp%2Fv2%2Fcategories&post=43735"},{"taxonomy":"post_tag","embeddable":true,"href":"https:\/\/atecordoba.org\/index.php?rest_route=%2Fwp%2Fv2%2Ftags&post=43735"}],"curies":[{"name":"wp","href":"https:\/\/api.w.org\/{rel}","templated":true}]}}