{"id":43715,"date":"2024-05-30T12:06:07","date_gmt":"2024-05-30T15:06:07","guid":{"rendered":"https:\/\/atecordoba.org\/?p=43715"},"modified":"2024-05-30T12:08:11","modified_gmt":"2024-05-30T15:08:11","slug":"acoso-judicial-proyecto-de-resolucion-de-la-diputada-nacional-gabriela-estevez-repudia-los-allanamientos-al-domicilio-de-giuliani-y-a-ate-rio-cuarto","status":"publish","type":"post","link":"https:\/\/atecordoba.org\/?p=43715","title":{"rendered":"Acoso judicial: proyecto de resoluci\u00f3n de la diputada nacional Gabriela Est\u00e9vez repudia los allanamientos al domicilio de Giuliani y a ATE R\u00edo Cuarto"},"content":{"rendered":"<div class=\"wp-block-image\">\n<figure class=\"aligncenter size-full is-resized\"><img loading=\"lazy\" decoding=\"async\" width=\"796\" height=\"428\" src=\"https:\/\/atecordoba.org\/wp-content\/uploads\/2024\/05\/gabriela-estevez.jpg\" alt=\"\" class=\"wp-image-43716\" style=\"width:600px\" srcset=\"https:\/\/atecordoba.org\/wp-content\/uploads\/2024\/05\/gabriela-estevez.jpg 796w, https:\/\/atecordoba.org\/wp-content\/uploads\/2024\/05\/gabriela-estevez-300x161.jpg 300w, https:\/\/atecordoba.org\/wp-content\/uploads\/2024\/05\/gabriela-estevez-768x413.jpg 768w, https:\/\/atecordoba.org\/wp-content\/uploads\/2024\/05\/gabriela-estevez-750x403.jpg 750w\" sizes=\"auto, (max-width: 796px) 100vw, 796px\" \/><\/figure>\n<\/div>\n\n\n<p>La diputada nacional por C\u00f3rdoba Gabriela Est\u00e9vez present\u00f3 un <a href=\"https:\/\/drive.google.com\/file\/d\/1YXaN4RIfTZT_xudOn_S56b5kX8_ogLGq\/view?fbclid=PAZXh0bgNhZW0CMTEAAabPbOkZ1NvIC7tLn1gwnwbByNmXlJQSd2fIT2RaTzz-tnjW1lkr5op3GYc_aem_ASXl-HohZdeLO6-NEkmUGwr1vXFO_mIpzMshYLrzoKmh4JTHLPsgccJ57aQkanzsD01hAPHHHG2U49ptXwQnq-ZL&amp;pli=1\">Proyecto de Resoluci\u00f3n a la C\u00e1mara de Diputados<\/a> donde expresa &#8220;su m\u00e1s en\u00e9rgico repudio ante la decisi\u00f3n del Fiscal Provincial Emilio De Arag\u00f3n de ordenar el allanamiento de la sede gremial de ATE R\u00edo Cuarto y el domicilio particular del secretario General de ATE y CTA C\u00f3rdoba, Federico Giuliani, exacerbando una marcada persecuci\u00f3n judicial&#8221;.<\/p>\n\n\n\n<p>La representante en el Congreso Nacional apunt\u00f3 contra De Arag\u00f3n ya que consider\u00f3 los allanamientos como &#8220;un hecho de grav\u00edsimas consecuencias para la convivencia democr\u00e1tica en C\u00f3rdoba&#8221; y situ\u00f3 su iniciativa en el contexto que &#8220;fuerzas policiales realizaron los allanamientos al mediod\u00eda (del martes pasado) y le retuvieron a Giuliani su tel\u00e9fono particular, en base a una causa abierta por el fiscal, aparentemente fundamentada en la represi\u00f3n policial sucedida el pasado 25 de mayo en la esquina de avenida V\u00e9lez Sarsfield y 27 de abril, cuando efectivos que custodiaban el acto partidario del Presidente Javier Milei, la emprendieron con gases lacrim\u00f3genos y disparando balas de goma contra la multitud que se encontraba en el lugar. Giuliani junto a 14 compa\u00f1eras y compa\u00f1eros resultaron heridos de diversa magnitud, sin que mediara causa alguna que justifique el accionar represivo&#8221;.<\/p>\n\n\n\n<p>En ese marco, Est\u00e9vez consider\u00f3 que &#8220;en un extremo propio de otros tiempos donde no se respetaba en C\u00f3rdoba el derecho y la libertad de las personas, la polic\u00eda le retuvo el tel\u00e9fono celular uno de sus hijos de 9 a\u00f1os. Al mismo tiempo, se allan\u00f3 el auto particular de su esposa junto a otra propiedad<br>de ATE&#8221;.<\/p>\n\n\n\n<p>&#8220;Se trata claramente de una persecuci\u00f3n pol\u00edtica que usa al Poder Judicial instrumento, en similar forma a como la ministra de Seguridad Nacional, Patricia Bullrich, lo a intentado en varias oportunidades. As\u00ed, queda claro que el desprecio del Gobierno por el estado de derecho y de las garant\u00edas constitucionales, donde el derecho a la protesta forma parte fundamental de nuestro contrato social, de la propia Constituci\u00f3n, de la jurisprudencia de la Corte Suprema de Justicia de la Naci\u00f3n y de los tratados internacionales que nuestro pa\u00eds tiene suscriptos&#8221;, afirm\u00f3.<\/p>\n\n\n\n<p>&#8220;Cabe mencionar -prosigui\u00f3 la diputada-  que el fiscal De Arag\u00f3n ya imput\u00f3 el a\u00f1o pasado a Giuliani y a otros dirigentes sociales por el corte de una calle durante la Marcha contra el Hambre, que se realiz\u00f3 el a\u00f1o pasado. Dicha causa est\u00e1 elevada a juicio, dando cuenta que no es el \u00fanico funcionario judicial disponible para aplicar las pol\u00edticas de persecuci\u00f3n pol\u00edtica. Hay que recordar que, en un ataque directo a los gremios como herramienta de lucha de la clase trabajadora y parte del sindicalismo cordob\u00e9s, el pasado viernes 17 de mayo el juez federal de R\u00edo Cuarto, Carlos Ochoa, orden\u00f3 un allanamiento a la vivienda particular del compa\u00f1ero Carlos Rang, integrante del Consejo Directivo Provincial (CDP) de ATE C\u00f3rdoba, y su compa\u00f1era, delegada del Hospital Regional de R\u00edo Cuarto&#8221;.<\/p>\n\n\n\n<p>En esa l\u00ednea, Est\u00e9vez se\u00f1al\u00f3 que &#8220;encontramos entonces otro juez federal que allana gremialistas, mientras el narco act\u00faa con impunidad en la Argentina, los comedores siguen sin asistencia del estado nacional y se preparan las bases para la entrega de la Republica. Sin informar el motivo de la medida judicial, la polic\u00eda federal les retuvo a ambos activistas de ATE sus tel\u00e9fonos celulares, en un m\u00e9todo tan violento y grave institucionalmente, que nos remite a \u00e9pocas oscuras de nuestro pa\u00eds&#8221;.<\/p>\n\n\n\n<p>Y apunt\u00f3 contra el accionar del Poder Judicial en C\u00f3rdoba, provincial y federal, ya que &#8220;de esta forma brutal las subsiguientes \u00f3rdenes judiciales pretenden intimidar al conjunto de las y los trabajadores, cuando muchos de ellos han encabezado escraches a la Fundaci\u00f3n Mediterr\u00e1nea, que expresa el apoyo incondicional al ajuste de Javier Milei, y las manifestaciones en contra del reciente acto partidario del Presidente Milei en la Capital de nuestra Provincia&#8221;.<\/p>\n\n\n\n<p>Y concluy\u00f3 denunciando los intentos de &#8220;disciplinar y amedrentar a quienes denuncian la entrega del pa\u00eds que algunos funcionarios pretenden llevar adelante en contra del pueblo, violentando as\u00ed nuestra Constituci\u00f3n Nacional, cedi\u00e9ndole funciones extraordinarias a Milei, comport\u00e1ndose c\u00f3mplices de miles de despidos injustificados el Estado Nacional&#8221;.<\/p>\n","protected":false},"excerpt":{"rendered":"<p>La diputada nacional por C\u00f3rdoba Gabriela Est\u00e9vez present\u00f3 un Proyecto de Resoluci\u00f3n a la C\u00e1mara de Diputados donde expresa &#8220;su m\u00e1s en\u00e9rgico repudio ante la decisi\u00f3n del Fiscal Provincial Emilio De Arag\u00f3n de ordenar el allanamiento de la sede gremial de ATE R\u00edo Cuarto y el domicilio particular del secretario General de ATE y CTA [&hellip;]<\/p>\n","protected":false},"author":7,"featured_media":43716,"comment_status":"open","ping_status":"open","sticky":false,"template":"","format":"standard","meta":{"_exactmetrics_skip_tracking":false,"_exactmetrics_sitenote_active":false,"_exactmetrics_sitenote_note":"","_exactmetrics_sitenote_category":0,"jnews-multi-image_gallery":[],"jnews_single_post":{"subtitle":"La representante por C\u00f3rdoba denunci\u00f3 en el Congreso de la Naci\u00f3n \"los intentos de disciplinar y amedrentar a quienes denuncian la entrega del pa\u00eds que algunos funcionarios pretenden llevar adelante en contra del pueblo, violentando as\u00ed nuestra Constituci\u00f3n Nacional, cedi\u00e9ndole funciones extraordinarias a Milei, comport\u00e1ndose c\u00f3mplices de miles de despidos injustificados el Estado Nacional\".","format":"standard","video":"","gallery":"","source_name":"","source_url":"","via_name":"","via_url":"","override_template":"0","override":[{"template":"1","single_blog_custom":"","parallax":"1","fullscreen":"1","layout":"no-sidebar-narrow","sidebar":"default-sidebar","second_sidebar":"default-sidebar","sticky_sidebar":"1","share_position":"bottom","share_float_style":"share-monocrhome","show_share_counter":"1","show_view_counter":"1","show_featured":"0","show_post_meta":"1","show_post_author":"0","show_post_author_image":"1","show_post_date":"1","post_date_format":"default","post_date_format_custom":"Y\/m\/d","show_post_category":"1","show_post_reading_time":"0","post_reading_time_wpm":"300","show_zoom_button":"0","zoom_button_out_step":"2","zoom_button_in_step":"3","show_post_tag":"1","show_prev_next_post":"0","show_popup_post":"0","number_popup_post":"1","show_author_box":"0","show_post_related":"1","show_inline_post_related":"0"}],"override_image_size":"0","image_override":[{"single_post_thumbnail_size":"crop-500","single_post_gallery_size":"crop-500"}],"trending_post":"0","trending_post_position":"meta","trending_post_label":"Trending","sponsored_post":"0","sponsored_post_label":"Sponsored by","sponsored_post_name":"","sponsored_post_url":"","sponsored_post_logo_enable":"0","sponsored_post_logo":"","sponsored_post_desc":"","disable_ad":"0"},"jnews_primary_category":{"id":"","hide":""},"jnews_social_meta":{"fb_title":"","fb_description":"","fb_image":"","twitter_title":"","twitter_description":"","twitter_image":""},"jnews_review":[],"enable_review":"0","type":"percentage","name":"","summary":"","brand":"","sku":"","good":[{"good_text":""}],"bad":[{"bad_text":""}],"score_override":"0","override_value":"","rating":[{"rating_text":"","rating_number":"10"}],"price":[{"shop":"","price":"","link":"","icon":""}],"jnews_override_counter":{"override_view_counter":"0","view_counter_number":"0","override_share_counter":"0","share_counter_number":"0","override_like_counter":"0","like_counter_number":"0","override_dislike_counter":"0","dislike_counter_number":"0"},"jnews_post_split":{"enable_post_split":"0","post_split":[{"template":"1","tag":"h2","numbering":"asc","mode":"normal","first":"0","enable_toc":"0","toc_type":"normal"}]},"footnotes":""},"categories":[10],"tags":[],"class_list":["post-43715","post","type-post","status-publish","format-standard","has-post-thumbnail","hentry","category-accion-politica"],"jetpack_featured_media_url":"https:\/\/atecordoba.org\/wp-content\/uploads\/2024\/05\/gabriela-estevez.jpg","_links":{"self":[{"href":"https:\/\/atecordoba.org\/index.php?rest_route=\/wp\/v2\/posts\/43715","targetHints":{"allow":["GET"]}}],"collection":[{"href":"https:\/\/atecordoba.org\/index.php?rest_route=\/wp\/v2\/posts"}],"about":[{"href":"https:\/\/atecordoba.org\/index.php?rest_route=\/wp\/v2\/types\/post"}],"author":[{"embeddable":true,"href":"https:\/\/atecordoba.org\/index.php?rest_route=\/wp\/v2\/users\/7"}],"replies":[{"embeddable":true,"href":"https:\/\/atecordoba.org\/index.php?rest_route=%2Fwp%2Fv2%2Fcomments&post=43715"}],"version-history":[{"count":3,"href":"https:\/\/atecordoba.org\/index.php?rest_route=\/wp\/v2\/posts\/43715\/revisions"}],"predecessor-version":[{"id":43719,"href":"https:\/\/atecordoba.org\/index.php?rest_route=\/wp\/v2\/posts\/43715\/revisions\/43719"}],"wp:featuredmedia":[{"embeddable":true,"href":"https:\/\/atecordoba.org\/index.php?rest_route=\/wp\/v2\/media\/43716"}],"wp:attachment":[{"href":"https:\/\/atecordoba.org\/index.php?rest_route=%2Fwp%2Fv2%2Fmedia&parent=43715"}],"wp:term":[{"taxonomy":"category","embeddable":true,"href":"https:\/\/atecordoba.org\/index.php?rest_route=%2Fwp%2Fv2%2Fcategories&post=43715"},{"taxonomy":"post_tag","embeddable":true,"href":"https:\/\/atecordoba.org\/index.php?rest_route=%2Fwp%2Fv2%2Ftags&post=43715"}],"curies":[{"name":"wp","href":"https:\/\/api.w.org\/{rel}","templated":true}]}}