{"id":4371,"date":"2014-08-04T16:03:04","date_gmt":"2014-08-04T19:03:04","guid":{"rendered":"http:\/\/www.atecordoba.org\/?p=4371"},"modified":"2014-08-04T16:03:04","modified_gmt":"2014-08-04T19:03:04","slug":"la-campana-por-un-millon-de-firmas-por-el-82-estuvo-en-san-francisco","status":"publish","type":"post","link":"https:\/\/atecordoba.org\/?p=4371","title":{"rendered":"La campa\u00f1a por un mill\u00f3n de firmas por el 82% estuvo en San Francisco"},"content":{"rendered":"<p><em>Compa\u00f1eros jubilados y activos de ATE participaron de la actividad que convoc\u00f3 a militantes de C\u00f3rdoba Capital y Villa Mar\u00eda para acompa\u00f1ar a los activista de nuestro gremio en San Francisco.<\/em><\/p>\n<p style=\"text-align: center;\"><a href=\"http:\/\/www.atecordoba.org\/wp-content\/uploads\/2014\/08\/san-fco-2.png\"><img loading=\"lazy\" decoding=\"async\" class=\"aligncenter  wp-image-4373\" alt=\"san fco 2\" src=\"http:\/\/www.atecordoba.org\/wp-content\/uploads\/2014\/08\/san-fco-2.png\" width=\"504\" height=\"378\" \/><\/a><\/p>\n<p>El delegado normalizador de ATE en el departamento San Justo, Sergio Ferreyra, recibi\u00f3 junto a los compa\u00f1eros del centro de jubilados de San Francisco a los grupos que se llegaron desde la capital y de Villa Mar\u00eda, en el marco de la campa\u00f1a que impulsa nuestra organizaci\u00f3n para recabar un mill\u00f3n de firmas que apoyen al proyecto de ley presentado por nuestro diputado nacional, V\u00edctor De Gennaro, del partido Unidad Popular, que garantice el 82% m\u00f3vil para todos los jubilados.<\/p>\n<p>La iniciativa busca presionar en el congreso de la naci\u00f3n para que se trate la norma que, adem\u00e1s, incluye un haber jubilatorio inicial que igual el salario m\u00ednimo, vital y m\u00f3vil (SMVM), para aquellos compa\u00f1eros que cobran la m\u00ednima, hoy establecida despu\u00e9s del \u00faltimo aumento decretado por el gobierno nacional en 3231 pesos. Actualmente el SMVM est\u00e1 ubicado en 3600 pesos y varias centrales obreras, entre ellas la CTA, vienen pujando por un incremento que equilibre la escalada inflacionaria.<\/p>\n<p style=\"text-align: center;\"><a href=\"http:\/\/www.atecordoba.org\/wp-content\/uploads\/2014\/08\/san-fco-1.png\"><img loading=\"lazy\" decoding=\"async\" class=\"aligncenter  wp-image-4372\" alt=\"san fco 1\" src=\"http:\/\/www.atecordoba.org\/wp-content\/uploads\/2014\/08\/san-fco-1.png\" width=\"504\" height=\"378\" \/><\/a><\/p>\n<p>En la oportunidad, estuvieron presentes Carmen Neder, presidenta del centro de jubilados provincial, Lu\u00eds Barcena, Secretario de Interior, y Eduardo Pereyra, vocal del Consejo Directivo Provincial, asi como el secretario General de la CTA San Francisco, Antonio Muratore. La mesa para recibir las firmas se instal\u00f3 en pleno centro, frente al centro c\u00edvico. &#8220;Fue muy buena la predisposici\u00f3n de la gente, vimos mucha solidaridad. Hab\u00eda vecinos que se vinieron en bici al centro para aportar su firma&#8221;, cont\u00f3 Neder exultante.<\/p>\n<p>ESt\u00e1 previsto que la actividad contin\u00fae en distintas ciudades de la provincia. Las pr\u00f3ximas escalas de la campa\u00f1a ser\u00e1n R\u00edo Tercero y Villa Mar\u00eda.<\/p>\n","protected":false},"excerpt":{"rendered":"<p>Compa\u00f1eros jubilados y activos de ATE participaron de la actividad que convoc\u00f3 a militantes de C\u00f3rdoba Capital y Villa Mar\u00eda para acompa\u00f1ar a los activista de nuestro gremio en San Francisco. El delegado normalizador de ATE en el departamento San Justo, Sergio Ferreyra, recibi\u00f3 junto a los compa\u00f1eros del centro de jubilados de San Francisco [&hellip;]<\/p>\n","protected":false},"author":1,"featured_media":19220,"comment_status":"open","ping_status":"open","sticky":false,"template":"","format":"standard","meta":{"_exactmetrics_skip_tracking":false,"_exactmetrics_sitenote_active":false,"_exactmetrics_sitenote_note":"","_exactmetrics_sitenote_category":0,"jnews-multi-image_gallery":[],"jnews_single_post":[],"jnews_primary_category":[],"jnews_social_meta":[],"jnews_review":[],"enable_review":"","type":"","name":"","summary":"","brand":"","sku":"","good":[],"bad":[],"score_override":"","override_value":"","rating":[],"price":[],"jnews_override_counter":[],"jnews_post_split":[],"footnotes":""},"categories":[22,18],"tags":[],"class_list":["post-4371","post","type-post","status-publish","format-standard","has-post-thumbnail","hentry","category-jubilados","category-nacionales"],"jetpack_featured_media_url":"https:\/\/atecordoba.org\/wp-content\/uploads\/2020\/05\/logo-nuevochico-e1561581322808.png","_links":{"self":[{"href":"https:\/\/atecordoba.org\/index.php?rest_route=\/wp\/v2\/posts\/4371","targetHints":{"allow":["GET"]}}],"collection":[{"href":"https:\/\/atecordoba.org\/index.php?rest_route=\/wp\/v2\/posts"}],"about":[{"href":"https:\/\/atecordoba.org\/index.php?rest_route=\/wp\/v2\/types\/post"}],"author":[{"embeddable":true,"href":"https:\/\/atecordoba.org\/index.php?rest_route=\/wp\/v2\/users\/1"}],"replies":[{"embeddable":true,"href":"https:\/\/atecordoba.org\/index.php?rest_route=%2Fwp%2Fv2%2Fcomments&post=4371"}],"version-history":[{"count":0,"href":"https:\/\/atecordoba.org\/index.php?rest_route=\/wp\/v2\/posts\/4371\/revisions"}],"wp:featuredmedia":[{"embeddable":true,"href":"https:\/\/atecordoba.org\/index.php?rest_route=\/wp\/v2\/media\/19220"}],"wp:attachment":[{"href":"https:\/\/atecordoba.org\/index.php?rest_route=%2Fwp%2Fv2%2Fmedia&parent=4371"}],"wp:term":[{"taxonomy":"category","embeddable":true,"href":"https:\/\/atecordoba.org\/index.php?rest_route=%2Fwp%2Fv2%2Fcategories&post=4371"},{"taxonomy":"post_tag","embeddable":true,"href":"https:\/\/atecordoba.org\/index.php?rest_route=%2Fwp%2Fv2%2Ftags&post=4371"}],"curies":[{"name":"wp","href":"https:\/\/api.w.org\/{rel}","templated":true}]}}