{"id":43699,"date":"2024-05-29T14:25:17","date_gmt":"2024-05-29T17:25:17","guid":{"rendered":"https:\/\/atecordoba.org\/?p=43699"},"modified":"2024-05-29T14:25:17","modified_gmt":"2024-05-29T17:25:17","slug":"ate-nacional-denuncio-persecucion-politica-en-cordoba-por-el-allanamiento-federico-giuliani-y-la-seccional-de-rio-cuarto","status":"publish","type":"post","link":"https:\/\/atecordoba.org\/?p=43699","title":{"rendered":"ATE Nacional denunci\u00f3 persecuci\u00f3n pol\u00edtica en C\u00f3rdoba por el allanamiento Federico Giuliani y la seccional de R\u00edo Cuarto"},"content":{"rendered":"<div class=\"wp-block-image\">\n<figure class=\"aligncenter size-full is-resized\"><img loading=\"lazy\" decoding=\"async\" width=\"725\" height=\"480\" src=\"https:\/\/atecordoba.org\/wp-content\/uploads\/2024\/05\/rodyculiadazo.jpg\" alt=\"\" class=\"wp-image-43700\" style=\"width:600px\" srcset=\"https:\/\/atecordoba.org\/wp-content\/uploads\/2024\/05\/rodyculiadazo.jpg 725w, https:\/\/atecordoba.org\/wp-content\/uploads\/2024\/05\/rodyculiadazo-300x199.jpg 300w\" sizes=\"auto, (max-width: 725px) 100vw, 725px\" \/><\/figure>\n<\/div>\n\n\n<p>La Asociaci\u00f3n Trabajadores del Estado (ATE) denunci\u00f3 un acto de persecuci\u00f3n pol\u00edtica en la provincia de C\u00f3rdoba a partir del allanamiento al domicilio particular de Federico Giuliani, Secretario General del Consejo Directivo Provincial de C\u00f3rdoba, y tambi\u00e9n a la sede de la seccional de R\u00edo Cuarto.<\/p>\n\n\n\n<p>\u201cEste accionar forma parte de la persecuci\u00f3n que el Gobierno Nacional ha desatado contra los estatales desde el 10 de diciembre. Nosotros estuvimos presentes en C\u00f3rdoba el 25 de Mayo y denunciamos la violenta represi\u00f3n que sufrimos. Hacemos responsables a la ministra Patricia Bullrich y al gobernador Mart\u00edn Llaryora por todos estos ataques\u201d, se\u00f1al\u00f3 Rodolfo Aguiar, Secretario General de ATE Nacional.<\/p>\n\n\n\n<p>El allanamiento comenz\u00f3 en simult\u00e1neo pasado el mediod\u00eda del martes por orden del fiscal provincial Emilio De Arag\u00f3n, quien tambi\u00e9n orden\u00f3 la retenci\u00f3n del celular de Giuliani. Al mismo tiempo, se allan\u00f3 el auto particular de la esposa de nuestro secretario general, junto a otro propiedad de ATE.<\/p>\n\n\n\n<p>Desde la Conducci\u00f3n Provincial del sindicato, se indic\u00f3: \u201cSe trata claramente de una persecuci\u00f3n pol\u00edtica que usa al Poder Judicial como herramienta para justificar el amedrentamiento que el ministro de Seguridad, Juan Pablo Quinteros, pretende imponer contra nuestra organizaci\u00f3n sindical\u201d.<\/p>\n\n\n\n<p>Cabe recordar que el s\u00e1bado 25 de Mayo, ATE realiz\u00f3 una protesta en la Ciudad de C\u00f3rdoba ante la llegada de Javier Milei, la cual fue duramente reprimida por las fuerzas de seguridad, dejando a un trabajador hospitalizado por un disparo de bala de goma en el ojo, entre tantos otros heridos m\u00e1s.&nbsp;<\/p>\n\n\n\n<p>ATE exigi\u00f3 a las autoridades nacionales y provinciales el inmediato cese de sus pol\u00edticas de amedrentamiento contra los trabajadores y sindicatos, las cuales ponen en juego el pleno ejercicio de la democracia en nuestro pa\u00eds.<\/p>\n","protected":false},"excerpt":{"rendered":"<p>La Asociaci\u00f3n Trabajadores del Estado (ATE) denunci\u00f3 un acto de persecuci\u00f3n pol\u00edtica en la provincia de C\u00f3rdoba a partir del allanamiento al domicilio particular de Federico Giuliani, Secretario General del Consejo Directivo Provincial de C\u00f3rdoba, y tambi\u00e9n a la sede de la seccional de R\u00edo Cuarto. \u201cEste accionar forma parte de la persecuci\u00f3n que el [&hellip;]<\/p>\n","protected":false},"author":7,"featured_media":43700,"comment_status":"open","ping_status":"open","sticky":false,"template":"","format":"standard","meta":{"_exactmetrics_skip_tracking":false,"_exactmetrics_sitenote_active":false,"_exactmetrics_sitenote_note":"","_exactmetrics_sitenote_category":0,"jnews-multi-image_gallery":[],"jnews_single_post":{"subtitle":"\u201cHacemos responsables a la ministra Patricia Bullrich y al gobernador Mart\u00edn Llaryora por todos estos ataques\u201d, apunt\u00f3 Rodolfo Aguiar.","format":"standard","video":"","gallery":"","source_name":"","source_url":"","via_name":"","via_url":"","override_template":"0","override":[{"template":"1","single_blog_custom":"","parallax":"1","fullscreen":"1","layout":"no-sidebar-narrow","sidebar":"default-sidebar","second_sidebar":"default-sidebar","sticky_sidebar":"1","share_position":"bottom","share_float_style":"share-monocrhome","show_share_counter":"1","show_view_counter":"1","show_featured":"0","show_post_meta":"1","show_post_author":"0","show_post_author_image":"1","show_post_date":"1","post_date_format":"default","post_date_format_custom":"Y\/m\/d","show_post_category":"1","show_post_reading_time":"0","post_reading_time_wpm":"300","show_zoom_button":"0","zoom_button_out_step":"2","zoom_button_in_step":"3","show_post_tag":"1","show_prev_next_post":"0","show_popup_post":"0","number_popup_post":"1","show_author_box":"0","show_post_related":"1","show_inline_post_related":"0"}],"override_image_size":"0","image_override":[{"single_post_thumbnail_size":"crop-500","single_post_gallery_size":"crop-500"}],"trending_post":"0","trending_post_position":"meta","trending_post_label":"Trending","sponsored_post":"0","sponsored_post_label":"Sponsored by","sponsored_post_name":"","sponsored_post_url":"","sponsored_post_logo_enable":"0","sponsored_post_logo":"","sponsored_post_desc":"","disable_ad":"0"},"jnews_primary_category":{"id":"","hide":""},"jnews_social_meta":{"fb_title":"","fb_description":"","fb_image":"","twitter_title":"","twitter_description":"","twitter_image":""},"jnews_review":[],"enable_review":"0","type":"percentage","name":"","summary":"","brand":"","sku":"","good":[{"good_text":""}],"bad":[{"bad_text":""}],"score_override":"0","override_value":"","rating":[{"rating_text":"","rating_number":"10"}],"price":[{"shop":"","price":"","link":"","icon":""}],"jnews_override_counter":{"override_view_counter":"0","view_counter_number":"0","override_share_counter":"0","share_counter_number":"0","override_like_counter":"0","like_counter_number":"0","override_dislike_counter":"0","dislike_counter_number":"0"},"jnews_post_split":{"enable_post_split":"0","post_split":[{"template":"1","tag":"h2","numbering":"asc","mode":"normal","first":"0","enable_toc":"0","toc_type":"normal"}]},"footnotes":""},"categories":[756],"tags":[],"class_list":["post-43699","post","type-post","status-publish","format-standard","has-post-thumbnail","hentry","category-consejo-directivo-nacional-cdn"],"jetpack_featured_media_url":"https:\/\/atecordoba.org\/wp-content\/uploads\/2024\/05\/rodyculiadazo.jpg","_links":{"self":[{"href":"https:\/\/atecordoba.org\/index.php?rest_route=\/wp\/v2\/posts\/43699","targetHints":{"allow":["GET"]}}],"collection":[{"href":"https:\/\/atecordoba.org\/index.php?rest_route=\/wp\/v2\/posts"}],"about":[{"href":"https:\/\/atecordoba.org\/index.php?rest_route=\/wp\/v2\/types\/post"}],"author":[{"embeddable":true,"href":"https:\/\/atecordoba.org\/index.php?rest_route=\/wp\/v2\/users\/7"}],"replies":[{"embeddable":true,"href":"https:\/\/atecordoba.org\/index.php?rest_route=%2Fwp%2Fv2%2Fcomments&post=43699"}],"version-history":[{"count":1,"href":"https:\/\/atecordoba.org\/index.php?rest_route=\/wp\/v2\/posts\/43699\/revisions"}],"predecessor-version":[{"id":43701,"href":"https:\/\/atecordoba.org\/index.php?rest_route=\/wp\/v2\/posts\/43699\/revisions\/43701"}],"wp:featuredmedia":[{"embeddable":true,"href":"https:\/\/atecordoba.org\/index.php?rest_route=\/wp\/v2\/media\/43700"}],"wp:attachment":[{"href":"https:\/\/atecordoba.org\/index.php?rest_route=%2Fwp%2Fv2%2Fmedia&parent=43699"}],"wp:term":[{"taxonomy":"category","embeddable":true,"href":"https:\/\/atecordoba.org\/index.php?rest_route=%2Fwp%2Fv2%2Fcategories&post=43699"},{"taxonomy":"post_tag","embeddable":true,"href":"https:\/\/atecordoba.org\/index.php?rest_route=%2Fwp%2Fv2%2Ftags&post=43699"}],"curies":[{"name":"wp","href":"https:\/\/api.w.org\/{rel}","templated":true}]}}