{"id":43646,"date":"2024-05-28T14:08:18","date_gmt":"2024-05-28T17:08:18","guid":{"rendered":"https:\/\/atecordoba.org\/?p=43646"},"modified":"2024-05-29T10:30:17","modified_gmt":"2024-05-29T13:30:17","slug":"con-gran-participacion-de-estatales-la-facultad-de-ciencias-sociales-concluye-hoy-la-formacion-politica-sobre-la-etapa-milei","status":"publish","type":"post","link":"https:\/\/atecordoba.org\/?p=43646","title":{"rendered":"Con gran participaci\u00f3n de estatales la Facultad de Ciencias Sociales concluy\u00f3 ayer la formaci\u00f3n pol\u00edtica sobre la &#8220;etapa Milei&#8221;"},"content":{"rendered":"<div class=\"wp-block-image\">\n<figure class=\"aligncenter size-large is-resized\"><img loading=\"lazy\" decoding=\"async\" width=\"1024\" height=\"768\" src=\"https:\/\/atecordoba.org\/wp-content\/uploads\/2024\/05\/cs-sociales-1024x768.jpg\" alt=\"\" class=\"wp-image-43660\" style=\"width:600px\" \/><\/figure>\n<\/div>\n\n\n<p>Ayer se dict\u00f3 en la Facultad de Ciencias Sociales de la UNC el \u00faltimo de los cuatro talleres del ciclo de formaci\u00f3n pol\u00edtica \u201cClaves para entender la Argentina actual\u201d, una propuesta que apunta a generar un espacio de reflexi\u00f3n entre los\/as docentes de la carrera de Ciencias pol\u00edticas y los\/as trabajadores\/as de ATE para ampliar la comprensi\u00f3n sobre las caracter\u00edsticas que ha asumido la situaci\u00f3n pol\u00edtica y social en Argentina a partir del triunfo del nuevo Presidente Javier Milei.<\/p>\n\n\n\n<p>Se trat\u00f3 de un espacio que nutri\u00f3 a las y los dirigentes y activistas de nuestro gremio sobre una mirada acad\u00e9mica, en base a la interacci\u00f3n rec\u00edproca entre docentes universitarios y trabajadoras y trabajadores estatales, sobre el proceso de ajuste y vaciamiento del Estado, que da nuevas herramientas a nuestro ATE para encarar el debate p\u00fablico y convocar a compa\u00f1eras y compa\u00f1eros a defender el Estado en base a fundamentos profundos relacionados con la ciencia pol\u00edtica. A la vez, el curso gener\u00f3 una interacci\u00f3n entre acad\u00e9micas\/os y trabajadoras\/es que nos enriquece mutuamente.<\/p>\n\n\n\n<p>En su convocatoria, el curso llam\u00f3 a comenzar a construir un diagn\u00f3stico sobre los problemas centrales de este tiempo y sus continuidades y rupturas con los per\u00edodos anteriores, a los fines de pensar estrategias de acci\u00f3n para redise\u00f1ar un Estado al servicio de una sociedad m\u00e1s democr\u00e1tica e igualitaria.<\/p>\n\n\n\n<p>La vicedecana de la Facultad, la compa\u00f1era Jashele Burijovich destac\u00f3 la amplia participaci\u00f3n de entre 35 y 40 compa\u00f1eros y compa\u00f1eras que asumieron con responsabilidad esta etapa formativa y explic\u00f3 que &#8220;las\/os profesores expusieron distintas claves para entender la Argentina actual. Su primera clave es el proceso de &nbsp;impugnaci\u00f3n del sector p\u00fablico que tiene el gobierno actual con la aplicaci\u00f3n de las llamadas &#8216;reformas de primera generaci\u00f3n&#8217;: ajustes, privatizaciones, despidos. A partir de ah\u00ed tratamos de entender c\u00f3mo es la brecha existente entre lo que el Estado promete y lo que realmente cumple seg\u00fan la experiencia de la ciudadan\u00eda, como parte de la explicaci\u00f3n sobre por qu\u00e9 asumi\u00f3 un gobierno que desprecia el Estado&#8221;.<\/p>\n\n\n<div class=\"wp-block-image\">\n<figure class=\"aligncenter size-large is-resized\"><img loading=\"lazy\" decoding=\"async\" width=\"1024\" height=\"681\" src=\"https:\/\/atecordoba.org\/wp-content\/uploads\/2024\/05\/unc-ciencias-sociales-1024x681.jpg\" alt=\"\" class=\"wp-image-43647\" style=\"width:600px\" srcset=\"https:\/\/atecordoba.org\/wp-content\/uploads\/2024\/05\/unc-ciencias-sociales-1024x681.jpg 1024w, https:\/\/atecordoba.org\/wp-content\/uploads\/2024\/05\/unc-ciencias-sociales-300x199.jpg 300w, https:\/\/atecordoba.org\/wp-content\/uploads\/2024\/05\/unc-ciencias-sociales-768x511.jpg 768w, https:\/\/atecordoba.org\/wp-content\/uploads\/2024\/05\/unc-ciencias-sociales-1536x1021.jpg 1536w, https:\/\/atecordoba.org\/wp-content\/uploads\/2024\/05\/unc-ciencias-sociales-2048x1362.jpg 2048w, https:\/\/atecordoba.org\/wp-content\/uploads\/2024\/05\/unc-ciencias-sociales-750x499.jpg 750w, https:\/\/atecordoba.org\/wp-content\/uploads\/2024\/05\/unc-ciencias-sociales-1140x758.jpg 1140w\" sizes=\"auto, (max-width: 1024px) 100vw, 1024px\" \/><\/figure>\n<\/div>\n\n\n<p>Birujovich dijo que, en esa l\u00ednea, se abord\u00f3 el d\u00e9ficit cr\u00f3nico del Estado para atender algunas necesidades de la poblaci\u00f3n y la crisis de los modelos alternativos. &#8220;Otro punto que atraves\u00f3 todo el curso est\u00e1 referido a qu\u00e9 est\u00e1 pasando en la sociedad, m\u00e1s all\u00e1 de Milei. Lo subterr\u00e1neo, aquello que no pudimos ver. Otras preguntas se relacionan a si esta elecci\u00f3n que hizo la sociedad es producto de un enojo o expresa una etapa m\u00e1s largas con cambios m\u00e1s profundos. \u00bfQue fue lo que no pudimos ver? C\u00f3mo ee articul\u00f3 la desesperanza con el clima antipol\u00edtica, los efectos de la inflaci\u00f3n sobre la subjetividades con fortalecimiento de las miradas individualistas y los efectos la pandemia&#8221;. <\/p>\n\n\n\n<p>Y concluy\u00f3 se\u00f1alando que &#8220;son un conjunto de cuestiones analizadas de manera fragmentaria que finalmente derivan en el cuadro que tenemos actualmente. Un gobierno que expresa una cultura contra la igualdad. El trabajo apunta a incorporar todas estas concepciones al an\u00e1lisis de las nuevas derechas, en la l\u00ednea que se ubica el Gobierno Nacional&#8221;.<\/p>\n\n\n\n<p><strong>El Cuarto m\u00f3dulo del curso, denominado &#8220;Las nuevas derechas y las disputas ideol\u00f3gicas&#8221; y se dict\u00f3 ayer y estuvo a cargo de las docentes Maisy Pi\u00f1ero y Eva Da Porta. <\/strong><\/p>\n\n\n\n<p>Otros contenidos dictados fueron &#8220;El Estado y la Democracia en crisis: Tendencia globales y procesos nacionales&#8221;, a cargo de los docentes Javier Moreira y Marcelo Nazareno; &#8220;Reformas estatales y econ\u00f3micas: De Menem a Milei&#8221; dictado por Iv\u00e1n Ase, Silvia Mor\u00f3n y Sergio Saiz; y &#8220;Reformas de las pol\u00edticas p\u00fablicas: g\u00e9nero, pobreza, derechos humanos&#8221;, por Leticia Echavarri, Alejandra Dom\u00ednguez y Jaschele Burijovich&#8221;. <\/p>\n","protected":false},"excerpt":{"rendered":"<p>Ayer se dict\u00f3 en la Facultad de Ciencias Sociales de la UNC el \u00faltimo de los cuatro talleres del ciclo de formaci\u00f3n pol\u00edtica \u201cClaves para entender la Argentina actual\u201d, una propuesta que apunta a generar un espacio de reflexi\u00f3n entre los\/as docentes de la carrera de Ciencias pol\u00edticas y los\/as trabajadores\/as de ATE para ampliar [&hellip;]<\/p>\n","protected":false},"author":7,"featured_media":43660,"comment_status":"open","ping_status":"open","sticky":false,"template":"","format":"standard","meta":{"_exactmetrics_skip_tracking":false,"_exactmetrics_sitenote_active":false,"_exactmetrics_sitenote_note":"","_exactmetrics_sitenote_category":0,"jnews-multi-image_gallery":[],"jnews_single_post":{"subtitle":"La vicedecana de la Facultad, la compa\u00f1era Jashele Burijovich destac\u00f3 la amplia participaci\u00f3n de entre 35 y 40 compa\u00f1eros y compa\u00f1eras que asumieron con responsabilidad esta etapa formativa y explic\u00f3 que \"las\/os profesores expusieron distintas claves para entender la Argentina actual. Su primera clave es el proceso de \u00a0impugnaci\u00f3n del sector p\u00fablico que tiene el gobierno actual con la aplicaci\u00f3n de las llamadas 'reformas de primera generaci\u00f3n': ajustes, privatizaciones, despidos. A partir de ah\u00ed tratamos de entender c\u00f3mo es la brecha existente entre lo que el Estado promete y lo que realmente cumple seg\u00fan la experiencia de la ciudadan\u00eda, como parte de la explicaci\u00f3n sobre por qu\u00e9 asumi\u00f3 un gobierno que desprecia el Estado\".","format":"standard","video":"","gallery":"","source_name":"","source_url":"","via_name":"","via_url":"","override_template":"0","override":[{"template":"1","single_blog_custom":"","parallax":"1","fullscreen":"1","layout":"no-sidebar-narrow","sidebar":"default-sidebar","second_sidebar":"default-sidebar","sticky_sidebar":"1","share_position":"bottom","share_float_style":"share-monocrhome","show_share_counter":"1","show_view_counter":"1","show_featured":"0","show_post_meta":"1","show_post_author":"0","show_post_author_image":"1","show_post_date":"1","post_date_format":"default","post_date_format_custom":"Y\/m\/d","show_post_category":"1","show_post_reading_time":"0","post_reading_time_wpm":"300","show_zoom_button":"0","zoom_button_out_step":"2","zoom_button_in_step":"3","show_post_tag":"1","show_prev_next_post":"0","show_popup_post":"0","number_popup_post":"1","show_author_box":"0","show_post_related":"1","show_inline_post_related":"0"}],"override_image_size":"0","image_override":[{"single_post_thumbnail_size":"crop-500","single_post_gallery_size":"crop-500"}],"trending_post":"0","trending_post_position":"meta","trending_post_label":"Trending","sponsored_post":"0","sponsored_post_label":"Sponsored by","sponsored_post_name":"","sponsored_post_url":"","sponsored_post_logo_enable":"0","sponsored_post_logo":"","sponsored_post_desc":"","disable_ad":"0"},"jnews_primary_category":{"id":"","hide":""},"jnews_social_meta":{"fb_title":"","fb_description":"","fb_image":"","twitter_title":"","twitter_description":"","twitter_image":""},"jnews_review":[],"enable_review":"0","type":"percentage","name":"","summary":"","brand":"","sku":"","good":[{"good_text":""}],"bad":[{"bad_text":""}],"score_override":"0","override_value":"","rating":[{"rating_text":"","rating_number":"10"}],"price":[{"shop":"","price":"","link":"","icon":""}],"jnews_override_counter":{"override_view_counter":"1","view_counter_number":"0","override_share_counter":"0","share_counter_number":"0","override_like_counter":"0","like_counter_number":"0","override_dislike_counter":"0","dislike_counter_number":"0"},"jnews_post_split":{"enable_post_split":"0","post_split":[{"template":"1","tag":"h2","numbering":"asc","mode":"normal","first":"0","enable_toc":"0","toc_type":"normal"}]},"footnotes":""},"categories":[88],"tags":[],"class_list":["post-43646","post","type-post","status-publish","format-standard","has-post-thumbnail","hentry","category-formacion"],"jetpack_featured_media_url":"https:\/\/atecordoba.org\/wp-content\/uploads\/2024\/05\/cs-sociales-e1716989412992.jpg","_links":{"self":[{"href":"https:\/\/atecordoba.org\/index.php?rest_route=\/wp\/v2\/posts\/43646","targetHints":{"allow":["GET"]}}],"collection":[{"href":"https:\/\/atecordoba.org\/index.php?rest_route=\/wp\/v2\/posts"}],"about":[{"href":"https:\/\/atecordoba.org\/index.php?rest_route=\/wp\/v2\/types\/post"}],"author":[{"embeddable":true,"href":"https:\/\/atecordoba.org\/index.php?rest_route=\/wp\/v2\/users\/7"}],"replies":[{"embeddable":true,"href":"https:\/\/atecordoba.org\/index.php?rest_route=%2Fwp%2Fv2%2Fcomments&post=43646"}],"version-history":[{"count":4,"href":"https:\/\/atecordoba.org\/index.php?rest_route=\/wp\/v2\/posts\/43646\/revisions"}],"predecessor-version":[{"id":43662,"href":"https:\/\/atecordoba.org\/index.php?rest_route=\/wp\/v2\/posts\/43646\/revisions\/43662"}],"wp:featuredmedia":[{"embeddable":true,"href":"https:\/\/atecordoba.org\/index.php?rest_route=\/wp\/v2\/media\/43660"}],"wp:attachment":[{"href":"https:\/\/atecordoba.org\/index.php?rest_route=%2Fwp%2Fv2%2Fmedia&parent=43646"}],"wp:term":[{"taxonomy":"category","embeddable":true,"href":"https:\/\/atecordoba.org\/index.php?rest_route=%2Fwp%2Fv2%2Fcategories&post=43646"},{"taxonomy":"post_tag","embeddable":true,"href":"https:\/\/atecordoba.org\/index.php?rest_route=%2Fwp%2Fv2%2Ftags&post=43646"}],"curies":[{"name":"wp","href":"https:\/\/api.w.org\/{rel}","templated":true}]}}