{"id":43578,"date":"2024-05-24T12:36:52","date_gmt":"2024-05-24T15:36:52","guid":{"rendered":"https:\/\/atecordoba.org\/?p=43578"},"modified":"2024-05-24T13:04:50","modified_gmt":"2024-05-24T16:04:50","slug":"ajuste-ate-abordo-con-la-subsecretaria-de-municipios-de-cordoba-el-retiro-del-estado-nacional-de-la-provincia","status":"publish","type":"post","link":"https:\/\/atecordoba.org\/?p=43578","title":{"rendered":"Ajuste: ATE abord\u00f3 con la Subsecretar\u00eda de Municipios de C\u00f3rdoba el retiro del Estado Nacional de la provincia"},"content":{"rendered":"<div class=\"wp-block-image\">\n<figure class=\"aligncenter size-large is-resized\"><img loading=\"lazy\" decoding=\"async\" width=\"576\" height=\"1024\" src=\"https:\/\/atecordoba.org\/wp-content\/uploads\/2024\/05\/agnone-576x1024.jpg\" alt=\"\" class=\"wp-image-43579\" style=\"width:600px\" srcset=\"https:\/\/atecordoba.org\/wp-content\/uploads\/2024\/05\/agnone-576x1024.jpg 576w, https:\/\/atecordoba.org\/wp-content\/uploads\/2024\/05\/agnone-169x300.jpg 169w, https:\/\/atecordoba.org\/wp-content\/uploads\/2024\/05\/agnone.jpg 720w\" sizes=\"auto, (max-width: 576px) 100vw, 576px\" \/><\/figure>\n<\/div>\n\n\n<p>ATE mantuvo una audiencia con el subsecretario de Municipios de la Provincia, Natalio Graglia, a los fines de abordar el impacto del retroceso del Estado nacional del territorio cordob\u00e9s, a partir del cierre y vaciamiento de oficinas de diversos organismos nacionales, el despidos de trabajadoras y trabajadores y el consiguiente aumento de la demanda que va a recaer sobre los municipios, como primer ventanilla de atenci\u00f3n de la demanda de la poblaci\u00f3n.<\/p>\n\n\n\n<p>La titular de la Secretar\u00eda de Acci\u00f3n Pol\u00edtica del Consejo Directivo Provincial, Alejandra Agnone, estuvo acompa\u00f1ada en la oportunidad por la delegada de ATE ANSES, Estefan\u00eda Carranza.<\/p>\n\n\n\n<p>\u201cAbordamos la problem\u00e1tica que atravesamos los estatales, los ca\u00eddas de contratos, el cierre de oficinas p\u00fablicas, y c\u00f3mo va a afectar en la poblaci\u00f3n cordobesa este retiro del Estado\u201d, explic\u00f3 Agnone.<\/p>\n\n\n\n<p>Esta situaci\u00f3n impacta tambi\u00e9n en las econom\u00edas regionales debido a que la centralizaci\u00f3n la atenci\u00f3n en la Capital Federal entorpece el acceso a los servicios.<\/p>\n\n\n\n<p>\u201cEsto golpea tanto a los municipios y comunas que integran las comunidades regionales. Es necesario un debate en serio del da\u00f1o que provoca a los habitantes del interior el desmembramiento de las oficinas que deben funcionar en los territorios de organismos como ANDIS, ANSES, CdR, PAMI, SENAF, SENASA, Parques Nacionales, que son los organismos encargado de hacer efectivos derechos humanos como salud, integraci\u00f3n, seguridad social, entre otros\u201d, agreg\u00f3 la dirigente.<\/p>\n\n\n<div class=\"wp-block-image\">\n<figure class=\"aligncenter size-large is-resized\"><img loading=\"lazy\" decoding=\"async\" width=\"576\" height=\"1024\" src=\"https:\/\/atecordoba.org\/wp-content\/uploads\/2024\/05\/agnone2-576x1024.jpg\" alt=\"\" class=\"wp-image-43580\" style=\"width:600px\" srcset=\"https:\/\/atecordoba.org\/wp-content\/uploads\/2024\/05\/agnone2-576x1024.jpg 576w, https:\/\/atecordoba.org\/wp-content\/uploads\/2024\/05\/agnone2-169x300.jpg 169w, https:\/\/atecordoba.org\/wp-content\/uploads\/2024\/05\/agnone2.jpg 720w\" sizes=\"auto, (max-width: 576px) 100vw, 576px\" \/><\/figure>\n<\/div>\n\n\n<p>ATE traslad\u00f3 al funcionario la necesidad de mantener la presencia de las pol\u00edticas p\u00fablicas en el territorio provincial. \u201cEs de suma importancia, a partir del criterio de federalismo que implica la presencia territorial, debido a las largar distancias y en pos de garantizar la llegada de las pol\u00edticas p\u00fablicas a cada uno de los habitantes\u201d.<\/p>\n\n\n\n<p>En tal sentido, la comitiva estatal solicit\u00f3 a Graglia que se eleve el planteo a municipios y comunas para que se expidan, al igual que las comunidades regionales, y sus concejos deliberantes sobre el recorte, al tiempo que se haga extensivo a los representantes departamentales en la Legislatura.<\/p>\n\n\n\n<p>\u201cEstas pol\u00edticas p\u00fablicas nacionales son un ataque directo al federalismo en su aspecto m\u00e1s genuino. Un federalismo que nuestra provincia defendi\u00f3 siempre de manera irrenunciable, atento que las provincias que son preexistentes a la Naci\u00f3n y su posterior organizaci\u00f3n municipal\u201d, dijo Agnone al terminar la audiencia.<\/p>\n\n\n\n<p>\u201cPlanteamos que el ajuste de Milei afecta el plan de contingencia de provincia y municipios ante el aumento de la demanda. No se puede pactar un retroceso en materia de derechos, de desguace de organismos p\u00fablicos nacionales que garantizan el acceso libre y real a las pol\u00edticas p\u00fablicas en cada rinc\u00f3n de la provincia, que los estados municipales est\u00e1n obligados a defender\u201d, complet\u00f3.<\/p>\n","protected":false},"excerpt":{"rendered":"<p>ATE mantuvo una audiencia con el subsecretario de Municipios de la Provincia, Natalio Graglia, a los fines de abordar el impacto del retroceso del Estado nacional del territorio cordob\u00e9s, a partir del cierre y vaciamiento de oficinas de diversos organismos nacionales, el despidos de trabajadoras y trabajadores y el consiguiente aumento de la demanda que [&hellip;]<\/p>\n","protected":false},"author":7,"featured_media":43583,"comment_status":"open","ping_status":"open","sticky":false,"template":"","format":"standard","meta":{"_exactmetrics_skip_tracking":false,"_exactmetrics_sitenote_active":false,"_exactmetrics_sitenote_note":"","_exactmetrics_sitenote_category":0,"jnews-multi-image_gallery":[],"jnews_single_post":{"subtitle":"ATE traslad\u00f3 al Gobierno provincial la necesidad de mantener la presencia de las pol\u00edticas p\u00fablicas en el territorio provincial. \u201cEs de suma importancia, a partir del criterio de federalismo que implica la presencia territorial, debido a las largar distancias y en pos de garantizar la llegada de las pol\u00edticas p\u00fablicas a cada uno de los habitantes\u201d, explic\u00f3 la secretaria de Acci\u00f3n Pol\u00edtica, Alejandra Agnone.","format":"standard","video":"","gallery":"","source_name":"","source_url":"","via_name":"","via_url":"","override_template":"0","override":[{"template":"1","single_blog_custom":"","parallax":"1","fullscreen":"1","layout":"no-sidebar-narrow","sidebar":"default-sidebar","second_sidebar":"default-sidebar","sticky_sidebar":"1","share_position":"bottom","share_float_style":"share-monocrhome","show_share_counter":"1","show_view_counter":"1","show_featured":"0","show_post_meta":"1","show_post_author":"0","show_post_author_image":"1","show_post_date":"1","post_date_format":"default","post_date_format_custom":"Y\/m\/d","show_post_category":"1","show_post_reading_time":"0","post_reading_time_wpm":"300","show_zoom_button":"0","zoom_button_out_step":"2","zoom_button_in_step":"3","show_post_tag":"1","show_prev_next_post":"0","show_popup_post":"0","number_popup_post":"1","show_author_box":"0","show_post_related":"1","show_inline_post_related":"0"}],"override_image_size":"0","image_override":[{"single_post_thumbnail_size":"crop-500","single_post_gallery_size":"crop-500"}],"trending_post":"0","trending_post_position":"meta","trending_post_label":"Trending","sponsored_post":"0","sponsored_post_label":"Sponsored by","sponsored_post_name":"","sponsored_post_url":"","sponsored_post_logo_enable":"0","sponsored_post_logo":"","sponsored_post_desc":"","disable_ad":"0"},"jnews_primary_category":{"id":"","hide":""},"jnews_social_meta":{"fb_title":"","fb_description":"","fb_image":"","twitter_title":"","twitter_description":"","twitter_image":""},"jnews_review":[],"enable_review":"0","type":"percentage","name":"","summary":"","brand":"","sku":"","good":[{"good_text":""}],"bad":[{"bad_text":""}],"score_override":"0","override_value":"","rating":[{"rating_text":"","rating_number":"10"}],"price":[{"shop":"","price":"","link":"","icon":""}],"jnews_override_counter":{"override_view_counter":"0","view_counter_number":"0","override_share_counter":"0","share_counter_number":"0","override_like_counter":"0","like_counter_number":"0","override_dislike_counter":"0","dislike_counter_number":"0"},"jnews_post_split":{"enable_post_split":"0","post_split":[{"template":"1","tag":"h2","numbering":"asc","mode":"normal","first":"0","enable_toc":"0","toc_type":"normal"}]},"footnotes":""},"categories":[10,20],"tags":[],"class_list":["post-43578","post","type-post","status-publish","format-standard","has-post-thumbnail","hentry","category-accion-politica","category-municipales"],"jetpack_featured_media_url":"https:\/\/atecordoba.org\/wp-content\/uploads\/2024\/05\/port-1.jpg","_links":{"self":[{"href":"https:\/\/atecordoba.org\/index.php?rest_route=\/wp\/v2\/posts\/43578","targetHints":{"allow":["GET"]}}],"collection":[{"href":"https:\/\/atecordoba.org\/index.php?rest_route=\/wp\/v2\/posts"}],"about":[{"href":"https:\/\/atecordoba.org\/index.php?rest_route=\/wp\/v2\/types\/post"}],"author":[{"embeddable":true,"href":"https:\/\/atecordoba.org\/index.php?rest_route=\/wp\/v2\/users\/7"}],"replies":[{"embeddable":true,"href":"https:\/\/atecordoba.org\/index.php?rest_route=%2Fwp%2Fv2%2Fcomments&post=43578"}],"version-history":[{"count":2,"href":"https:\/\/atecordoba.org\/index.php?rest_route=\/wp\/v2\/posts\/43578\/revisions"}],"predecessor-version":[{"id":43584,"href":"https:\/\/atecordoba.org\/index.php?rest_route=\/wp\/v2\/posts\/43578\/revisions\/43584"}],"wp:featuredmedia":[{"embeddable":true,"href":"https:\/\/atecordoba.org\/index.php?rest_route=\/wp\/v2\/media\/43583"}],"wp:attachment":[{"href":"https:\/\/atecordoba.org\/index.php?rest_route=%2Fwp%2Fv2%2Fmedia&parent=43578"}],"wp:term":[{"taxonomy":"category","embeddable":true,"href":"https:\/\/atecordoba.org\/index.php?rest_route=%2Fwp%2Fv2%2Fcategories&post=43578"},{"taxonomy":"post_tag","embeddable":true,"href":"https:\/\/atecordoba.org\/index.php?rest_route=%2Fwp%2Fv2%2Ftags&post=43578"}],"curies":[{"name":"wp","href":"https:\/\/api.w.org\/{rel}","templated":true}]}}