{"id":43574,"date":"2024-05-24T10:48:40","date_gmt":"2024-05-24T13:48:40","guid":{"rendered":"https:\/\/atecordoba.org\/?p=43574"},"modified":"2024-05-24T10:48:41","modified_gmt":"2024-05-24T13:48:41","slug":"federico-giuliani-misiones-demuestra-que-si-los-dirigentes-no-estan-en-la-calle-la-gente-va-a-salir-igual","status":"publish","type":"post","link":"https:\/\/atecordoba.org\/?p=43574","title":{"rendered":"Federico Giuliani: \u201cMisiones demuestra que si los dirigentes no est\u00e1n en la calle la gente va a salir igual\u201d"},"content":{"rendered":"<div class=\"wp-block-image\">\n<figure class=\"aligncenter size-large is-resized\"><img loading=\"lazy\" decoding=\"async\" width=\"1024\" height=\"578\" src=\"https:\/\/atecordoba.org\/wp-content\/uploads\/2024\/05\/IMG-20240520-WA0022-1-1024x578.jpg\" alt=\"\" class=\"wp-image-43518\" style=\"width:600px\" \/><\/figure>\n<\/div>\n\n\n<p><sup>(fuente: datagremial.com)<\/sup><\/p>\n\n\n\n<p>A una semana de que las y los trabajadores estatales de la provincia de Misiones protestan contra los bajos salarios, se profundiza la conflictividad social. El&nbsp;<a href=\"https:\/\/www.datagremial.com\/informacion-general\/reclamaron-el-sobreseimiento-de-federico-giuliani-por-inexistencia-de-delito-y-pidieron-que-investiguen-al-fiscal-y-los-jueces-intervinientes--20245811280\" target=\"_blank\" rel=\"noreferrer noopener\">secretario General de la CTA Aut\u00f3noma seccional C\u00f3rdoba, Federico Giuliani<\/a>, se refiri\u00f3 al plan de lucha popular que se est\u00e1 gestando en las calles contra las pol\u00edticas del gobierno nacional, y se\u00f1al\u00f3:&nbsp;<em>\u201cbuscamos unir caminos con la CGT, la CTA Aut\u00f3noma y el bloque piquetero. Debemos construir sentido de clase trabajadora\u201d<\/em>.<\/p>\n\n\n<div class=\"wp-block-image\">\n<figure class=\"alignright size-large is-resized\"><img loading=\"lazy\" decoding=\"async\" width=\"578\" height=\"1024\" src=\"https:\/\/atecordoba.org\/wp-content\/uploads\/2024\/05\/IMG-20240516-WA0034-578x1024.jpg\" alt=\"\" class=\"wp-image-43452\" style=\"width:400px\" srcset=\"https:\/\/atecordoba.org\/wp-content\/uploads\/2024\/05\/IMG-20240516-WA0034-578x1024.jpg 578w, https:\/\/atecordoba.org\/wp-content\/uploads\/2024\/05\/IMG-20240516-WA0034-169x300.jpg 169w, https:\/\/atecordoba.org\/wp-content\/uploads\/2024\/05\/IMG-20240516-WA0034-768x1360.jpg 768w, https:\/\/atecordoba.org\/wp-content\/uploads\/2024\/05\/IMG-20240516-WA0034-867x1536.jpg 867w, https:\/\/atecordoba.org\/wp-content\/uploads\/2024\/05\/IMG-20240516-WA0034-1156x2048.jpg 1156w, https:\/\/atecordoba.org\/wp-content\/uploads\/2024\/05\/IMG-20240516-WA0034-750x1329.jpg 750w, https:\/\/atecordoba.org\/wp-content\/uploads\/2024\/05\/IMG-20240516-WA0034-1140x2019.jpg 1140w, https:\/\/atecordoba.org\/wp-content\/uploads\/2024\/05\/IMG-20240516-WA0034-scaled.jpg 1445w\" sizes=\"auto, (max-width: 578px) 100vw, 578px\" \/><\/figure>\n<\/div>\n\n\n<p>En ese marco, el dirigente sindical destac\u00f3:&nbsp;<em>\u201cMisiones demuestra que si los dirigentes no est\u00e1n en la calle la gente va a salir igual\u201d<\/em>. As\u00ed se refiri\u00f3 a la protesta que se inici\u00f3 por parte de polic\u00edas retirados, y se volvi\u00f3 una rebeli\u00f3n a la que se sumaron estatales, docentes y el personal de la salud.<\/p>\n\n\n\n<p>En di\u00e1logo con AM 530, el tambi\u00e9n secretario General de ATE C\u00f3rdoba coment\u00f3 lo que sucede en dicha provincia serrana con el descontento popular ante las medidas del presidente ultraderechista:\u00a0<em>\u201cEn la provincia, ocho de cada diez personas lo votaron. Sin embargo, muchos sectores que antes hab\u00edan apoyado a Milei, ahora est\u00e1n reprobando este gobierno\u201d<\/em>, sentenci\u00f3.<\/p>\n\n\n\n<p><strong>Milei en C\u00f3rdoba, sin Ley Bases<\/strong><\/p>\n\n\n\n<p>Vale mencionar que el pr\u00f3ximo s\u00e1bado 25 de mayo el presidente Javier Milei se har\u00e1 presente en la provincia de C\u00f3rdoba, sin poder firmar el Pacto de Mayo como tanto anunciaba. Para ello, el Ejecutivo nacional deb\u00eda conseguir los votos necesarios para aprobar la Ley de Bases en el Senado, y a\u00fan no lo ha logrado.<\/p>\n\n\n\n<p>Giuliani abord\u00f3 la cuesti\u00f3n del proyecto de Ley Bases y destac\u00f3 la importancia de la manifestaci\u00f3n social en la v\u00eda p\u00fablica:&nbsp;<em>\u201cLa Ley Bases se empantan\u00f3 por la movilizaci\u00f3n popular y el Pacto de Mayo se paus\u00f3 por la crisis social\u201d<\/em>, sostuvo.<\/p>\n\n\n\n<p>El pasado lunes 20, ATE C\u00f3rdoba junto al gremio docente UEPC Capital se moviliz\u00f3 hacia la legislatura junto a cuatro a\u00f1os de la aprobaci\u00f3n de la Ley 10.694, una reforma previsional que afect\u00f3 directamente a las y los jubilados beneficiarios de la Caja de Jubilaciones de la Provincia.<\/p>\n\n\n\n<p>Durante esa jornada de lucha,\u00a0<a href=\"https:\/\/www.datagremial.com\/informacion-general\/ate-cordoba-se-movilizo-a-la-legislatura-y-convoco-a-bloquear-la-llegada-de-javier-milei-a-la-provincia-2024521800\" target=\"_blank\" rel=\"noreferrer noopener\">Giuliani areng\u00f3 a las y los trabajadores presentes:\u00a0<em>\u201cTenemos que calentar motores<\/em><\/a><em>, porque si viene Milei el s\u00e1bado las y los estatales vamos a declararlo persona no grata. Vamos a bloquear el aeropuerto, vamos a cortar la ruta y vamos a construir un <strong>Contrapacto<\/strong> que volte\u00e9 la Ley de Bases y que termine de fulminar el DNU hasta que se vaya Javier Milei\u201d<\/em>.<\/p>\n\n\n\n<p><strong>Rebeli\u00f3n en Misiones<\/strong><\/p>\n\n\n\n<p>Ante la&nbsp;<a href=\"https:\/\/www.datagremial.com\/informacion-general\/rebelion-estatal-en-misiones-trabajadores-de-la-salud-se-suman-a-los-reclamos-y-crece-la-tension-202452217560\" target=\"_blank\" rel=\"noreferrer noopener\">creciente movilizaci\u00f3n en Misiones<\/a>, este jueves por la noche hubo represi\u00f3n por parte de Gendarmer\u00eda, y la respuesta del gobierno de Hugo Passalacqua a los reclamos salariales&nbsp;<em>\u201cexacerb\u00f3 a\u00fan m\u00e1s los \u00e1nimos\u201d<\/em>&nbsp;de los trabajadores de la Salud de la provincia, quienes iniciaron un paro de actividades, y no descartan realizar un acampe frente al ministerio provincial.<\/p>\n\n\n\n<p><em>\u201cDesde el 18 de abril venimos reclamando una recomposici\u00f3n salarial con medidas de acci\u00f3n directa, ante una p\u00e9rdida en estos siete meses que aplast\u00f3 nuestro ingreso\u201d<\/em>, afirm\u00f3 Jorge Duarte, dirigente de la CTA Aut\u00f3noma de Misiones. A la vez que detall\u00f3:&nbsp;<em>\u201cpara la menor categor\u00eda en el sector de la salud, se perciben 373 mil pesos; en el caso de un m\u00e9dico, 450 mil pesos; y un enfermero, 440 mil&nbsp;pesos\u201d<\/em>.<\/p>\n\n\n\n<p>Para finalizar, el secretario de Formaci\u00f3n de la central obrera misionera grafic\u00f3 que&nbsp;<em>\u201ctodo esto exacerb\u00f3 el \u00e1nimo en toda la provincia, porque hay que trabajar doble turno, o en el sector privado, o vender cosas para llegar a fin de mes; estamos frente al s\u00edndrome de la heladera vac\u00eda. Compramos todas las semanas alitas de pollo, que es el corte m\u00e1s barato, para subsistir\u201d.<\/em><\/p>\n","protected":false},"excerpt":{"rendered":"<p>(fuente: datagremial.com) A una semana de que las y los trabajadores estatales de la provincia de Misiones protestan contra los bajos salarios, se profundiza la conflictividad social. El&nbsp;secretario General de la CTA Aut\u00f3noma seccional C\u00f3rdoba, Federico Giuliani, se refiri\u00f3 al plan de lucha popular que se est\u00e1 gestando en las calles contra las pol\u00edticas del [&hellip;]<\/p>\n","protected":false},"author":7,"featured_media":43518,"comment_status":"open","ping_status":"open","sticky":false,"template":"","format":"standard","meta":{"_exactmetrics_skip_tracking":false,"_exactmetrics_sitenote_active":false,"_exactmetrics_sitenote_note":"","_exactmetrics_sitenote_category":0,"jnews-multi-image_gallery":[],"jnews_single_post":{"subtitle":"El secretario General de ATE y la CTAA C\u00f3rdoba abord\u00f3 la cuesti\u00f3n del proyecto de Ley Bases y destac\u00f3 la importancia de la manifestaci\u00f3n social en la v\u00eda p\u00fablica:\u00a0\u201cLa Ley Bases se empantan\u00f3 por la movilizaci\u00f3n popular y el Pacto de Mayo se paus\u00f3 por la crisis social\u201d, sostuvo.","format":"standard","video":"","gallery":"","source_name":"","source_url":"","via_name":"","via_url":"","override_template":"0","override":[{"template":"1","single_blog_custom":"","parallax":"1","fullscreen":"1","layout":"no-sidebar-narrow","sidebar":"default-sidebar","second_sidebar":"default-sidebar","sticky_sidebar":"1","share_position":"bottom","share_float_style":"share-monocrhome","show_share_counter":"1","show_view_counter":"1","show_featured":"0","show_post_meta":"1","show_post_author":"0","show_post_author_image":"1","show_post_date":"1","post_date_format":"default","post_date_format_custom":"Y\/m\/d","show_post_category":"1","show_post_reading_time":"0","post_reading_time_wpm":"300","show_zoom_button":"0","zoom_button_out_step":"2","zoom_button_in_step":"3","show_post_tag":"1","show_prev_next_post":"0","show_popup_post":"0","number_popup_post":"1","show_author_box":"0","show_post_related":"1","show_inline_post_related":"0"}],"override_image_size":"0","image_override":[{"single_post_thumbnail_size":"crop-500","single_post_gallery_size":"crop-500"}],"trending_post":"0","trending_post_position":"meta","trending_post_label":"Trending","sponsored_post":"0","sponsored_post_label":"Sponsored by","sponsored_post_name":"","sponsored_post_url":"","sponsored_post_logo_enable":"0","sponsored_post_logo":"","sponsored_post_desc":"","disable_ad":"0"},"jnews_primary_category":{"id":"","hide":""},"jnews_social_meta":{"fb_title":"","fb_description":"","fb_image":"","twitter_title":"","twitter_description":"","twitter_image":""},"jnews_review":[],"enable_review":"0","type":"percentage","name":"","summary":"","brand":"","sku":"","good":[{"good_text":""}],"bad":[{"bad_text":""}],"score_override":"0","override_value":"","rating":[{"rating_text":"","rating_number":"10"}],"price":[{"shop":"","price":"","link":"","icon":""}],"jnews_override_counter":{"override_view_counter":"0","view_counter_number":"0","override_share_counter":"0","share_counter_number":"0","override_like_counter":"0","like_counter_number":"0","override_dislike_counter":"0","dislike_counter_number":"0"},"jnews_post_split":{"enable_post_split":"0","post_split":[{"template":"1","tag":"h2","numbering":"asc","mode":"normal","first":"0","enable_toc":"0","toc_type":"normal"}]},"footnotes":""},"categories":[10],"tags":[],"class_list":["post-43574","post","type-post","status-publish","format-standard","has-post-thumbnail","hentry","category-accion-politica"],"jetpack_featured_media_url":"https:\/\/atecordoba.org\/wp-content\/uploads\/2024\/05\/IMG-20240520-WA0022-1-scaled-e1716227097345.jpg","_links":{"self":[{"href":"https:\/\/atecordoba.org\/index.php?rest_route=\/wp\/v2\/posts\/43574","targetHints":{"allow":["GET"]}}],"collection":[{"href":"https:\/\/atecordoba.org\/index.php?rest_route=\/wp\/v2\/posts"}],"about":[{"href":"https:\/\/atecordoba.org\/index.php?rest_route=\/wp\/v2\/types\/post"}],"author":[{"embeddable":true,"href":"https:\/\/atecordoba.org\/index.php?rest_route=\/wp\/v2\/users\/7"}],"replies":[{"embeddable":true,"href":"https:\/\/atecordoba.org\/index.php?rest_route=%2Fwp%2Fv2%2Fcomments&post=43574"}],"version-history":[{"count":1,"href":"https:\/\/atecordoba.org\/index.php?rest_route=\/wp\/v2\/posts\/43574\/revisions"}],"predecessor-version":[{"id":43575,"href":"https:\/\/atecordoba.org\/index.php?rest_route=\/wp\/v2\/posts\/43574\/revisions\/43575"}],"wp:featuredmedia":[{"embeddable":true,"href":"https:\/\/atecordoba.org\/index.php?rest_route=\/wp\/v2\/media\/43518"}],"wp:attachment":[{"href":"https:\/\/atecordoba.org\/index.php?rest_route=%2Fwp%2Fv2%2Fmedia&parent=43574"}],"wp:term":[{"taxonomy":"category","embeddable":true,"href":"https:\/\/atecordoba.org\/index.php?rest_route=%2Fwp%2Fv2%2Fcategories&post=43574"},{"taxonomy":"post_tag","embeddable":true,"href":"https:\/\/atecordoba.org\/index.php?rest_route=%2Fwp%2Fv2%2Ftags&post=43574"}],"curies":[{"name":"wp","href":"https:\/\/api.w.org\/{rel}","templated":true}]}}