{"id":43554,"date":"2024-05-23T12:16:24","date_gmt":"2024-05-23T15:16:24","guid":{"rendered":"https:\/\/atecordoba.org\/?p=43554"},"modified":"2024-05-23T12:19:31","modified_gmt":"2024-05-23T15:19:31","slug":"la-legislatura-rechazo-por-unanimidad-la-privatizacion-de-radio-nacional-cordoba","status":"publish","type":"post","link":"https:\/\/atecordoba.org\/?p=43554","title":{"rendered":"La Legislatura rechaz\u00f3 por unanimidad la privatizaci\u00f3n de Radio Nacional C\u00f3rdoba"},"content":{"rendered":"<div class=\"wp-block-image\">\n<figure class=\"aligncenter size-full is-resized\"><img decoding=\"async\" src=\"https:\/\/atecordoba.org\/wp-content\/uploads\/2024\/05\/recinto-legislatura.jpg\" alt=\"\" class=\"wp-image-43555\" style=\"width:600px\" \/><\/figure>\n<\/div>\n\n\n<p>Ayer mi\u00e9rcoles 22 de mayo la Legislatura de C\u00f3rdoba manifest\u00f3 su &#8220;preocupaci\u00f3n por la grave situaci\u00f3n e incertidumbre por la que atraviesan los medios de comunicaci\u00f3n p\u00fablicos de la Provincia y de la Naci\u00f3n&#8221;. El texto aprobado por unanimidad rechaza &#8220;la posible privatizaci\u00f3n de Radio Nacional C\u00f3rdoba, entendiendo su valor fundamental y estrat\u00e9gico desde el punto de vista federal y democr\u00e1tico&#8221;, notific\u00f3 la resoluci\u00f3n firmada por la vicegobernadora de C\u00f2rdoba, Myriam Prunotto.<\/p>\n\n\n\n<p>La Legislatura ya hab\u00eda expresado su <a href=\"https:\/\/atecordoba.org\/?p=42952\">preocupaci\u00f3n por los despidos en los organismos nacionales en la provincia<\/a>, el vaciamiento de las pol\u00edticas p\u00fablicas de dichos organismos y el cierre de oficinas.<\/p>\n\n\n<div class=\"wp-block-image\">\n<figure class=\"aligncenter size-large is-resized\"><img loading=\"lazy\" decoding=\"async\" width=\"866\" height=\"1024\" src=\"https:\/\/atecordoba.org\/wp-content\/uploads\/2024\/05\/legisaltura-contra-privatizacion-de-radio-nacional-866x1024.jpg\" alt=\"\" class=\"wp-image-43556\" style=\"width:600px\" srcset=\"https:\/\/atecordoba.org\/wp-content\/uploads\/2024\/05\/legisaltura-contra-privatizacion-de-radio-nacional-866x1024.jpg 866w, https:\/\/atecordoba.org\/wp-content\/uploads\/2024\/05\/legisaltura-contra-privatizacion-de-radio-nacional-254x300.jpg 254w, https:\/\/atecordoba.org\/wp-content\/uploads\/2024\/05\/legisaltura-contra-privatizacion-de-radio-nacional-768x908.jpg 768w, https:\/\/atecordoba.org\/wp-content\/uploads\/2024\/05\/legisaltura-contra-privatizacion-de-radio-nacional-750x887.jpg 750w, https:\/\/atecordoba.org\/wp-content\/uploads\/2024\/05\/legisaltura-contra-privatizacion-de-radio-nacional.jpg 1080w\" sizes=\"auto, (max-width: 866px) 100vw, 866px\" \/><\/figure>\n<\/div>\n\n\n<p>Radio Nacional C\u00f3rdoba integra la red federal de 49 emisoras p\u00fablicas que opera Radio y Televisi\u00f3n Argentina S.E., una de las empresas \u201csujetas a privatizaci\u00f3n\u201d seg\u00fan el texto de la Ley Bases con media sanci\u00f3n de la C\u00e1mara de Diputados.<\/p>\n\n\n\n<p>La emisora cordobesa est\u00e1 al aire desde hace 67 a\u00f1os por la AM 750, y desde 2017 por la FM 100.1. Actualmente sus 52 trabajadores y trabajadoras sostiene una programaci\u00f3n local de m\u00e1s de 16 horas diarias.<\/p>\n\n\n\n<p>Una de las medidas preliminares que muestran el vaciamiento de los medios p\u00fablicos, con el consiguiente impacto en el funcionamiento de Nacional C\u00f3rdoba, es el <a href=\"https:\/\/atecordoba.org\/?p=43531\">cierre de las redes sociales<\/a> con que la emisora de calle Santa Rosa difunde el material period\u00edstico que generan sus trabajadores.<\/p>\n\n\n\n<p>As\u00ed, el gobierno nacional censura la mirada local de la cobertura sobre los hechos que suceden en la provincia, acentuando el centralismo en las medidas que adopta.<\/p>\n\n\n\n<p>ATE <a href=\"https:\/\/atecordoba.org\/?p=37144\">ejerce representaci\u00f3n <\/a>del personal de la radio, junto a otras organizaciones sindicales.<\/p>\n","protected":false},"excerpt":{"rendered":"<p>Ayer mi\u00e9rcoles 22 de mayo la Legislatura de C\u00f3rdoba manifest\u00f3 su &#8220;preocupaci\u00f3n por la grave situaci\u00f3n e incertidumbre por la que atraviesan los medios de comunicaci\u00f3n p\u00fablicos de la Provincia y de la Naci\u00f3n&#8221;. El texto aprobado por unanimidad rechaza &#8220;la posible privatizaci\u00f3n de Radio Nacional C\u00f3rdoba, entendiendo su valor fundamental y estrat\u00e9gico desde el [&hellip;]<\/p>\n","protected":false},"author":7,"featured_media":43555,"comment_status":"open","ping_status":"open","sticky":false,"template":"","format":"standard","meta":{"_exactmetrics_skip_tracking":false,"_exactmetrics_sitenote_active":false,"_exactmetrics_sitenote_note":"","_exactmetrics_sitenote_category":0,"jnews-multi-image_gallery":[],"jnews_single_post":{"subtitle":"La Unicameral entendi\u00f3 que la Radio P\u00fablica tiene \"un valor fundamental y estrat\u00e9gico desde el punto de vista federal y democr\u00e1tico\".","format":"standard","video":"","gallery":"","source_name":"","source_url":"","via_name":"","via_url":"","override_template":"0","override":[{"template":"1","single_blog_custom":"","parallax":"1","fullscreen":"1","layout":"no-sidebar-narrow","sidebar":"default-sidebar","second_sidebar":"default-sidebar","sticky_sidebar":"1","share_position":"bottom","share_float_style":"share-monocrhome","show_share_counter":"1","show_view_counter":"1","show_featured":"0","show_post_meta":"1","show_post_author":"0","show_post_author_image":"1","show_post_date":"1","post_date_format":"default","post_date_format_custom":"Y\/m\/d","show_post_category":"1","show_post_reading_time":"0","post_reading_time_wpm":"300","show_zoom_button":"0","zoom_button_out_step":"2","zoom_button_in_step":"3","show_post_tag":"1","show_prev_next_post":"0","show_popup_post":"0","number_popup_post":"1","show_author_box":"0","show_post_related":"1","show_inline_post_related":"0"}],"override_image_size":"0","image_override":[{"single_post_thumbnail_size":"crop-500","single_post_gallery_size":"crop-500"}],"trending_post":"0","trending_post_position":"meta","trending_post_label":"Trending","sponsored_post":"0","sponsored_post_label":"Sponsored by","sponsored_post_name":"","sponsored_post_url":"","sponsored_post_logo_enable":"0","sponsored_post_logo":"","sponsored_post_desc":"","disable_ad":"0"},"jnews_primary_category":{"id":"","hide":""},"jnews_social_meta":{"fb_title":"","fb_description":"","fb_image":"","twitter_title":"","twitter_description":"","twitter_image":""},"jnews_review":[],"enable_review":"0","type":"percentage","name":"","summary":"","brand":"","sku":"","good":[{"good_text":""}],"bad":[{"bad_text":""}],"score_override":"0","override_value":"","rating":[{"rating_text":"","rating_number":"10"}],"price":[{"shop":"","price":"","link":"","icon":""}],"jnews_override_counter":{"override_view_counter":"0","view_counter_number":"0","override_share_counter":"0","share_counter_number":"0","override_like_counter":"0","like_counter_number":"0","override_dislike_counter":"0","dislike_counter_number":"0"},"jnews_post_split":{"enable_post_split":"0","post_split":[{"template":"1","tag":"h2","numbering":"asc","mode":"normal","first":"0","enable_toc":"0","toc_type":"normal"}]},"footnotes":""},"categories":[18],"tags":[],"class_list":["post-43554","post","type-post","status-publish","format-standard","has-post-thumbnail","hentry","category-nacionales"],"jetpack_featured_media_url":"https:\/\/atecordoba.org\/wp-content\/uploads\/2024\/05\/recinto-legislatura-e1716477374983.jpg","_links":{"self":[{"href":"https:\/\/atecordoba.org\/index.php?rest_route=\/wp\/v2\/posts\/43554","targetHints":{"allow":["GET"]}}],"collection":[{"href":"https:\/\/atecordoba.org\/index.php?rest_route=\/wp\/v2\/posts"}],"about":[{"href":"https:\/\/atecordoba.org\/index.php?rest_route=\/wp\/v2\/types\/post"}],"author":[{"embeddable":true,"href":"https:\/\/atecordoba.org\/index.php?rest_route=\/wp\/v2\/users\/7"}],"replies":[{"embeddable":true,"href":"https:\/\/atecordoba.org\/index.php?rest_route=%2Fwp%2Fv2%2Fcomments&post=43554"}],"version-history":[{"count":2,"href":"https:\/\/atecordoba.org\/index.php?rest_route=\/wp\/v2\/posts\/43554\/revisions"}],"predecessor-version":[{"id":43559,"href":"https:\/\/atecordoba.org\/index.php?rest_route=\/wp\/v2\/posts\/43554\/revisions\/43559"}],"wp:featuredmedia":[{"embeddable":true,"href":"https:\/\/atecordoba.org\/index.php?rest_route=\/wp\/v2\/media\/43555"}],"wp:attachment":[{"href":"https:\/\/atecordoba.org\/index.php?rest_route=%2Fwp%2Fv2%2Fmedia&parent=43554"}],"wp:term":[{"taxonomy":"category","embeddable":true,"href":"https:\/\/atecordoba.org\/index.php?rest_route=%2Fwp%2Fv2%2Fcategories&post=43554"},{"taxonomy":"post_tag","embeddable":true,"href":"https:\/\/atecordoba.org\/index.php?rest_route=%2Fwp%2Fv2%2Ftags&post=43554"}],"curies":[{"name":"wp","href":"https:\/\/api.w.org\/{rel}","templated":true}]}}